{"id":1822206,"date":"2026-03-12T12:09:57","date_gmt":"2026-03-12T09:09:57","guid":{"rendered":"https:\/\/analyse.optim.biz\/?p=1822206"},"modified":"2026-03-12T12:09:57","modified_gmt":"2026-03-12T09:09:57","slug":"primaria-baia-anunta-reducerea-unor-taxe-si-impozite","status":"publish","type":"post","link":"https:\/\/analyse.optim.biz\/?p=1822206","title":{"rendered":"Prim\u0103ria Baia anun\u021b\u0103 reducerea unor taxe \u0219i impozite"},"content":{"rendered":"<p>[analyse_image type=&#8221;featured&#8221; src=&#8221;https:\/\/dobrogeanews.b-cdn.net\/wp-content\/uploads\/2025\/12\/liliana-marinescu-primar-baia.jpg&#8221;]<\/p>\n<div id=\"post-68994\" class=\"entry single-default post-68994 post type-post status-publish format-standard has-post-thumbnail hentry category-info\">\n<div>\n<div class=\"ss-follow-wrapper ss-clearfix ss-regular-buttons ss-columns-1 ss-default-style\">\n<div class=\"ss-follow-column\" data-ss-sf-network-id='\"facebook\"'><a href=\"https:\/\/www.facebook.com\/dobrogeanews\" class=\"ss-follow-network ss-facebook-color\" rel=\"nofollow noopener\" aria-label=\"facebook\" target=\"_blank\"><span class=\"ss-follow-network-label\">Urm\u0103re\u015fte-ne \u015fi pe Facebook!<\/span><span class=\"ss-follow-network-count\"><span class=\"ss-follow-network-count-number\">57K<\/span><span class=\"ss-follow-network-count-label\">Followers<\/span><\/span><\/a><\/div>\n<\/div>\n<\/div>\n<p>Prim\u0103ria Comunei Baia, jude\u021bul Tulcea, anun\u021b\u0103 reducerea unor taxe \u0219i impozite \u00een condi\u021biile \u00een care mul\u021bi dintre localnici se confrunt\u0103 cu probleme de s\u0103n\u0103tate sau sunt persoane cu dizabilit\u0103\u021bi \u0219i nu reu\u0219esc s\u0103-\u0219i mai pl\u0103teasc\u0103 taxele \u0219i impozitele locale.<\/p>\n<figure class=\"wp-block-image size-full is-resized\">\n<source type=\"image\/webp\" data-lazy-srcset=\"https:\/\/dobrogeanews.b-cdn.net\/wp-content\/uploads\/2025\/12\/liliana-marinescu-primar-baia.jpg.webp 2560w, https:\/\/dobrogeanews.b-cdn.net\/wp-content\/uploads\/2025\/12\/liliana-marinescu-primar-baia-300x246.jpg.webp 300w, https:\/\/dobrogeanews.b-cdn.net\/wp-content\/uploads\/2025\/12\/liliana-marinescu-primar-baia-1024x840.jpg.webp 1024w, https:\/\/dobrogeanews.b-cdn.net\/wp-content\/uploads\/2025\/12\/liliana-marinescu-primar-baia-768x630.jpg.webp 768w, https:\/\/dobrogeanews.b-cdn.net\/wp-content\/uploads\/2025\/12\/liliana-marinescu-primar-baia-1536x1260.jpg.webp 1536w, https:\/\/dobrogeanews.b-cdn.net\/wp-content\/uploads\/2025\/12\/liliana-marinescu-primar-baia-2048x1680.jpg.webp 2048w\" sizes=\"(max-width: 640px) 100vw, 640px\" \/><br \/>\n<img loading=\"lazy\" decoding=\"async\" src=\"https:\/\/dobrogeanews.b-cdn.net\/wp-content\/uploads\/2025\/12\/liliana-marinescu-primar-baia.jpg\" alt=\"Liliana Marinescu primar al Comunei Baia\" width=\"640\" height=\"525\"><\/figure>\n<p>\u201eEste vorba despre solidaritate, despre faptul c\u0103 sunt oameni care se confrunt\u0103 cu probleme de s\u0103n\u0103tate. \u00cen aceste condi\u021bii, persoanele cu handicap grav \u0219i persoanele cu handicap accentuat \u0219i reprezentan\u021bii legali ai acestora, pot beneficia de o facilitate important\u0103 care vine \u00een sprijinul lor, conform O.U.G. nr.9\/27.02.2026.<\/p>\n<p>Consider c\u0103 este datoria noastr\u0103 s\u0103 fim aten\u021bi la nevoile fiec\u0103rui locuitor \u0219i s\u0103 facem tot posibilul pentru a le u\u0219ura via\u021ba celor care au cea mai mare nevoie de ajutor.<\/p>\n<p>\u00cen continuare, v\u0103 prezint informa\u021biile necesare privind categoriile de persoane care pot beneficia de aceast\u0103 facilitate \u0219i pa\u0219ii care trebuie urma\u021bi pentru a o accesa.<\/p>\n<h3>M\u0102SURI ADOPTATE CONFORM O.U.G. nr.9\/27.02.2026<\/h3>\n<ul>\n<li>reducerea cu 50% a impozitului pentru cl\u0103direa de domiciliu in cazul persoanelor cu handicap grav \u0219i al reprezentan\u021bilor legali care au \u00een \u00eengrijire persoane cu handicap grav;<\/li>\n<\/ul>\n<ul>\n<li>reducerea cu 25% a impozitului pentru cl\u0103direa de domiciliu pentru persoanele cu handicap accentuat si reprezentan\u021bii legali ai acestora;<\/li>\n<\/ul>\n<ul>\n<li>aplicarea acelorasi cote de reducere pentru terenul aferent locuin\u021bei de domiciliu;<\/li>\n<\/ul>\n<ul>\n<li>reducerea cu 50%, sau 25% a impozitului pentru un singur mijloc de transport (sub 2000 cmc),\u00een func\u021bie de gradul de handicap.<\/li>\n<\/ul>\n<h3>DOCUMENTE NECESARE PENTRU ACORDAREA FACILIT\u0102\u021aILOR <\/h3>\n<ul>\n<li>cerere tip <\/li>\n<\/ul>\n<ul>\n<li>copie BI\/CI <\/li>\n<\/ul>\n<ul>\n<li>certificat de \u00eencadrare in grad de handicap. Reducerile se acord\u0103 pe baza documentelor valabile la data de 31.12.2025 \u0219i se aplic\u0103 pe perioada de valabilitate a certificatului \u00een grad de handicap.<\/li>\n<\/ul>\n<p>Pentru informa\u021bii suplimentare, cet\u0103\u021benii se pot adresa Compartimentului de taxe \u0219i impozite din cadrul Prim\u0103riei Baia. <\/p>\n<p>Continu\u0103m s\u0103 construim o administra\u021bie echilibrat\u0103, corect\u0103 si orientat\u0103 c\u0103tre oameni, strict \u00een limitele legale f\u0103r\u0103 a face din activitatea noastr\u0103 demagogie sau propagand\u0103 electoral\u0103. Acord\u0103m sprijin real comunit\u0103\u021bii locale \u0219i ne dezvolt\u0103m \u00een mod continuu\u201d <\/p>\n<p>a transmis Liliana Marinescu, Primarul Comunei Baia, Jude\u021bul Tulcea. <\/p>\n<div class=\"monsterinsights-inline-popular-posts monsterinsights-inline-popular-posts-charlie monsterinsights-popular-posts-styled\">\n<div class=\"monsterinsights-inline-popular-posts-text\"><span class=\"monsterinsights-inline-popular-posts-label\">Vezi \u0219i:<\/span><\/p>\n<div class=\"monsterinsights-inline-popular-posts-post\"><a class=\"monsterinsights-inline-popular-posts-title\" href=\"https:\/\/www.dobrogeanews.ro\/impozitul-pe-imobile-2026-in-municipiul-tulcea-pe-intelesul-tuturor-cine-benefiaza-de-reduceri-informatii-detaliate\/\">Impozitul pe imobile\/2026 \u00een Municipiul Tulcea, pe \u00een\u021belesul tuturor. Cine benefiaz\u0103 de reduceri. Informa\u021bii detaliate<\/a><\/div>\n<div class=\"monsterinsights-inline-popular-posts-post\"><a class=\"monsterinsights-inline-popular-posts-title\" href=\"https:\/\/www.dobrogeanews.ro\/dr-laurentiu-ivanof-fiti-atenti-la-taceri-la-retrageri-la-schimbari-subtile-uneori-cei-care-au-cea-mai-mare-nevoie-de-ajutor-sunt-cei-care-cer-cel-mai-putin\/\">Dr. Lauren\u021biu Ivanof: Fi\u021bi aten\u021bi la t\u0103ceri. La retrageri. La schimb\u0103ri subtile. Uneori, cei care au cea mai mare nevoie de ajutor sunt cei care cer cel mai pu\u021bin.<\/a><\/div>\n<div class=\"monsterinsights-inline-popular-posts-post\"><a class=\"monsterinsights-inline-popular-posts-title\" href=\"https:\/\/www.dobrogeanews.ro\/cine-este-fata-de-18-ani-care-s-a-sinucis-la-tulcea-soapte-intre-lumi\/\">Cine este fata de 18 ani care s-a sinucis la Tulcea. \u0218oapte \u00eentre lumi \u2026<\/a><\/div>\n<\/div>\n<\/div>\n<p class=\"has-text-align-center has-white-color has-text-color has-background\"><span><a href=\"https:\/\/news.google.com\/publications\/CAAqBwgKMIu5pgsw88O-Aw?ceid=RO:ro&amp;oc=3\">Urm\u0103ri\u0163i \u015etirile Dobrogeanews \u015fi pe Google News<\/a><\/span><\/p>\n<\/div>\n<div id=\"post-68994\" class=\"entry single-default post-68994 post type-post status-publish format-standard has-post-thumbnail hentry category-info\">\n<div>\n<div class=\"ss-follow-wrapper ss-clearfix ss-regular-buttons ss-columns-1 ss-default-style\">\n<div class=\"ss-follow-column\" data-ss-sf-network-id='\"facebook\"'><a href=\"https:\/\/www.facebook.com\/dobrogeanews\" class=\"ss-follow-network ss-facebook-color\" rel=\"nofollow noopener\" aria-label=\"facebook\" target=\"_blank\"><span class=\"ss-follow-network-label\">Urm\u0103re\u015fte-ne \u015fi pe Facebook!<\/span><span class=\"ss-follow-network-count\"><span class=\"ss-follow-network-count-number\">57K<\/span><span class=\"ss-follow-network-count-label\">Followers<\/span><\/span><\/a><\/div>\n<\/div>\n<\/div>\n<p>Prim\u0103ria Comunei Baia, jude\u021bul Tulcea, anun\u021b\u0103 reducerea unor taxe \u0219i impozite \u00een condi\u021biile \u00een care mul\u021bi dintre localnici se confrunt\u0103 cu probleme de s\u0103n\u0103tate sau sunt persoane cu dizabilit\u0103\u021bi \u0219i nu reu\u0219esc s\u0103-\u0219i mai pl\u0103teasc\u0103 taxele \u0219i impozitele locale.<\/p>\n<figure class=\"wp-block-image size-full is-resized\">\n<source type=\"image\/webp\" data-lazy-srcset=\"https:\/\/dobrogeanews.b-cdn.net\/wp-content\/uploads\/2025\/12\/liliana-marinescu-primar-baia.jpg.webp 2560w, https:\/\/dobrogeanews.b-cdn.net\/wp-content\/uploads\/2025\/12\/liliana-marinescu-primar-baia-300x246.jpg.webp 300w, https:\/\/dobrogeanews.b-cdn.net\/wp-content\/uploads\/2025\/12\/liliana-marinescu-primar-baia-1024x840.jpg.webp 1024w, https:\/\/dobrogeanews.b-cdn.net\/wp-content\/uploads\/2025\/12\/liliana-marinescu-primar-baia-768x630.jpg.webp 768w, https:\/\/dobrogeanews.b-cdn.net\/wp-content\/uploads\/2025\/12\/liliana-marinescu-primar-baia-1536x1260.jpg.webp 1536w, https:\/\/dobrogeanews.b-cdn.net\/wp-content\/uploads\/2025\/12\/liliana-marinescu-primar-baia-2048x1680.jpg.webp 2048w\" sizes=\"(max-width: 640px) 100vw, 640px\" \/><br \/>\n<img loading=\"lazy\" decoding=\"async\" src=\"https:\/\/dobrogeanews.b-cdn.net\/wp-content\/uploads\/2025\/12\/liliana-marinescu-primar-baia.jpg\" alt=\"Liliana Marinescu primar al Comunei Baia\" width=\"640\" height=\"525\"><\/figure>\n<p>\u201eEste vorba despre solidaritate, despre faptul c\u0103 sunt oameni care se confrunt\u0103 cu probleme de s\u0103n\u0103tate. \u00cen aceste condi\u021bii, persoanele cu handicap grav \u0219i persoanele cu handicap accentuat \u0219i reprezentan\u021bii legali ai acestora, pot beneficia de o facilitate important\u0103 care vine \u00een sprijinul lor, conform O.U.G. nr.9\/27.02.2026.<\/p>\n<p>Consider c\u0103 este datoria noastr\u0103 s\u0103 fim aten\u021bi la nevoile fiec\u0103rui locuitor \u0219i s\u0103 facem tot posibilul pentru a le u\u0219ura via\u021ba celor care au cea mai mare nevoie de ajutor.<\/p>\n<p>\u00cen continuare, v\u0103 prezint informa\u021biile necesare privind categoriile de persoane care pot beneficia de aceast\u0103 facilitate \u0219i pa\u0219ii care trebuie urma\u021bi pentru a o accesa.<\/p>\n<h3>M\u0102SURI ADOPTATE CONFORM O.U.G. nr.9\/27.02.2026<\/h3>\n<ul>\n<li>reducerea cu 50% a impozitului pentru cl\u0103direa de domiciliu in cazul persoanelor cu handicap grav \u0219i al reprezentan\u021bilor legali care au \u00een \u00eengrijire persoane cu handicap grav;<\/li>\n<\/ul>\n<ul>\n<li>reducerea cu 25% a impozitului pentru cl\u0103direa de domiciliu pentru persoanele cu handicap accentuat si reprezentan\u021bii legali ai acestora;<\/li>\n<\/ul>\n<ul>\n<li>aplicarea acelorasi cote de reducere pentru terenul aferent locuin\u021bei de domiciliu;<\/li>\n<\/ul>\n<ul>\n<li>reducerea cu 50%, sau 25% a impozitului pentru un singur mijloc de transport (sub 2000 cmc),\u00een func\u021bie de gradul de handicap.<\/li>\n<\/ul>\n<h3>DOCUMENTE NECESARE PENTRU ACORDAREA FACILIT\u0102\u021aILOR <\/h3>\n<ul>\n<li>cerere tip <\/li>\n<\/ul>\n<ul>\n<li>copie BI\/CI <\/li>\n<\/ul>\n<ul>\n<li>certificat de \u00eencadrare in grad de handicap. Reducerile se acord\u0103 pe baza documentelor valabile la data de 31.12.2025 \u0219i se aplic\u0103 pe perioada de valabilitate a certificatului \u00een grad de handicap.<\/li>\n<\/ul>\n<p>Pentru informa\u021bii suplimentare, cet\u0103\u021benii se pot adresa Compartimentului de taxe \u0219i impozite din cadrul Prim\u0103riei Baia. <\/p>\n<p>Continu\u0103m s\u0103 construim o administra\u021bie echilibrat\u0103, corect\u0103 si orientat\u0103 c\u0103tre oameni, strict \u00een limitele legale f\u0103r\u0103 a face din activitatea noastr\u0103 demagogie sau propagand\u0103 electoral\u0103. Acord\u0103m sprijin real comunit\u0103\u021bii locale \u0219i ne dezvolt\u0103m \u00een mod continuu\u201d <\/p>\n<p>a transmis Liliana Marinescu, Primarul Comunei Baia, Jude\u021bul Tulcea. <\/p>\n<div class=\"monsterinsights-inline-popular-posts monsterinsights-inline-popular-posts-charlie monsterinsights-popular-posts-styled\">\n<div class=\"monsterinsights-inline-popular-posts-text\"><span class=\"monsterinsights-inline-popular-posts-label\">Vezi \u0219i:<\/span><\/p>\n<div class=\"monsterinsights-inline-popular-posts-post\"><a class=\"monsterinsights-inline-popular-posts-title\" href=\"https:\/\/www.dobrogeanews.ro\/impozitul-pe-imobile-2026-in-municipiul-tulcea-pe-intelesul-tuturor-cine-benefiaza-de-reduceri-informatii-detaliate\/\">Impozitul pe imobile\/2026 \u00een Municipiul Tulcea, pe \u00een\u021belesul tuturor. Cine benefiaz\u0103 de reduceri. Informa\u021bii detaliate<\/a><\/div>\n<div class=\"monsterinsights-inline-popular-posts-post\"><a class=\"monsterinsights-inline-popular-posts-title\" href=\"https:\/\/www.dobrogeanews.ro\/dr-laurentiu-ivanof-fiti-atenti-la-taceri-la-retrageri-la-schimbari-subtile-uneori-cei-care-au-cea-mai-mare-nevoie-de-ajutor-sunt-cei-care-cer-cel-mai-putin\/\">Dr. Lauren\u021biu Ivanof: Fi\u021bi aten\u021bi la t\u0103ceri. La retrageri. La schimb\u0103ri subtile. Uneori, cei care au cea mai mare nevoie de ajutor sunt cei care cer cel mai pu\u021bin.<\/a><\/div>\n<div class=\"monsterinsights-inline-popular-posts-post\"><a class=\"monsterinsights-inline-popular-posts-title\" href=\"https:\/\/www.dobrogeanews.ro\/cine-este-fata-de-18-ani-care-s-a-sinucis-la-tulcea-soapte-intre-lumi\/\">Cine este fata de 18 ani care s-a sinucis la Tulcea. \u0218oapte \u00eentre lumi \u2026<\/a><\/div>\n<\/div>\n<\/div>\n<p class=\"has-text-align-center has-white-color has-text-color has-background\"><span><a href=\"https:\/\/news.google.com\/publications\/CAAqBwgKMIu5pgsw88O-Aw?ceid=RO:ro&amp;oc=3\">Urm\u0103ri\u0163i \u015etirile Dobrogeanews \u015fi pe Google News<\/a><\/span><\/p>\n<\/div>\n<p>[analyse_source url=&#8221;https:\/\/www.dobrogeanews.ro\/primaria-baia-anunta-reducerea-unor-taxe-si-impozite\/&#8221;]<\/p>\n","protected":false},"excerpt":{"rendered":"<p>[analyse_image type=&#8221;featured&#8221; src=&#8221;https:\/\/dobrogeanews.b-cdn.net\/wp-content\/uploads\/2025\/12\/liliana-marinescu-primar-baia.jpg&#8221;] Urm\u0103re\u015fte-ne \u015fi pe Facebook!57KFollowers Prim\u0103ria Comunei Baia, jude\u021bul Tulcea, anun\u021b\u0103 reducerea unor taxe \u0219i impozite \u00een condi\u021biile \u00een care mul\u021bi dintre localnici se confrunt\u0103 cu probleme de s\u0103n\u0103tate sau sunt persoane cu dizabilit\u0103\u021bi \u0219i nu reu\u0219esc s\u0103-\u0219i mai pl\u0103teasc\u0103 taxele \u0219i impozitele locale. \u201eEste vorba despre solidaritate, despre faptul c\u0103 sunt oameni [&hellip;]<\/p>\n","protected":false},"author":1,"featured_media":0,"comment_status":"open","ping_status":"","sticky":false,"template":"","format":"standard","meta":{"footnotes":""},"categories":[89],"tags":[226,223],"class_list":["post-1822206","post","type-post","status-publish","format-standard","hentry","category-romania","tag-crawlmanager","tag-dobrogeanews-ro"],"_links":{"self":[{"href":"https:\/\/analyse.optim.biz\/index.php?rest_route=\/wp\/v2\/posts\/1822206","targetHints":{"allow":["GET"]}}],"collection":[{"href":"https:\/\/analyse.optim.biz\/index.php?rest_route=\/wp\/v2\/posts"}],"about":[{"href":"https:\/\/analyse.optim.biz\/index.php?rest_route=\/wp\/v2\/types\/post"}],"author":[{"embeddable":true,"href":"https:\/\/analyse.optim.biz\/index.php?rest_route=\/wp\/v2\/users\/1"}],"replies":[{"embeddable":true,"href":"https:\/\/analyse.optim.biz\/index.php?rest_route=%2Fwp%2Fv2%2Fcomments&post=1822206"}],"version-history":[{"count":0,"href":"https:\/\/analyse.optim.biz\/index.php?rest_route=\/wp\/v2\/posts\/1822206\/revisions"}],"wp:attachment":[{"href":"https:\/\/analyse.optim.biz\/index.php?rest_route=%2Fwp%2Fv2%2Fmedia&parent=1822206"}],"wp:term":[{"taxonomy":"category","embeddable":true,"href":"https:\/\/analyse.optim.biz\/index.php?rest_route=%2Fwp%2Fv2%2Fcategories&post=1822206"},{"taxonomy":"post_tag","embeddable":true,"href":"https:\/\/analyse.optim.biz\/index.php?rest_route=%2Fwp%2Fv2%2Ftags&post=1822206"}],"curies":[{"name":"wp","href":"https:\/\/api.w.org\/{rel}","templated":true}]}}