{"id":1822201,"date":"2026-03-11T08:22:59","date_gmt":"2026-03-11T05:22:59","guid":{"rendered":"https:\/\/analyse.optim.biz\/?p=1822201"},"modified":"2026-03-11T08:22:59","modified_gmt":"2026-03-11T05:22:59","slug":"11-martie-ziua-proclamatiei-de-la-timisoara","status":"publish","type":"post","link":"https:\/\/analyse.optim.biz\/?p=1822201","title":{"rendered":"11 martie, ziua Proclama\u021biei de la Timi\u0219oara"},"content":{"rendered":"<p>[analyse_image type=&#8221;featured&#8221; src=&#8221;https:\/\/gazetadinvest.ro\/wp-content\/uploads\/2025\/04\/proclamatia.de_.la_.timisoara.jpg&#8221;]<\/p>\n<div class=\"td-post-content tagdiv-type\">\n<div class=\"td-post-featured-image\"><a href=\"https:\/\/gazetadinvest.ro\/wp-content\/uploads\/2025\/04\/proclamatia.de_.la_.timisoara.jpg\" data-caption><img loading=\"lazy\" decoding=\"async\" width=\"696\" height=\"985\" class=\"entry-thumb td-modal-image\" src=\"https:\/\/gazetadinvest.ro\/wp-content\/uploads\/2025\/04\/proclamatia.de_.la_.timisoara-696x985.jpg\" alt title=\"proclamatia.de.la.timisoara\"><\/a><\/div>\n<p><strong>Ast\u0103zi, 11 martie, se \u00eemplinesc 36 de ani de la proclamarea unuia dintre cele mai importante documente morale ale Rom\u00e2niei postcomuniste: Proclama\u021bia de la Timi\u0219oara.<\/strong><\/p>\n<p>N\u0103scut\u0103 \u00een ora\u0219ul care a aprins sc\u00e2nteia libert\u0103\u021bii \u00een decembrie 1989, Proclama\u021bia a reprezentat o \u00eencercare curajoas\u0103 de igien\u0103 moral\u0103 a vie\u021bii publice. Nu a fost un manifest al r\u0103zbun\u0103rii, ci un apel la memorie, responsabilitate \u0219i reconstruc\u021bie democratic\u0103.<\/p>\n<p>\u00cen centrul ei s-a aflat celebrul Punct 8, care propunea o pauz\u0103 istoric\u0103 necesar\u0103: trei legislaturi \u00een care fo\u0219tii activi\u0219ti ai regimului comunist \u0219i colaboratorii structurilor represive s\u0103 nu poat\u0103 ocupa func\u021bii politice. Ideea era simpl\u0103 \u0219i profund\u0103: o democra\u021bie autentic\u0103 nu se poate cl\u0103di pe acelea\u0219i structuri care au administrat frica \u0219i controlul \u00een trecut.<\/p>\n<p>Din p\u0103cate, aceast\u0103 idee nu a fost aplicat\u0103. Rom\u00e2nia a ales continuitatea \u00een locul rupturii, adaptarea vechilor structuri \u00een locul unei schimb\u0103ri reale de genera\u021bie politic\u0103. De aceea, la peste trei decenii de la Revolu\u021bie, mul\u021bi rom\u00e2ni simt c\u0103 tranzi\u021bia nu s-a \u00eencheiat cu adev\u0103rat.<\/p>\n<p>Pentru Timi\u0219oara, Proclama\u021bia r\u0103m\u00e2ne un reper moral \u0219i civic. Este amintirea unui moment \u00een care societatea rom\u00e2neasc\u0103 a avut curajul s\u0103 spun\u0103 limpede c\u0103 libertatea nu \u00eenseamn\u0103 doar schimbarea unui regim, ci \u0219i schimbarea modului \u00een care se exercit\u0103 puterea.<\/p>\n<p>Filiala AUR Timi\u0219 consider\u0103 c\u0103 spiritul Proclama\u021biei de la Timi\u0219oara este mai actual ca oric\u00e2nd. Rom\u00e2nia are nevoie de o via\u021b\u0103 public\u0103 bazat\u0103 pe responsabilitate, transparen\u021b\u0103 \u0219i respect fa\u021b\u0103 de cet\u0103\u021beni. Clasa politic\u0103 trebuie s\u0103 \u00een\u021beleag\u0103 c\u0103 legitimitatea nu vine doar din vot, ci \u0219i din caracterul \u0219i integritatea celor care exercit\u0103 puterea.<\/p>\n<p>Timi\u0219oara r\u0103m\u00e2ne locul \u00een care s-a spus pentru prima dat\u0103 adev\u0103rul simplu al libert\u0103\u021bii: o societate democratic\u0103 nu poate exista f\u0103r\u0103 memorie \u0219i f\u0103r\u0103 curajul de a \u00eenv\u0103\u021ba din trecut.<br \/>\nFiliala AUR Timi\u0219 \u00ee\u0219i reafirm\u0103 respectul fa\u021b\u0103 de cei care au formulat \u0219i sus\u021binut Proclama\u021bia de la Timi\u0219oara \u0219i fa\u021b\u0103 de to\u021bi cei care, \u00een decembrie 1989, au avut curajul de a pune libertatea mai presus de via\u021b\u0103.<\/p>\n<p>Spiritul Timi\u0219oarei r\u0103m\u00e2ne viu.<\/p>\n<p>Despre transparenta acestui articol\u2013&gt;<a href=\"https:\/\/gazetadinvest.ro\/wp-content\/uploads\/2026\/02\/VEDETI-AICI.txt\">VEDE\u021aI AICI<\/a><\/p>\n<\/div>\n<div class=\"td-post-content tagdiv-type\">\n<div class=\"td-post-featured-image\"><a href=\"https:\/\/gazetadinvest.ro\/wp-content\/uploads\/2025\/04\/proclamatia.de_.la_.timisoara.jpg\" data-caption><img loading=\"lazy\" decoding=\"async\" width=\"696\" height=\"985\" class=\"entry-thumb td-modal-image\" src=\"https:\/\/gazetadinvest.ro\/wp-content\/uploads\/2025\/04\/proclamatia.de_.la_.timisoara-696x985.jpg\" alt title=\"proclamatia.de.la.timisoara\"><\/a><\/div>\n<p><strong>Ast\u0103zi, 11 martie, se \u00eemplinesc 36 de ani de la proclamarea unuia dintre cele mai importante documente morale ale Rom\u00e2niei postcomuniste: Proclama\u021bia de la Timi\u0219oara.<\/strong><\/p>\n<p>N\u0103scut\u0103 \u00een ora\u0219ul care a aprins sc\u00e2nteia libert\u0103\u021bii \u00een decembrie 1989, Proclama\u021bia a reprezentat o \u00eencercare curajoas\u0103 de igien\u0103 moral\u0103 a vie\u021bii publice. Nu a fost un manifest al r\u0103zbun\u0103rii, ci un apel la memorie, responsabilitate \u0219i reconstruc\u021bie democratic\u0103.<\/p>\n<p>\u00cen centrul ei s-a aflat celebrul Punct 8, care propunea o pauz\u0103 istoric\u0103 necesar\u0103: trei legislaturi \u00een care fo\u0219tii activi\u0219ti ai regimului comunist \u0219i colaboratorii structurilor represive s\u0103 nu poat\u0103 ocupa func\u021bii politice. Ideea era simpl\u0103 \u0219i profund\u0103: o democra\u021bie autentic\u0103 nu se poate cl\u0103di pe acelea\u0219i structuri care au administrat frica \u0219i controlul \u00een trecut.<\/p>\n<p>Din p\u0103cate, aceast\u0103 idee nu a fost aplicat\u0103. Rom\u00e2nia a ales continuitatea \u00een locul rupturii, adaptarea vechilor structuri \u00een locul unei schimb\u0103ri reale de genera\u021bie politic\u0103. De aceea, la peste trei decenii de la Revolu\u021bie, mul\u021bi rom\u00e2ni simt c\u0103 tranzi\u021bia nu s-a \u00eencheiat cu adev\u0103rat.<\/p>\n<p>Pentru Timi\u0219oara, Proclama\u021bia r\u0103m\u00e2ne un reper moral \u0219i civic. Este amintirea unui moment \u00een care societatea rom\u00e2neasc\u0103 a avut curajul s\u0103 spun\u0103 limpede c\u0103 libertatea nu \u00eenseamn\u0103 doar schimbarea unui regim, ci \u0219i schimbarea modului \u00een care se exercit\u0103 puterea.<\/p>\n<p>Filiala AUR Timi\u0219 consider\u0103 c\u0103 spiritul Proclama\u021biei de la Timi\u0219oara este mai actual ca oric\u00e2nd. Rom\u00e2nia are nevoie de o via\u021b\u0103 public\u0103 bazat\u0103 pe responsabilitate, transparen\u021b\u0103 \u0219i respect fa\u021b\u0103 de cet\u0103\u021beni. Clasa politic\u0103 trebuie s\u0103 \u00een\u021beleag\u0103 c\u0103 legitimitatea nu vine doar din vot, ci \u0219i din caracterul \u0219i integritatea celor care exercit\u0103 puterea.<\/p>\n<p>Timi\u0219oara r\u0103m\u00e2ne locul \u00een care s-a spus pentru prima dat\u0103 adev\u0103rul simplu al libert\u0103\u021bii: o societate democratic\u0103 nu poate exista f\u0103r\u0103 memorie \u0219i f\u0103r\u0103 curajul de a \u00eenv\u0103\u021ba din trecut.<br \/>\nFiliala AUR Timi\u0219 \u00ee\u0219i reafirm\u0103 respectul fa\u021b\u0103 de cei care au formulat \u0219i sus\u021binut Proclama\u021bia de la Timi\u0219oara \u0219i fa\u021b\u0103 de to\u021bi cei care, \u00een decembrie 1989, au avut curajul de a pune libertatea mai presus de via\u021b\u0103.<\/p>\n<p>Spiritul Timi\u0219oarei r\u0103m\u00e2ne viu.<\/p>\n<p>Despre transparenta acestui articol\u2013&gt;<a href=\"https:\/\/gazetadinvest.ro\/wp-content\/uploads\/2026\/02\/VEDETI-AICI.txt\">VEDE\u021aI AICI<\/a><\/p>\n<\/div>\n<p>[analyse_source url=&#8221;https:\/\/gazetadinvest.ro\/11-martie-ziua-proclamatiei-de-la-timisoara\/&#8221;]<\/p>\n","protected":false},"excerpt":{"rendered":"<p>[analyse_image type=&#8221;featured&#8221; src=&#8221;https:\/\/gazetadinvest.ro\/wp-content\/uploads\/2025\/04\/proclamatia.de_.la_.timisoara.jpg&#8221;] Ast\u0103zi, 11 martie, se \u00eemplinesc 36 de ani de la proclamarea unuia dintre cele mai importante documente morale ale Rom\u00e2niei postcomuniste: Proclama\u021bia de la Timi\u0219oara. N\u0103scut\u0103 \u00een ora\u0219ul care a aprins sc\u00e2nteia libert\u0103\u021bii \u00een decembrie 1989, Proclama\u021bia a reprezentat o \u00eencercare curajoas\u0103 de igien\u0103 moral\u0103 a vie\u021bii publice. Nu a fost un [&hellip;]<\/p>\n","protected":false},"author":1,"featured_media":0,"comment_status":"open","ping_status":"","sticky":false,"template":"","format":"standard","meta":{"footnotes":""},"categories":[89],"tags":[226,203],"class_list":["post-1822201","post","type-post","status-publish","format-standard","hentry","category-romania","tag-crawlmanager","tag-gazetadinvest-ro"],"_links":{"self":[{"href":"https:\/\/analyse.optim.biz\/index.php?rest_route=\/wp\/v2\/posts\/1822201","targetHints":{"allow":["GET"]}}],"collection":[{"href":"https:\/\/analyse.optim.biz\/index.php?rest_route=\/wp\/v2\/posts"}],"about":[{"href":"https:\/\/analyse.optim.biz\/index.php?rest_route=\/wp\/v2\/types\/post"}],"author":[{"embeddable":true,"href":"https:\/\/analyse.optim.biz\/index.php?rest_route=\/wp\/v2\/users\/1"}],"replies":[{"embeddable":true,"href":"https:\/\/analyse.optim.biz\/index.php?rest_route=%2Fwp%2Fv2%2Fcomments&post=1822201"}],"version-history":[{"count":0,"href":"https:\/\/analyse.optim.biz\/index.php?rest_route=\/wp\/v2\/posts\/1822201\/revisions"}],"wp:attachment":[{"href":"https:\/\/analyse.optim.biz\/index.php?rest_route=%2Fwp%2Fv2%2Fmedia&parent=1822201"}],"wp:term":[{"taxonomy":"category","embeddable":true,"href":"https:\/\/analyse.optim.biz\/index.php?rest_route=%2Fwp%2Fv2%2Fcategories&post=1822201"},{"taxonomy":"post_tag","embeddable":true,"href":"https:\/\/analyse.optim.biz\/index.php?rest_route=%2Fwp%2Fv2%2Ftags&post=1822201"}],"curies":[{"name":"wp","href":"https:\/\/api.w.org\/{rel}","templated":true}]}}