{"id":1822199,"date":"2026-03-11T08:01:34","date_gmt":"2026-03-11T05:01:34","guid":{"rendered":"https:\/\/analyse.optim.biz\/?p=1822199"},"modified":"2026-03-11T08:01:34","modified_gmt":"2026-03-11T05:01:34","slug":"consilierii-locali-aur-timisoara-propun-reducerea-poverii-fiscale-pentru-timisoreni","status":"publish","type":"post","link":"https:\/\/analyse.optim.biz\/?p=1822199","title":{"rendered":"Consilierii locali AUR Timi\u0219oara propun reducerea poverii fiscale pentru timi\u0219oreni"},"content":{"rendered":"<p>[analyse_image type=&#8221;featured&#8221; src=&#8221;https:\/\/gazetadinvest.ro\/wp-content\/uploads\/2024\/06\/aur-timis.jpg&#8221;]<\/p>\n<div class=\"td-post-content tagdiv-type\">\n<div class=\"td-post-featured-image\"><a href=\"https:\/\/gazetadinvest.ro\/wp-content\/uploads\/2024\/06\/aur-timis.jpg\" data-caption><img loading=\"lazy\" decoding=\"async\" width=\"655\" height=\"344\" class=\"entry-thumb td-modal-image\" src=\"https:\/\/gazetadinvest.ro\/wp-content\/uploads\/2024\/06\/aur-timis.jpg\" alt title=\"aur timis\"><\/a><\/div>\n<p><strong>Consilierii locali ai Alian\u021bei pentru Unirea Rom\u00e2nilor (AUR) din Consiliul Local al Municipiului Timi\u0219oara au depus un proiect de hot\u0103r\u00e2re prin care propun modificarea Hot\u0103r\u00e2rii Consiliului Local nr. 360\/22.07.2025 privind stabilirea cotelor adi\u021bionale la impozitele \u0219i taxele locale pentru anul fiscal 2026.<\/strong><\/p>\n<p>Ini\u021biativa vine \u00een baza prevederilor OUG nr. 9\/2026, care ofer\u0103 autorit\u0103\u021bilor locale posibilitatea de a reveni asupra deciziilor anterioare privind nivelul cotelor adi\u021bionale la impozitele \u0219i taxele locale \u0219i de a decide reducerea acestora.<\/p>\n<p>Prin acest proiect, consilierii AUR propun diminuarea poverii fiscale asupra cet\u0103\u021benilor \u0219i mediului economic din Timi\u0219oara, \u00eentr-un context economic \u00een care costurile vie\u021bii \u0219i presiunea financiar\u0103 asupra familiilor \u0219i \u00eentreprinderilor locale au crescut semnificativ.<\/p>\n<p><em>\u201eConsider\u0103m c\u0103 administra\u021bia local\u0103 trebuie s\u0103 fie un partener al cet\u0103\u021beanului, nu o povar\u0103 suplimentar\u0103. Prin acest proiect dorim s\u0103 reducem presiunea fiscal\u0103 asupra timi\u0219orenilor \u0219i s\u0103 contribuim la men\u021binerea unui climat economic echilibrat pentru locuitorii \u0219i antreprenorii ora\u0219ului\u201d,<\/em> transmite Ilie S\u00eerbu, consilier local AUR Timi\u0219oara.<\/p>\n<p>Consilierii AUR subliniaz\u0103 c\u0103 Timi\u0219oara este un important pol economic \u0219i universitar, iar politicile fiscale locale trebuie s\u0103 \u021bin\u0103 cont de realit\u0103\u021bile economice \u0219i sociale actuale, astfel \u00eenc\u00e2t dezvoltarea ora\u0219ului s\u0103 nu se fac\u0103 prin supra\u00eempov\u0103rarea contribuabililor.<\/p>\n<p>Proiectul urmeaz\u0103 s\u0103 intre \u00een dezbaterea Consiliului Local, iar consilierii AUR \u00ee\u0219i exprim\u0103 speran\u021ba c\u0103 toate grupurile politice vor sus\u021bine aceast\u0103 ini\u021biativ\u0103 menit\u0103 s\u0103 ofere o gur\u0103 de oxigen fiscal\u0103 timi\u0219orenilor.<\/p>\n<p>Despre transparenta articolelor de acest gen\u2013&gt;<a href=\"https:\/\/gazetadinvest.ro\/wp-content\/uploads\/2026\/02\/VEDETI-AICI.txt\">VEDE\u021aI AICI<\/a><\/p>\n<\/div>\n<div class=\"td-post-content tagdiv-type\">\n<div class=\"td-post-featured-image\"><a href=\"https:\/\/gazetadinvest.ro\/wp-content\/uploads\/2024\/06\/aur-timis.jpg\" data-caption><img loading=\"lazy\" decoding=\"async\" width=\"655\" height=\"344\" class=\"entry-thumb td-modal-image\" src=\"https:\/\/gazetadinvest.ro\/wp-content\/uploads\/2024\/06\/aur-timis.jpg\" alt title=\"aur timis\"><\/a><\/div>\n<p><strong>Consilierii locali ai Alian\u021bei pentru Unirea Rom\u00e2nilor (AUR) din Consiliul Local al Municipiului Timi\u0219oara au depus un proiect de hot\u0103r\u00e2re prin care propun modificarea Hot\u0103r\u00e2rii Consiliului Local nr. 360\/22.07.2025 privind stabilirea cotelor adi\u021bionale la impozitele \u0219i taxele locale pentru anul fiscal 2026.<\/strong><\/p>\n<p>Ini\u021biativa vine \u00een baza prevederilor OUG nr. 9\/2026, care ofer\u0103 autorit\u0103\u021bilor locale posibilitatea de a reveni asupra deciziilor anterioare privind nivelul cotelor adi\u021bionale la impozitele \u0219i taxele locale \u0219i de a decide reducerea acestora.<\/p>\n<p>Prin acest proiect, consilierii AUR propun diminuarea poverii fiscale asupra cet\u0103\u021benilor \u0219i mediului economic din Timi\u0219oara, \u00eentr-un context economic \u00een care costurile vie\u021bii \u0219i presiunea financiar\u0103 asupra familiilor \u0219i \u00eentreprinderilor locale au crescut semnificativ.<\/p>\n<p><em>\u201eConsider\u0103m c\u0103 administra\u021bia local\u0103 trebuie s\u0103 fie un partener al cet\u0103\u021beanului, nu o povar\u0103 suplimentar\u0103. Prin acest proiect dorim s\u0103 reducem presiunea fiscal\u0103 asupra timi\u0219orenilor \u0219i s\u0103 contribuim la men\u021binerea unui climat economic echilibrat pentru locuitorii \u0219i antreprenorii ora\u0219ului\u201d,<\/em> transmite Ilie S\u00eerbu, consilier local AUR Timi\u0219oara.<\/p>\n<p>Consilierii AUR subliniaz\u0103 c\u0103 Timi\u0219oara este un important pol economic \u0219i universitar, iar politicile fiscale locale trebuie s\u0103 \u021bin\u0103 cont de realit\u0103\u021bile economice \u0219i sociale actuale, astfel \u00eenc\u00e2t dezvoltarea ora\u0219ului s\u0103 nu se fac\u0103 prin supra\u00eempov\u0103rarea contribuabililor.<\/p>\n<p>Proiectul urmeaz\u0103 s\u0103 intre \u00een dezbaterea Consiliului Local, iar consilierii AUR \u00ee\u0219i exprim\u0103 speran\u021ba c\u0103 toate grupurile politice vor sus\u021bine aceast\u0103 ini\u021biativ\u0103 menit\u0103 s\u0103 ofere o gur\u0103 de oxigen fiscal\u0103 timi\u0219orenilor.<\/p>\n<p>Despre transparenta articolelor de acest gen\u2013&gt;<a href=\"https:\/\/gazetadinvest.ro\/wp-content\/uploads\/2026\/02\/VEDETI-AICI.txt\">VEDE\u021aI AICI<\/a><\/p>\n<\/div>\n<p>[analyse_source url=&#8221;https:\/\/gazetadinvest.ro\/consilierii-locali-aur-timisoara-propun-reducerea-poverii-fiscale-pentru-timisoreni\/&#8221;]<\/p>\n","protected":false},"excerpt":{"rendered":"<p>[analyse_image type=&#8221;featured&#8221; src=&#8221;https:\/\/gazetadinvest.ro\/wp-content\/uploads\/2024\/06\/aur-timis.jpg&#8221;] Consilierii locali ai Alian\u021bei pentru Unirea Rom\u00e2nilor (AUR) din Consiliul Local al Municipiului Timi\u0219oara au depus un proiect de hot\u0103r\u00e2re prin care propun modificarea Hot\u0103r\u00e2rii Consiliului Local nr. 360\/22.07.2025 privind stabilirea cotelor adi\u021bionale la impozitele \u0219i taxele locale pentru anul fiscal 2026. Ini\u021biativa vine \u00een baza prevederilor OUG nr. 9\/2026, care ofer\u0103 [&hellip;]<\/p>\n","protected":false},"author":1,"featured_media":0,"comment_status":"open","ping_status":"","sticky":false,"template":"","format":"standard","meta":{"footnotes":""},"categories":[89],"tags":[226,203],"class_list":["post-1822199","post","type-post","status-publish","format-standard","hentry","category-romania","tag-crawlmanager","tag-gazetadinvest-ro"],"_links":{"self":[{"href":"https:\/\/analyse.optim.biz\/index.php?rest_route=\/wp\/v2\/posts\/1822199","targetHints":{"allow":["GET"]}}],"collection":[{"href":"https:\/\/analyse.optim.biz\/index.php?rest_route=\/wp\/v2\/posts"}],"about":[{"href":"https:\/\/analyse.optim.biz\/index.php?rest_route=\/wp\/v2\/types\/post"}],"author":[{"embeddable":true,"href":"https:\/\/analyse.optim.biz\/index.php?rest_route=\/wp\/v2\/users\/1"}],"replies":[{"embeddable":true,"href":"https:\/\/analyse.optim.biz\/index.php?rest_route=%2Fwp%2Fv2%2Fcomments&post=1822199"}],"version-history":[{"count":0,"href":"https:\/\/analyse.optim.biz\/index.php?rest_route=\/wp\/v2\/posts\/1822199\/revisions"}],"wp:attachment":[{"href":"https:\/\/analyse.optim.biz\/index.php?rest_route=%2Fwp%2Fv2%2Fmedia&parent=1822199"}],"wp:term":[{"taxonomy":"category","embeddable":true,"href":"https:\/\/analyse.optim.biz\/index.php?rest_route=%2Fwp%2Fv2%2Fcategories&post=1822199"},{"taxonomy":"post_tag","embeddable":true,"href":"https:\/\/analyse.optim.biz\/index.php?rest_route=%2Fwp%2Fv2%2Ftags&post=1822199"}],"curies":[{"name":"wp","href":"https:\/\/api.w.org\/{rel}","templated":true}]}}