{"id":1821833,"date":"2026-03-09T19:45:37","date_gmt":"2026-03-09T16:45:37","guid":{"rendered":"https:\/\/analyse.optim.biz\/?p=1821833"},"modified":"2026-03-09T19:45:37","modified_gmt":"2026-03-09T16:45:37","slug":"sport-maxim-18-ani-la-profesionism-cateva-luni-pana-la-borna-40-din-viata-2-martie-2026","status":"publish","type":"post","link":"https:\/\/analyse.optim.biz\/?p=1821833","title":{"rendered":"SPORT MAXIM -18 ANI LA PROFESIONISM, C\u00c2TEVA LUNI P\u00c2N\u0102 LA BORNA 40 DIN VIA\u021a\u0102 \u2013 2 MARTIE 2026"},"content":{"rendered":"<p>[analyse_image type=&#8221;featured&#8221; src=&#8221;https:\/\/www.tvbuzau.ro\/wp-content\/uploads\/2026\/03\/sddefault-16.jpghttps:\/\/www.tvbuzau.ro\/wp-content\/uploads\/2026\/03\/sddefault-16.jpg&#8221;]<\/p>\n<div class=\"td-ss-main-content\">\n<article id=\"post-118286\" class=\"post-118286 post type-post status-publish format-video has-post-thumbnail hentry category-sport-maxim post_format-post-format-video\">\n<div class=\"td-post-header\">\n<ul class=\"td-category\">\n<li class=\"entry-category\"><a href=\"https:\/\/www.tvbuzau.ro\/category\/sport-maxim\/\">Sport Maxim<\/a><\/li>\n<\/ul>\n<header class=\"td-post-title\">\n<h1 class=\"entry-title\">SPORT MAXIM -18 ANI LA PROFESIONISM, C\u00c2TEVA LUNI P\u00c2N\u0102 LA BORNA 40 DIN VIA\u021a\u0102 \u2013 2 MARTIE 2026<\/h1>\n<div class=\"td-module-meta-info\">\n<div class=\"td-post-author-name\">De c\u0103tre <a href=\"https:\/\/www.tvbuzau.ro\/author\/mihai-vasilescu\/\">TV Buz\u0103u<\/a> &#8211; <\/div>\n<p><span class=\"td-post-date\"><time class=\"entry-date updated td-module-date\" datetime=\"2026-03-09T19:45:37+00:00\">martie 9, 2026<\/time><\/span><\/p>\n<div class=\"td-post-comments\"><a href=\"https:\/\/www.tvbuzau.ro\/sport-maxim-18-ani-la-profesionism-cateva-luni-pana-la-borna-40-din-viata-2-martie-2026\/#respond\">0<\/a><\/div>\n<div class=\"td-post-views\"><span class=\"td-nr-views-118286\">1<\/span><\/div>\n<\/div>\n<\/header>\n<\/div>\n<div class=\"td-post-sharing td-post-sharing-top td-with-like\">\n<div class=\"td-default-sharing\"><a class=\"td-social-sharing-buttons td-social-facebook\" href=\"http:\/\/www.facebook.com\/sharer.php?u=https%3A%2F%2Fwww.tvbuzau.ro%2Fsport-maxim-18-ani-la-profesionism-cateva-luni-pana-la-borna-40-din-viata-2-martie-2026%2F\"><\/p>\n<div class=\"td-social-but-text\">Distribui\u021bi pe Facebook<\/div>\n<p><\/a><a class=\"td-social-sharing-buttons td-social-twitter\" href=\"https:\/\/twitter.com\/intent\/tweet?text=SPORT+MAXIM+-18+ANI+LA+PROFESIONISM%2C+C%C3%82TEVA+LUNI+P%C3%82N%C4%82+LA+BORNA+40+DIN+VIA%C8%9A%C4%82+%E2%80%93+2+MARTIE+2026&amp;url=https%3A%2F%2Fwww.tvbuzau.ro%2Fsport-maxim-18-ani-la-profesionism-cateva-luni-pana-la-borna-40-din-viata-2-martie-2026%2F&amp;via=TV+Buz%C4%83u\"><\/p>\n<div class=\"td-social-but-text\">Distribui\u021bi pe Twitter<\/div>\n<p><\/a><\/div>\n<div class=\"td-classic-sharing\">\n<ul>\n<li class=\"td-classic-facebook\"><iframe frameborder src=\"https:\/\/www.facebook.com\/plugins\/like.php?href=https:\/\/www.tvbuzau.ro\/sport-maxim-18-ani-la-profesionism-cateva-luni-pana-la-borna-40-din-viata-2-martie-2026\/&amp;layout=button_count&amp;show_faces=false&amp;width=105&amp;action=like&amp;colorscheme=light&amp;height=21\"><\/iframe><\/li>\n<li class=\"td-classic-twitter\"><a href=\"https:\/\/twitter.com\/share\" class=\"twitter-share-button\" data-url=\"https:\/\/www.tvbuzau.ro\/sport-maxim-18-ani-la-profesionism-cateva-luni-pana-la-borna-40-din-viata-2-martie-2026\/\" data-text=\"SPORT MAXIM -18 ANI LA PROFESIONISM, C\u00c2TEVA LUNI P\u00c2N\u0102 LA BORNA 40 DIN VIA\u021a\u0102 \u2013 2 MARTIE 2026\" data-via data-lang=\"en\">tweet<\/a><\/li>\n<\/ul>\n<\/div>\n<\/div>\n<div class=\"td-post-content\">\n<div class=\"td-featured-image-rec\">\n<div class=\"wpb_video_wrapper\">\n                    <iframe loading=\"lazy\" id=\"td_youtube_player\" width=\"600\" height=\"560\" src=\"https:\/\/www.youtube.com\/embed\/zYqofCL5VT4?enablejsapi=1&amp;feature=oembed&amp;wmode=opaque&amp;vq=hd720\" frameborder allowfullscreen><\/iframe><\/p><\/div>\n<\/div>\n<div class=\"post-views post-118286 entry-meta\"><span class=\"post-views-label\">Post Views: <\/span><span class=\"post-views-count\">93<\/span><\/div>\n<\/div>\n<footer>\n<div class=\"td-post-sharing td-post-sharing-bottom td-with-like\"><span class=\"td-post-share-title\">DISTRIBUI\u021aI<\/span><\/p>\n<div class=\"td-default-sharing\"><a class=\"td-social-sharing-buttons td-social-facebook\" href=\"http:\/\/www.facebook.com\/sharer.php?u=https%3A%2F%2Fwww.tvbuzau.ro%2Fsport-maxim-18-ani-la-profesionism-cateva-luni-pana-la-borna-40-din-viata-2-martie-2026%2F\"><\/p>\n<div class=\"td-social-but-text\">Facebook<\/div>\n<p><\/a><a class=\"td-social-sharing-buttons td-social-twitter\" href=\"https:\/\/twitter.com\/intent\/tweet?text=SPORT+MAXIM+-18+ANI+LA+PROFESIONISM%2C+C%C3%82TEVA+LUNI+P%C3%82N%C4%82+LA+BORNA+40+DIN+VIA%C8%9A%C4%82+%E2%80%93+2+MARTIE+2026&amp;url=https%3A%2F%2Fwww.tvbuzau.ro%2Fsport-maxim-18-ani-la-profesionism-cateva-luni-pana-la-borna-40-din-viata-2-martie-2026%2F&amp;via=TV+Buz%C4%83u\"><\/p>\n<div class=\"td-social-but-text\">Twitter<\/div>\n<p><\/a><\/div>\n<div class=\"td-classic-sharing\">\n<ul>\n<li class=\"td-classic-facebook\"><iframe frameborder src=\"https:\/\/www.facebook.com\/plugins\/like.php?href=https:\/\/www.tvbuzau.ro\/sport-maxim-18-ani-la-profesionism-cateva-luni-pana-la-borna-40-din-viata-2-martie-2026\/&amp;layout=button_count&amp;show_faces=false&amp;width=105&amp;action=like&amp;colorscheme=light&amp;height=21\"><\/iframe><\/li>\n<li class=\"td-classic-twitter\"><a href=\"https:\/\/twitter.com\/share\" class=\"twitter-share-button\" data-url=\"https:\/\/www.tvbuzau.ro\/sport-maxim-18-ani-la-profesionism-cateva-luni-pana-la-borna-40-din-viata-2-martie-2026\/\" data-text=\"SPORT MAXIM -18 ANI LA PROFESIONISM, C\u00c2TEVA LUNI P\u00c2N\u0102 LA BORNA 40 DIN VIA\u021a\u0102 \u2013 2 MARTIE 2026\" data-via data-lang=\"en\">tweet<\/a><\/li>\n<\/ul>\n<\/div>\n<\/div>\n<div class=\"td-author-name vcard author\"><span class=\"fn\"><a href=\"https:\/\/www.tvbuzau.ro\/author\/mihai-vasilescu\/\">TV Buz\u0103u<\/a><\/span><\/div>\n<p><span><\/span><span><span><\/span><\/span><span><\/span><\/footer>\n<\/article>\n<div class=\"td_block_wrap td_block_related_posts td_uid_1_69b28ac01a726_rand td_with_ajax_pagination td-pb-border-top\" data-td-block-uid=\"td_uid_1_69b28ac01a726\">\n<h4 class=\"td-related-title\"><a id=\"td_uid_2_69b28ac01b8f0\" class=\"td-related-left td-cur-simple-item\" data-td_filter_value data-td_block_id=\"td_uid_1_69b28ac01a726\" href=\"https:\/\/www.tvbuzau.ro\/sport-maxim-18-ani-la-profesionism-cateva-luni-pana-la-borna-40-din-viata-2-martie-2026\/\">ARTICOLE SIMILARE<\/a><a id=\"td_uid_3_69b28ac01b929\" class=\"td-related-right\" data-td_filter_value=\"td_related_more_from_author\" data-td_block_id=\"td_uid_1_69b28ac01a726\" href=\"https:\/\/www.tvbuzau.ro\/sport-maxim-18-ani-la-profesionism-cateva-luni-pana-la-borna-40-din-viata-2-martie-2026\/\">DE LA ACELA\u0218I AUTOR<\/a><\/h4>\n<div id=\"td_uid_1_69b28ac01a726\" class=\"td_block_inner\">\n<div class=\"td-related-row\">\n<div class=\"td-related-span4\">\n<div class=\"td_module_related_posts td-animation-stack td_mod_related_posts\">\n<div class=\"td-module-image\">\n<div class=\"td-module-thumb\"><a href=\"https:\/\/www.tvbuzau.ro\/sport-maxim-buzaul-in-primele-8-in-ehf-european-cup-la-debut\/\" rel=\"bookmark\" title=\"SPORT MAXIM \u2013 BUZ\u0102UL, \u00ceN PRIMELE 8 \u00ceN EHF EUROPEAN CUP, LA DEBUT\"><img loading=\"lazy\" decoding=\"async\" width=\"218\" height=\"150\" class=\"entry-thumb\" src=\"https:\/\/www.tvbuzau.ro\/wp-content\/uploads\/2026\/02\/sddefault-34-218x150.jpg\" alt title=\"SPORT MAXIM \u2013 BUZ\u0102UL, \u00ceN PRIMELE 8 \u00ceN EHF EUROPEAN CUP, LA DEBUT\"><span class=\"td-video-play-ico\"><img loading=\"lazy\" decoding=\"async\" width=\"40\" height=\"40\" class=\"td-retina\" src=\"https:\/\/www.tvbuzau.ro\/wp-content\/themes\/Newspaper\/images\/icons\/ico-video-large.png\" alt=\"video\"><\/span><\/a><\/div>\n<p><a href=\"https:\/\/www.tvbuzau.ro\/category\/sport-maxim\/\" class=\"td-post-category\">Sport Maxim<\/a><\/div>\n<div class=\"item-details\">\n<h3 class=\"entry-title td-module-title\"><a href=\"https:\/\/www.tvbuzau.ro\/sport-maxim-buzaul-in-primele-8-in-ehf-european-cup-la-debut\/\" rel=\"bookmark\" title=\"SPORT MAXIM \u2013 BUZ\u0102UL, \u00ceN PRIMELE 8 \u00ceN EHF EUROPEAN CUP, LA DEBUT\">SPORT MAXIM \u2013 BUZ\u0102UL, \u00ceN PRIMELE 8 \u00ceN EHF EUROPEAN CUP, LA DEBUT<\/a><\/h3>\n<\/div>\n<\/div>\n<\/div>\n<div class=\"td-related-span4\">\n<div class=\"td_module_related_posts td-animation-stack td_mod_related_posts\">\n<div class=\"td-module-image\">\n<div class=\"td-module-thumb\"><a href=\"https:\/\/www.tvbuzau.ro\/sport-maxim-george-fiul-fostei-extreme-dinamoviste-cornel-talnar\/\" rel=\"bookmark\" title=\"SPORT MAXIM \u2013 GEORGE, FIUL FOSTEI EXTREME DINAMOVISTE \u2013 CORNEL \u021a\u0102LNAR\"><img loading=\"lazy\" decoding=\"async\" width=\"218\" height=\"150\" class=\"entry-thumb\" src=\"https:\/\/www.tvbuzau.ro\/wp-content\/uploads\/2026\/02\/hqdefault-30-218x150.jpg\" alt title=\"SPORT MAXIM \u2013 GEORGE, FIUL FOSTEI EXTREME DINAMOVISTE \u2013 CORNEL \u021a\u0102LNAR\"><span class=\"td-video-play-ico\"><img loading=\"lazy\" decoding=\"async\" width=\"40\" height=\"40\" class=\"td-retina\" src=\"https:\/\/www.tvbuzau.ro\/wp-content\/themes\/Newspaper\/images\/icons\/ico-video-large.png\" alt=\"video\"><\/span><\/a><\/div>\n<p><a href=\"https:\/\/www.tvbuzau.ro\/category\/sport-maxim\/\" class=\"td-post-category\">Sport Maxim<\/a><\/div>\n<div class=\"item-details\">\n<h3 class=\"entry-title td-module-title\"><a href=\"https:\/\/www.tvbuzau.ro\/sport-maxim-george-fiul-fostei-extreme-dinamoviste-cornel-talnar\/\" rel=\"bookmark\" title=\"SPORT MAXIM \u2013 GEORGE, FIUL FOSTEI EXTREME DINAMOVISTE \u2013 CORNEL \u021a\u0102LNAR\">SPORT MAXIM \u2013 GEORGE, FIUL FOSTEI EXTREME DINAMOVISTE \u2013 CORNEL \u021a\u0102LNAR<\/a><\/h3>\n<\/div>\n<\/div>\n<\/div>\n<div class=\"td-related-span4\">\n<div class=\"td_module_related_posts td-animation-stack td_mod_related_posts\">\n<div class=\"td-module-image\">\n<div class=\"td-module-thumb\"><a href=\"https:\/\/www.tvbuzau.ro\/sport-maxim-misu-baltag-omagiat-din-nou-de-metalul-si-prietenii-sai\/\" rel=\"bookmark\" title=\"SPORT MAXIM \u2013 MI\u0218U BALTAG, OMAGIAT, DIN NOU, DE \u201dMETALUL\u201d \u0218I PRIETENII S\u0102I\"><img loading=\"lazy\" decoding=\"async\" width=\"218\" height=\"150\" class=\"entry-thumb\" src=\"https:\/\/www.tvbuzau.ro\/wp-content\/uploads\/2026\/02\/sddefault-26-218x150.jpg\" alt title=\"SPORT MAXIM \u2013 MI\u0218U BALTAG, OMAGIAT, DIN NOU, DE \u201dMETALUL\u201d \u0218I PRIETENII S\u0102I\"><span class=\"td-video-play-ico\"><img loading=\"lazy\" decoding=\"async\" width=\"40\" height=\"40\" class=\"td-retina\" src=\"https:\/\/www.tvbuzau.ro\/wp-content\/themes\/Newspaper\/images\/icons\/ico-video-large.png\" alt=\"video\"><\/span><\/a><\/div>\n<p><a href=\"https:\/\/www.tvbuzau.ro\/category\/sport-maxim\/\" class=\"td-post-category\">Sport Maxim<\/a><\/div>\n<div class=\"item-details\">\n<h3 class=\"entry-title td-module-title\"><a href=\"https:\/\/www.tvbuzau.ro\/sport-maxim-misu-baltag-omagiat-din-nou-de-metalul-si-prietenii-sai\/\" rel=\"bookmark\" title=\"SPORT MAXIM \u2013 MI\u0218U BALTAG, OMAGIAT, DIN NOU, DE \u201dMETALUL\u201d \u0218I PRIETENII S\u0102I\">SPORT MAXIM \u2013 MI\u0218U BALTAG, OMAGIAT, DIN NOU, DE \u201dMETALUL\u201d \u0218I PRIETENII S\u0102I<\/a><\/h3>\n<\/div>\n<\/div>\n<\/div>\n<\/div>\n<div class=\"td-related-row\">\n<div class=\"td-related-span4\">\n<div class=\"td_module_related_posts td-animation-stack td_mod_related_posts\">\n<div class=\"td-module-image\">\n<div class=\"td-module-thumb\"><a href=\"https:\/\/www.tvbuzau.ro\/sport-maxim-metalul-forteaza-a-doua-calificare-in-sferturile-cupei-2-februarie-2026\/\" rel=\"bookmark\" title=\"SPORT MAXIM  \u2013 Metalul for\u021beaz\u0103 a doua calificare \u00een sferturile cupei \u2013 2 Februarie 2026\"><img loading=\"lazy\" decoding=\"async\" width=\"218\" height=\"150\" class=\"entry-thumb\" src=\"https:\/\/www.tvbuzau.ro\/wp-content\/uploads\/2026\/02\/sddefault-4-218x150.jpg\" alt title=\"SPORT MAXIM  \u2013 Metalul for\u021beaz\u0103 a doua calificare \u00een sferturile cupei \u2013 2 Februarie 2026\"><span class=\"td-video-play-ico\"><img loading=\"lazy\" decoding=\"async\" width=\"40\" height=\"40\" class=\"td-retina\" src=\"https:\/\/www.tvbuzau.ro\/wp-content\/themes\/Newspaper\/images\/icons\/ico-video-large.png\" alt=\"video\"><\/span><\/a><\/div>\n<p><a href=\"https:\/\/www.tvbuzau.ro\/category\/sport-maxim\/\" class=\"td-post-category\">Sport Maxim<\/a><\/div>\n<div class=\"item-details\">\n<h3 class=\"entry-title td-module-title\"><a href=\"https:\/\/www.tvbuzau.ro\/sport-maxim-metalul-forteaza-a-doua-calificare-in-sferturile-cupei-2-februarie-2026\/\" rel=\"bookmark\" title=\"SPORT MAXIM  \u2013 Metalul for\u021beaz\u0103 a doua calificare \u00een sferturile cupei \u2013 2 Februarie 2026\">SPORT MAXIM  \u2013 Metalul for\u021beaz\u0103 a doua calificare \u00een sferturile cupei \u2013 2 Februarie 2026<\/a><\/h3>\n<\/div>\n<\/div>\n<\/div>\n<div class=\"td-related-span4\">\n<div class=\"td_module_related_posts td-animation-stack td_mod_related_posts\">\n<div class=\"td-module-image\">\n<div class=\"td-module-thumb\"><a href=\"https:\/\/www.tvbuzau.ro\/sport-maxim-experienta-de-neuitat-la-milano-winter-cup-2025\/\" rel=\"bookmark\" title=\"Sport Maxim \u2013 Experien\u021b\u0103 de neuitat la Milano Winter Cup 2025\"><img loading=\"lazy\" decoding=\"async\" width=\"218\" height=\"150\" class=\"entry-thumb\" src=\"https:\/\/www.tvbuzau.ro\/wp-content\/uploads\/2026\/01\/hqdefault-11-218x150.jpg\" alt title=\"Sport Maxim \u2013 Experien\u021b\u0103 de neuitat la Milano Winter Cup 2025\"><span class=\"td-video-play-ico\"><img loading=\"lazy\" decoding=\"async\" width=\"40\" height=\"40\" class=\"td-retina\" src=\"https:\/\/www.tvbuzau.ro\/wp-content\/themes\/Newspaper\/images\/icons\/ico-video-large.png\" alt=\"video\"><\/span><\/a><\/div>\n<p><a href=\"https:\/\/www.tvbuzau.ro\/category\/sport-maxim\/\" class=\"td-post-category\">Sport Maxim<\/a><\/div>\n<div class=\"item-details\">\n<h3 class=\"entry-title td-module-title\"><a href=\"https:\/\/www.tvbuzau.ro\/sport-maxim-experienta-de-neuitat-la-milano-winter-cup-2025\/\" rel=\"bookmark\" title=\"Sport Maxim \u2013 Experien\u021b\u0103 de neuitat la Milano Winter Cup 2025\">Sport Maxim \u2013 Experien\u021b\u0103 de neuitat la Milano Winter Cup 2025<\/a><\/h3>\n<\/div>\n<\/div>\n<\/div>\n<div class=\"td-related-span4\">\n<div class=\"td_module_related_posts td-animation-stack td_mod_related_posts\">\n<div class=\"td-module-image\">\n<div class=\"td-module-thumb\"><a href=\"https:\/\/www.tvbuzau.ro\/in-memoriam-helmut-duckadam-eroul-de-la-sevilla\/\" rel=\"bookmark\" title=\"In memoriam Helmut Duckadam, \u201eEroul de la Sevilla\u201d\"><img loading=\"lazy\" decoding=\"async\" width=\"218\" height=\"150\" class=\"entry-thumb\" src=\"https:\/\/www.tvbuzau.ro\/wp-content\/uploads\/2024\/12\/hqdefault-5-218x150.jpg\" alt title=\"In memoriam Helmut Duckadam, \u201eEroul de la Sevilla\u201d\"><span class=\"td-video-play-ico\"><img loading=\"lazy\" decoding=\"async\" width=\"40\" height=\"40\" class=\"td-retina\" src=\"https:\/\/www.tvbuzau.ro\/wp-content\/themes\/Newspaper\/images\/icons\/ico-video-large.png\" alt=\"video\"><\/span><\/a><\/div>\n<p><a href=\"https:\/\/www.tvbuzau.ro\/category\/sport\/\" class=\"td-post-category\">Sport<\/a><\/div>\n<div class=\"item-details\">\n<h3 class=\"entry-title td-module-title\"><a href=\"https:\/\/www.tvbuzau.ro\/in-memoriam-helmut-duckadam-eroul-de-la-sevilla\/\" rel=\"bookmark\" title=\"In memoriam Helmut Duckadam, \u201eEroul de la Sevilla\u201d\">In memoriam Helmut Duckadam, \u201eEroul de la Sevilla\u201d<\/a><\/h3>\n<\/div>\n<\/div>\n<\/div>\n<\/div>\n<\/div>\n<\/div>\n<div class=\"comments\" id=\"comments\">\n<div id=\"respond\" class=\"comment-respond\">\n<h3 id=\"reply-title\" class=\"comment-reply-title\">L\u0102SA\u021aI UN MESAJ <small><a rel=\"nofollow\" id=\"cancel-comment-reply-link\" href=\"https:\/\/www.tvbuzau.ro\/sport-maxim-18-ani-la-profesionism-cateva-luni-pana-la-borna-40-din-viata-2-martie-2026\/#respond\">Renun\u021ba\u021bi la r\u0103spuns<\/a><\/small><\/h3>\n<\/div>\n<\/div>\n<\/div>\n<div class=\"td-post-content\">\n<div class=\"td-featured-image-rec\">\n<div class=\"wpb_video_wrapper\">\n                    <iframe loading=\"lazy\" id=\"td_youtube_player\" width=\"600\" height=\"560\" src=\"https:\/\/www.youtube.com\/embed\/zYqofCL5VT4?enablejsapi=1&amp;feature=oembed&amp;wmode=opaque&amp;vq=hd720\" frameborder allowfullscreen><\/iframe><\/p><\/div>\n<\/div>\n<div class=\"post-views post-118286 entry-meta\"><span class=\"post-views-label\">Post Views: <\/span><span class=\"post-views-count\">93<\/span><\/div>\n<\/div>\n<p>[analyse_source url=&#8221;https:\/\/www.tvbuzau.ro\/sport-maxim-18-ani-la-profesionism-cateva-luni-pana-la-borna-40-din-viata-2-martie-2026\/&#8221;]<\/p>\n","protected":false},"excerpt":{"rendered":"<p>[analyse_image type=&#8221;featured&#8221; src=&#8221;https:\/\/www.tvbuzau.ro\/wp-content\/uploads\/2026\/03\/sddefault-16.jpghttps:\/\/www.tvbuzau.ro\/wp-content\/uploads\/2026\/03\/sddefault-16.jpg&#8221;] Sport Maxim SPORT MAXIM -18 ANI LA PROFESIONISM, C\u00c2TEVA LUNI P\u00c2N\u0102 LA BORNA 40 DIN VIA\u021a\u0102 \u2013 2 MARTIE 2026 De c\u0103tre TV Buz\u0103u &#8211; martie 9, 2026 0 1 Distribui\u021bi pe Facebook Distribui\u021bi pe Twitter tweet Post Views: 93 DISTRIBUI\u021aI Facebook Twitter tweet TV Buz\u0103u ARTICOLE SIMILAREDE LA ACELA\u0218I AUTOR Sport [&hellip;]<\/p>\n","protected":false},"author":1,"featured_media":0,"comment_status":"open","ping_status":"","sticky":false,"template":"","format":"standard","meta":{"footnotes":""},"categories":[2],"tags":[226,116],"class_list":["post-1821833","post","type-post","status-publish","format-standard","hentry","category-politics","tag-crawlmanager","tag-tvbuzau-ro"],"_links":{"self":[{"href":"https:\/\/analyse.optim.biz\/index.php?rest_route=\/wp\/v2\/posts\/1821833","targetHints":{"allow":["GET"]}}],"collection":[{"href":"https:\/\/analyse.optim.biz\/index.php?rest_route=\/wp\/v2\/posts"}],"about":[{"href":"https:\/\/analyse.optim.biz\/index.php?rest_route=\/wp\/v2\/types\/post"}],"author":[{"embeddable":true,"href":"https:\/\/analyse.optim.biz\/index.php?rest_route=\/wp\/v2\/users\/1"}],"replies":[{"embeddable":true,"href":"https:\/\/analyse.optim.biz\/index.php?rest_route=%2Fwp%2Fv2%2Fcomments&post=1821833"}],"version-history":[{"count":0,"href":"https:\/\/analyse.optim.biz\/index.php?rest_route=\/wp\/v2\/posts\/1821833\/revisions"}],"wp:attachment":[{"href":"https:\/\/analyse.optim.biz\/index.php?rest_route=%2Fwp%2Fv2%2Fmedia&parent=1821833"}],"wp:term":[{"taxonomy":"category","embeddable":true,"href":"https:\/\/analyse.optim.biz\/index.php?rest_route=%2Fwp%2Fv2%2Fcategories&post=1821833"},{"taxonomy":"post_tag","embeddable":true,"href":"https:\/\/analyse.optim.biz\/index.php?rest_route=%2Fwp%2Fv2%2Ftags&post=1821833"}],"curies":[{"name":"wp","href":"https:\/\/api.w.org\/{rel}","templated":true}]}}