{"id":1821827,"date":"2026-03-10T20:45:46","date_gmt":"2026-03-10T17:45:46","guid":{"rendered":"https:\/\/analyse.optim.biz\/?p=1821827"},"modified":"2026-03-10T20:45:46","modified_gmt":"2026-03-10T17:45:46","slug":"cercetati-pentru-trafic-de-droguri-de-mare-risc","status":"publish","type":"post","link":"https:\/\/analyse.optim.biz\/?p=1821827","title":{"rendered":"Cerceta\u0163i pentru trafic de droguri de mare risc"},"content":{"rendered":"<p>[analyse_image type=&#8221;featured&#8221; src=&#8221;https:\/\/www.tvbuzau.ro\/wp-content\/uploads\/2026\/03\/hqdefault-17.jpghttps:\/\/www.tvbuzau.ro\/wp-content\/uploads\/2026\/03\/hqdefault-17.jpg&#8221;]<\/p>\n<div class=\"td-ss-main-content\">\n<article id=\"post-118319\" class=\"post-118319 post type-post status-publish format-video has-post-thumbnail hentry category-actualitate post_format-post-format-video\">\n<div class=\"td-post-header\">\n<ul class=\"td-category\">\n<li class=\"entry-category\"><a href=\"https:\/\/www.tvbuzau.ro\/category\/actualitate\/\">Actualitate<\/a><\/li>\n<\/ul>\n<header class=\"td-post-title\">\n<h1 class=\"entry-title\">Cerceta\u0163i pentru trafic de droguri de mare risc<\/h1>\n<div class=\"td-module-meta-info\">\n<div class=\"td-post-author-name\">De c\u0103tre <a href=\"https:\/\/www.tvbuzau.ro\/author\/mihai-vasilescu\/\">TV Buz\u0103u<\/a> &#8211; <\/div>\n<p><span class=\"td-post-date\"><time class=\"entry-date updated td-module-date\" datetime=\"2026-03-10T20:45:46+00:00\">martie 10, 2026<\/time><\/span><\/p>\n<div class=\"td-post-comments\"><a href=\"https:\/\/www.tvbuzau.ro\/cercetati-pentru-trafic-de-droguri-de-mare-risc-2\/#respond\">0<\/a><\/div>\n<div class=\"td-post-views\"><span class=\"td-nr-views-118319\">21<\/span><\/div>\n<\/div>\n<\/header>\n<\/div>\n<div class=\"td-post-sharing td-post-sharing-top td-with-like\">\n<div class=\"td-default-sharing\"><a class=\"td-social-sharing-buttons td-social-facebook\" href=\"http:\/\/www.facebook.com\/sharer.php?u=https%3A%2F%2Fwww.tvbuzau.ro%2Fcercetati-pentru-trafic-de-droguri-de-mare-risc-2%2F\"><\/p>\n<div class=\"td-social-but-text\">Distribui\u021bi pe Facebook<\/div>\n<p><\/a><a class=\"td-social-sharing-buttons td-social-twitter\" href=\"https:\/\/twitter.com\/intent\/tweet?text=Cerceta%C5%A3i+pentru+trafic+de+droguri+de+mare+risc&amp;url=https%3A%2F%2Fwww.tvbuzau.ro%2Fcercetati-pentru-trafic-de-droguri-de-mare-risc-2%2F&amp;via=TV+Buz%C4%83u\"><\/p>\n<div class=\"td-social-but-text\">Distribui\u021bi pe Twitter<\/div>\n<p><\/a><\/div>\n<div class=\"td-classic-sharing\">\n<ul>\n<li class=\"td-classic-facebook\"><iframe frameborder src=\"https:\/\/www.facebook.com\/plugins\/like.php?href=https:\/\/www.tvbuzau.ro\/cercetati-pentru-trafic-de-droguri-de-mare-risc-2\/&amp;layout=button_count&amp;show_faces=false&amp;width=105&amp;action=like&amp;colorscheme=light&amp;height=21\"><\/iframe><\/li>\n<li class=\"td-classic-twitter\"><a href=\"https:\/\/twitter.com\/share\" class=\"twitter-share-button\" data-url=\"https:\/\/www.tvbuzau.ro\/cercetati-pentru-trafic-de-droguri-de-mare-risc-2\/\" data-text=\"Cerceta\u0163i pentru trafic de droguri de mare risc\" data-via data-lang=\"en\">tweet<\/a><\/li>\n<\/ul>\n<\/div>\n<\/div>\n<div class=\"td-post-content\">\n<div class=\"td-featured-image-rec\">\n<div class=\"wpb_video_wrapper\">\n                    <iframe loading=\"lazy\" id=\"td_youtube_player\" width=\"600\" height=\"560\" src=\"https:\/\/www.youtube.com\/embed\/kOOtWPESrPg?enablejsapi=1&amp;feature=oembed&amp;wmode=opaque&amp;vq=hd720\" frameborder allowfullscreen><\/iframe><\/p><\/div>\n<\/div>\n<p>Cum ridicau consumatorii marfa<br \/>\nPoli\u021bi\u0219tii Serviciului de Combatere a Criminalit\u0103\u021bii Organizate Buz\u0103u, \u00eempreun\u0103 cu procurorii Direc\u021biei de Investigare a Infrac\u021biunilor de Criminalitate Organizat\u0103 \u0219i Terorism \u2013 Biroul Teritorial Buz\u0103u, au documentat activitatea infrac\u021bional\u0103 a 4 persoane cu v\u00e2rste \u00eentre 20 \u0219i 43 de ani, cercetate sub aspectul s\u0103v\u00e2r\u0219irii infrac\u021biunilor de trafic de droguri de risc, trafic de droguri de mare risc \u0219i efectuarea f\u0103r\u0103 drept de opera\u021biuni cu produse \u0219tiind c\u0103 sunt susceptibile a avea efecte psihoactive, \u00een form\u0103 continuat\u0103.<\/p>\n<p>\u201eDin probatoriul administrat \u00een cauz\u0103 a reie\u0219it faptul c\u0103, \u00een perioada octombrie 2025 \u2013 martie 2026, la diferite date, persoanele cercetate ar fi procurat, de\u021binut \u0219i comercializat, \u00een municipiul Buz\u0103u, diferite cantit\u0103\u021bi de substan\u021be interzise, plata fiind realizat\u0103 \u00een criptomoned\u0103.<br \/>\nProcurarea \u0219i v\u00e2nzarea drogurilor \u0219i produselor psihoactive, o parte dintre acestea indisponibilizate pe parcursul urm\u0103ririi penale, s-ar fi realizat prin metoda \u201cdead drop\u201d, substan\u021bele ar fi fost oferite spre comercializare prin intermediul unei aplica\u021bii online. Cercet\u0103rile au reliefat c\u0103, dup\u0103 ce clien\u021bii ar fi efectuat plata, persoanele cercetate le-ar fi transmis fotografii cu loca\u021bia unde sunt amplasate drogurile, precum \u0219i anumite coordonate geografice. \u00cen urma celor 9 perchezi\u021bii domiciliare efectuate, de c\u0103tre poli\u021bi\u0219ti, la data de 9 martie 2026, au fost descoperite \u0219i ridicate cantit\u0103\u021bile de aproximativ 100 de grame de 3-CMC, cunoscut sub denumirea generic\u0103 de cristal (drog de mare risc), 80 de grame de canabis (drog de risc), 34 de grame de rezin\u0103 de canabis (drog de risc), plicuri autosigilante, precum \u0219i alte mijloace de prob\u0103\u201d, a transmis Inspectoratul de Poli\u0163ie Jude\u0163ean Buz\u0103u.<br \/>\nAst\u0103zi, 10 martie, a fost sesizat judec\u0103torul de drepturi \u0219i libert\u0103\u021bi din cadrul Tribunalului Buz\u0103u cu propunere de arestare preventiv\u0103 a acestora, pentru 30 de zile.<\/p>\n<div class=\"post-views post-118319 entry-meta\"><span class=\"post-views-label\">Post Views: <\/span><span class=\"post-views-count\">205<\/span><\/div>\n<\/div>\n<footer>\n<div class=\"td-post-sharing td-post-sharing-bottom td-with-like\"><span class=\"td-post-share-title\">DISTRIBUI\u021aI<\/span><\/p>\n<div class=\"td-default-sharing\"><a class=\"td-social-sharing-buttons td-social-facebook\" href=\"http:\/\/www.facebook.com\/sharer.php?u=https%3A%2F%2Fwww.tvbuzau.ro%2Fcercetati-pentru-trafic-de-droguri-de-mare-risc-2%2F\"><\/p>\n<div class=\"td-social-but-text\">Facebook<\/div>\n<p><\/a><a class=\"td-social-sharing-buttons td-social-twitter\" href=\"https:\/\/twitter.com\/intent\/tweet?text=Cerceta%C5%A3i+pentru+trafic+de+droguri+de+mare+risc&amp;url=https%3A%2F%2Fwww.tvbuzau.ro%2Fcercetati-pentru-trafic-de-droguri-de-mare-risc-2%2F&amp;via=TV+Buz%C4%83u\"><\/p>\n<div class=\"td-social-but-text\">Twitter<\/div>\n<p><\/a><\/div>\n<div class=\"td-classic-sharing\">\n<ul>\n<li class=\"td-classic-facebook\"><iframe frameborder src=\"https:\/\/www.facebook.com\/plugins\/like.php?href=https:\/\/www.tvbuzau.ro\/cercetati-pentru-trafic-de-droguri-de-mare-risc-2\/&amp;layout=button_count&amp;show_faces=false&amp;width=105&amp;action=like&amp;colorscheme=light&amp;height=21\"><\/iframe><\/li>\n<li class=\"td-classic-twitter\"><a href=\"https:\/\/twitter.com\/share\" class=\"twitter-share-button\" data-url=\"https:\/\/www.tvbuzau.ro\/cercetati-pentru-trafic-de-droguri-de-mare-risc-2\/\" data-text=\"Cerceta\u0163i pentru trafic de droguri de mare risc\" data-via data-lang=\"en\">tweet<\/a><\/li>\n<\/ul>\n<\/div>\n<\/div>\n<div class=\"td-author-name vcard author\"><span class=\"fn\"><a href=\"https:\/\/www.tvbuzau.ro\/author\/mihai-vasilescu\/\">TV Buz\u0103u<\/a><\/span><\/div>\n<p><span><\/span><span><span><\/span><\/span><span><\/span><\/footer>\n<\/article>\n<div class=\"td_block_wrap td_block_related_posts td_uid_1_69b28a3e50093_rand td_with_ajax_pagination td-pb-border-top\" data-td-block-uid=\"td_uid_1_69b28a3e50093\">\n<h4 class=\"td-related-title\"><a id=\"td_uid_2_69b28a3e55726\" class=\"td-related-left td-cur-simple-item\" data-td_filter_value data-td_block_id=\"td_uid_1_69b28a3e50093\" href=\"https:\/\/www.tvbuzau.ro\/cercetati-pentru-trafic-de-droguri-de-mare-risc-2\/\">ARTICOLE SIMILARE<\/a><a id=\"td_uid_3_69b28a3e55760\" class=\"td-related-right\" data-td_filter_value=\"td_related_more_from_author\" data-td_block_id=\"td_uid_1_69b28a3e50093\" href=\"https:\/\/www.tvbuzau.ro\/cercetati-pentru-trafic-de-droguri-de-mare-risc-2\/\">DE LA ACELA\u0218I AUTOR<\/a><\/h4>\n<div id=\"td_uid_1_69b28a3e50093\" class=\"td_block_inner\">\n<div class=\"td-related-row\">\n<div class=\"td-related-span4\">\n<div class=\"td_module_related_posts td-animation-stack td_mod_related_posts\">\n<div class=\"td-module-image\">\n<div class=\"td-module-thumb\"><a href=\"https:\/\/www.tvbuzau.ro\/finantarea-pentru-tabara-arbanasi-blocata\/\" rel=\"bookmark\" title=\"Finan\u0163area pentru tab\u0103ra Arb\u0103na\u015fi blocat\u0103\"><img loading=\"lazy\" decoding=\"async\" width=\"218\" height=\"150\" class=\"entry-thumb\" src=\"https:\/\/www.tvbuzau.ro\/wp-content\/uploads\/2026\/03\/hqdefault-16-218x150.jpg\" alt title=\"Finan\u0163area pentru tab\u0103ra Arb\u0103na\u015fi blocat\u0103\"><span class=\"td-video-play-ico\"><img loading=\"lazy\" decoding=\"async\" width=\"40\" height=\"40\" class=\"td-retina\" src=\"https:\/\/www.tvbuzau.ro\/wp-content\/themes\/Newspaper\/images\/icons\/ico-video-large.png\" alt=\"video\"><\/span><\/a><\/div>\n<p><a href=\"https:\/\/www.tvbuzau.ro\/category\/actualitate\/\" class=\"td-post-category\">Actualitate<\/a><\/div>\n<div class=\"item-details\">\n<h3 class=\"entry-title td-module-title\"><a href=\"https:\/\/www.tvbuzau.ro\/finantarea-pentru-tabara-arbanasi-blocata\/\" rel=\"bookmark\" title=\"Finan\u0163area pentru tab\u0103ra Arb\u0103na\u015fi blocat\u0103\">Finan\u0163area pentru tab\u0103ra Arb\u0103na\u015fi blocat\u0103<\/a><\/h3>\n<\/div>\n<\/div>\n<\/div>\n<div class=\"td-related-span4\">\n<div class=\"td_module_related_posts td-animation-stack td_mod_related_posts\">\n<div class=\"td-module-image\">\n<div class=\"td-module-thumb\"><a href=\"https:\/\/www.tvbuzau.ro\/isi-permit-buzoienii-sa-tina-postul-pastelui\/\" rel=\"bookmark\" title=\"\u00ce\u015fi permit buzoienii s\u0103 \u0163in\u0103 Postul Pa\u015ftelui?\"><img loading=\"lazy\" decoding=\"async\" width=\"218\" height=\"150\" class=\"entry-thumb\" src=\"https:\/\/www.tvbuzau.ro\/wp-content\/uploads\/2026\/03\/sddefault-19-218x150.jpg\" alt title=\"\u00ce\u015fi permit buzoienii s\u0103 \u0163in\u0103 Postul Pa\u015ftelui?\"><span class=\"td-video-play-ico\"><img loading=\"lazy\" decoding=\"async\" width=\"40\" height=\"40\" class=\"td-retina\" src=\"https:\/\/www.tvbuzau.ro\/wp-content\/themes\/Newspaper\/images\/icons\/ico-video-large.png\" alt=\"video\"><\/span><\/a><\/div>\n<p><a href=\"https:\/\/www.tvbuzau.ro\/category\/actualitate\/\" class=\"td-post-category\">Actualitate<\/a><\/div>\n<div class=\"item-details\">\n<h3 class=\"entry-title td-module-title\"><a href=\"https:\/\/www.tvbuzau.ro\/isi-permit-buzoienii-sa-tina-postul-pastelui\/\" rel=\"bookmark\" title=\"\u00ce\u015fi permit buzoienii s\u0103 \u0163in\u0103 Postul Pa\u015ftelui?\">\u00ce\u015fi permit buzoienii s\u0103 \u0163in\u0103 Postul Pa\u015ftelui?<\/a><\/h3>\n<\/div>\n<\/div>\n<\/div>\n<div class=\"td-related-span4\">\n<div class=\"td_module_related_posts td-animation-stack td_mod_related_posts\">\n<div class=\"td-module-image\">\n<div class=\"td-module-thumb\"><a href=\"https:\/\/www.tvbuzau.ro\/miros-de-paine-calda-painea-in-epoca-regatului-dac-la-muzeu\/\" rel=\"bookmark\" title=\"\u201eMiros de p\u00e2ine cald\u0103. P\u00e2inea \u00een epoca Regatului Dac\u201d la muzeu\"><img loading=\"lazy\" decoding=\"async\" width=\"218\" height=\"150\" class=\"entry-thumb\" src=\"https:\/\/www.tvbuzau.ro\/wp-content\/uploads\/2026\/03\/maxresdefault-2-218x150.jpg\" alt title=\"\u201eMiros de p\u00e2ine cald\u0103. P\u00e2inea \u00een epoca Regatului Dac\u201d la muzeu\"><span class=\"td-video-play-ico\"><img loading=\"lazy\" decoding=\"async\" width=\"40\" height=\"40\" class=\"td-retina\" src=\"https:\/\/www.tvbuzau.ro\/wp-content\/themes\/Newspaper\/images\/icons\/ico-video-large.png\" alt=\"video\"><\/span><\/a><\/div>\n<p><a href=\"https:\/\/www.tvbuzau.ro\/category\/actualitate\/\" class=\"td-post-category\">Actualitate<\/a><\/div>\n<div class=\"item-details\">\n<h3 class=\"entry-title td-module-title\"><a href=\"https:\/\/www.tvbuzau.ro\/miros-de-paine-calda-painea-in-epoca-regatului-dac-la-muzeu\/\" rel=\"bookmark\" title=\"\u201eMiros de p\u00e2ine cald\u0103. P\u00e2inea \u00een epoca Regatului Dac\u201d la muzeu\">\u201eMiros de p\u00e2ine cald\u0103. P\u00e2inea \u00een epoca Regatului Dac\u201d la muzeu<\/a><\/h3>\n<\/div>\n<\/div>\n<\/div>\n<\/div>\n<div class=\"td-related-row\">\n<div class=\"td-related-span4\">\n<div class=\"td_module_related_posts td-animation-stack td_mod_related_posts\">\n<div class=\"td-module-image\">\n<div class=\"td-module-thumb\"><a href=\"https:\/\/www.tvbuzau.ro\/politistii-au-impartit-in-loc-de-amenzi-flori\/\" rel=\"bookmark\" title=\"Poli\u0163i\u015ftii au \u00eemp\u0103r\u0163it \u00een loc de amenzi, flori\"><img loading=\"lazy\" decoding=\"async\" width=\"218\" height=\"150\" class=\"entry-thumb\" src=\"https:\/\/www.tvbuzau.ro\/wp-content\/uploads\/2026\/03\/hqdefault-15-218x150.jpg\" alt title=\"Poli\u0163i\u015ftii au \u00eemp\u0103r\u0163it \u00een loc de amenzi, flori\"><span class=\"td-video-play-ico\"><img loading=\"lazy\" decoding=\"async\" width=\"40\" height=\"40\" class=\"td-retina\" src=\"https:\/\/www.tvbuzau.ro\/wp-content\/themes\/Newspaper\/images\/icons\/ico-video-large.png\" alt=\"video\"><\/span><\/a><\/div>\n<p><a href=\"https:\/\/www.tvbuzau.ro\/category\/actualitate\/\" class=\"td-post-category\">Actualitate<\/a><\/div>\n<div class=\"item-details\">\n<h3 class=\"entry-title td-module-title\"><a href=\"https:\/\/www.tvbuzau.ro\/politistii-au-impartit-in-loc-de-amenzi-flori\/\" rel=\"bookmark\" title=\"Poli\u0163i\u015ftii au \u00eemp\u0103r\u0163it \u00een loc de amenzi, flori\">Poli\u0163i\u015ftii au \u00eemp\u0103r\u0163it \u00een loc de amenzi, flori<\/a><\/h3>\n<\/div>\n<\/div>\n<\/div>\n<div class=\"td-related-span4\">\n<div class=\"td_module_related_posts td-animation-stack td_mod_related_posts\">\n<div class=\"td-module-image\">\n<div class=\"td-module-thumb\"><a href=\"https:\/\/www.tvbuzau.ro\/ajutorul-pentru-motorina-doar-in-2026\/\" rel=\"bookmark\" title=\"Ajutorul pentru motorin\u0103 doar \u00een 2026\"><img loading=\"lazy\" decoding=\"async\" width=\"218\" height=\"150\" class=\"entry-thumb\" src=\"https:\/\/www.tvbuzau.ro\/wp-content\/uploads\/2026\/03\/hqdefault-14-218x150.jpg\" alt title=\"Ajutorul pentru motorin\u0103 doar \u00een 2026\"><span class=\"td-video-play-ico\"><img loading=\"lazy\" decoding=\"async\" width=\"40\" height=\"40\" class=\"td-retina\" src=\"https:\/\/www.tvbuzau.ro\/wp-content\/themes\/Newspaper\/images\/icons\/ico-video-large.png\" alt=\"video\"><\/span><\/a><\/div>\n<p><a href=\"https:\/\/www.tvbuzau.ro\/category\/actualitate\/\" class=\"td-post-category\">Actualitate<\/a><\/div>\n<div class=\"item-details\">\n<h3 class=\"entry-title td-module-title\"><a href=\"https:\/\/www.tvbuzau.ro\/ajutorul-pentru-motorina-doar-in-2026\/\" rel=\"bookmark\" title=\"Ajutorul pentru motorin\u0103 doar \u00een 2026\">Ajutorul pentru motorin\u0103 doar \u00een 2026<\/a><\/h3>\n<\/div>\n<\/div>\n<\/div>\n<div class=\"td-related-span4\">\n<div class=\"td_module_related_posts td-animation-stack td_mod_related_posts\">\n<div class=\"td-module-image\">\n<div class=\"td-module-thumb\"><a href=\"https:\/\/www.tvbuzau.ro\/date-agrometeorologice-generate-in-timp-real-pentru-fermieri\/\" rel=\"bookmark\" title=\"Date agrometeorologice generate \u00een timp real pentru fermieri\"><img loading=\"lazy\" decoding=\"async\" width=\"218\" height=\"150\" class=\"entry-thumb\" src=\"https:\/\/www.tvbuzau.ro\/wp-content\/uploads\/2026\/03\/sddefault-18-218x150.jpg\" alt title=\"Date agrometeorologice generate \u00een timp real pentru fermieri\"><span class=\"td-video-play-ico\"><img loading=\"lazy\" decoding=\"async\" width=\"40\" height=\"40\" class=\"td-retina\" src=\"https:\/\/www.tvbuzau.ro\/wp-content\/themes\/Newspaper\/images\/icons\/ico-video-large.png\" alt=\"video\"><\/span><\/a><\/div>\n<p><a href=\"https:\/\/www.tvbuzau.ro\/category\/actualitate\/\" class=\"td-post-category\">Actualitate<\/a><\/div>\n<div class=\"item-details\">\n<h3 class=\"entry-title td-module-title\"><a href=\"https:\/\/www.tvbuzau.ro\/date-agrometeorologice-generate-in-timp-real-pentru-fermieri\/\" rel=\"bookmark\" title=\"Date agrometeorologice generate \u00een timp real pentru fermieri\">Date agrometeorologice generate \u00een timp real pentru fermieri<\/a><\/h3>\n<\/div>\n<\/div>\n<\/div>\n<\/div>\n<\/div>\n<\/div>\n<div class=\"comments\" id=\"comments\">\n<div id=\"respond\" class=\"comment-respond\">\n<h3 id=\"reply-title\" class=\"comment-reply-title\">L\u0102SA\u021aI UN MESAJ <small><a rel=\"nofollow\" id=\"cancel-comment-reply-link\" href=\"https:\/\/www.tvbuzau.ro\/cercetati-pentru-trafic-de-droguri-de-mare-risc-2\/#respond\">Renun\u021ba\u021bi la r\u0103spuns<\/a><\/small><\/h3>\n<\/div>\n<\/div>\n<\/div>\n<div class=\"td-post-content\">\n<div class=\"td-featured-image-rec\">\n<div class=\"wpb_video_wrapper\">\n                    <iframe loading=\"lazy\" id=\"td_youtube_player\" width=\"600\" height=\"560\" src=\"https:\/\/www.youtube.com\/embed\/kOOtWPESrPg?enablejsapi=1&amp;feature=oembed&amp;wmode=opaque&amp;vq=hd720\" frameborder allowfullscreen><\/iframe><\/p><\/div>\n<\/div>\n<p>Cum ridicau consumatorii marfa<br \/>\nPoli\u021bi\u0219tii Serviciului de Combatere a Criminalit\u0103\u021bii Organizate Buz\u0103u, \u00eempreun\u0103 cu procurorii Direc\u021biei de Investigare a Infrac\u021biunilor de Criminalitate Organizat\u0103 \u0219i Terorism \u2013 Biroul Teritorial Buz\u0103u, au documentat activitatea infrac\u021bional\u0103 a 4 persoane cu v\u00e2rste \u00eentre 20 \u0219i 43 de ani, cercetate sub aspectul s\u0103v\u00e2r\u0219irii infrac\u021biunilor de trafic de droguri de risc, trafic de droguri de mare risc \u0219i efectuarea f\u0103r\u0103 drept de opera\u021biuni cu produse \u0219tiind c\u0103 sunt susceptibile a avea efecte psihoactive, \u00een form\u0103 continuat\u0103.<\/p>\n<p>\u201eDin probatoriul administrat \u00een cauz\u0103 a reie\u0219it faptul c\u0103, \u00een perioada octombrie 2025 \u2013 martie 2026, la diferite date, persoanele cercetate ar fi procurat, de\u021binut \u0219i comercializat, \u00een municipiul Buz\u0103u, diferite cantit\u0103\u021bi de substan\u021be interzise, plata fiind realizat\u0103 \u00een criptomoned\u0103.<br \/>\nProcurarea \u0219i v\u00e2nzarea drogurilor \u0219i produselor psihoactive, o parte dintre acestea indisponibilizate pe parcursul urm\u0103ririi penale, s-ar fi realizat prin metoda \u201cdead drop\u201d, substan\u021bele ar fi fost oferite spre comercializare prin intermediul unei aplica\u021bii online. Cercet\u0103rile au reliefat c\u0103, dup\u0103 ce clien\u021bii ar fi efectuat plata, persoanele cercetate le-ar fi transmis fotografii cu loca\u021bia unde sunt amplasate drogurile, precum \u0219i anumite coordonate geografice. \u00cen urma celor 9 perchezi\u021bii domiciliare efectuate, de c\u0103tre poli\u021bi\u0219ti, la data de 9 martie 2026, au fost descoperite \u0219i ridicate cantit\u0103\u021bile de aproximativ 100 de grame de 3-CMC, cunoscut sub denumirea generic\u0103 de cristal (drog de mare risc), 80 de grame de canabis (drog de risc), 34 de grame de rezin\u0103 de canabis (drog de risc), plicuri autosigilante, precum \u0219i alte mijloace de prob\u0103\u201d, a transmis Inspectoratul de Poli\u0163ie Jude\u0163ean Buz\u0103u.<br \/>\nAst\u0103zi, 10 martie, a fost sesizat judec\u0103torul de drepturi \u0219i libert\u0103\u021bi din cadrul Tribunalului Buz\u0103u cu propunere de arestare preventiv\u0103 a acestora, pentru 30 de zile.<\/p>\n<div class=\"post-views post-118319 entry-meta\"><span class=\"post-views-label\">Post Views: <\/span><span class=\"post-views-count\">205<\/span><\/div>\n<\/div>\n<p>[analyse_source url=&#8221;https:\/\/www.tvbuzau.ro\/cercetati-pentru-trafic-de-droguri-de-mare-risc-2\/&#8221;]<\/p>\n","protected":false},"excerpt":{"rendered":"<p>[analyse_image type=&#8221;featured&#8221; src=&#8221;https:\/\/www.tvbuzau.ro\/wp-content\/uploads\/2026\/03\/hqdefault-17.jpghttps:\/\/www.tvbuzau.ro\/wp-content\/uploads\/2026\/03\/hqdefault-17.jpg&#8221;] Actualitate Cerceta\u0163i pentru trafic de droguri de mare risc De c\u0103tre TV Buz\u0103u &#8211; martie 10, 2026 0 21 Distribui\u021bi pe Facebook Distribui\u021bi pe Twitter tweet Cum ridicau consumatorii marfa Poli\u021bi\u0219tii Serviciului de Combatere a Criminalit\u0103\u021bii Organizate Buz\u0103u, \u00eempreun\u0103 cu procurorii Direc\u021biei de Investigare a Infrac\u021biunilor de Criminalitate Organizat\u0103 \u0219i Terorism \u2013 [&hellip;]<\/p>\n","protected":false},"author":1,"featured_media":0,"comment_status":"open","ping_status":"","sticky":false,"template":"","format":"standard","meta":{"footnotes":""},"categories":[2],"tags":[226,116],"class_list":["post-1821827","post","type-post","status-publish","format-standard","hentry","category-politics","tag-crawlmanager","tag-tvbuzau-ro"],"_links":{"self":[{"href":"https:\/\/analyse.optim.biz\/index.php?rest_route=\/wp\/v2\/posts\/1821827","targetHints":{"allow":["GET"]}}],"collection":[{"href":"https:\/\/analyse.optim.biz\/index.php?rest_route=\/wp\/v2\/posts"}],"about":[{"href":"https:\/\/analyse.optim.biz\/index.php?rest_route=\/wp\/v2\/types\/post"}],"author":[{"embeddable":true,"href":"https:\/\/analyse.optim.biz\/index.php?rest_route=\/wp\/v2\/users\/1"}],"replies":[{"embeddable":true,"href":"https:\/\/analyse.optim.biz\/index.php?rest_route=%2Fwp%2Fv2%2Fcomments&post=1821827"}],"version-history":[{"count":0,"href":"https:\/\/analyse.optim.biz\/index.php?rest_route=\/wp\/v2\/posts\/1821827\/revisions"}],"wp:attachment":[{"href":"https:\/\/analyse.optim.biz\/index.php?rest_route=%2Fwp%2Fv2%2Fmedia&parent=1821827"}],"wp:term":[{"taxonomy":"category","embeddable":true,"href":"https:\/\/analyse.optim.biz\/index.php?rest_route=%2Fwp%2Fv2%2Fcategories&post=1821827"},{"taxonomy":"post_tag","embeddable":true,"href":"https:\/\/analyse.optim.biz\/index.php?rest_route=%2Fwp%2Fv2%2Ftags&post=1821827"}],"curies":[{"name":"wp","href":"https:\/\/api.w.org\/{rel}","templated":true}]}}