{"id":1821662,"date":"2026-03-09T09:40:17","date_gmt":"2026-03-09T06:40:17","guid":{"rendered":"https:\/\/analyse.optim.biz\/?p=1821662"},"modified":"2026-03-09T09:40:17","modified_gmt":"2026-03-09T06:40:17","slug":"memorial-pentru-victimele-femicidurilor-intalnirea-este-in-centru","status":"publish","type":"post","link":"https:\/\/analyse.optim.biz\/?p=1821662","title":{"rendered":"Memorial pentru victimele femicidurilor! \u00cent\u00e2lnirea este \u00een centru"},"content":{"rendered":"<p>[analyse_image type=&#8221;featured&#8221; src=&#8221;https:\/\/gazetadinvest.ro\/wp-content\/uploads\/2015\/05\/12751938.jpg&#8221;]<\/p>\n<div class=\"td-post-content tagdiv-type\">\n<div class=\"td-post-featured-image\"><a href=\"https:\/\/gazetadinvest.ro\/wp-content\/uploads\/2015\/05\/12751938.jpg\" data-caption><img loading=\"lazy\" decoding=\"async\" width=\"640\" height=\"425\" class=\"entry-thumb td-modal-image\" src=\"https:\/\/gazetadinvest.ro\/wp-content\/uploads\/2015\/05\/12751938.jpg\" alt title=\"lumanari aprinse\"><\/a><\/div>\n<p><strong>Cel de-al \u0219aptelea femicid din 2026 a avut loc la noi \u00een Timi\u0219oara, ieri, pe 8 martie!<\/strong><\/p>\n<p>Un b\u0103rbat \u00een v\u00e2rst\u0103 de 35 de ani \u0219i-a \u00eenjunghiat mama, autorit\u0103\u021bile estimeaz\u0103 crima \u00een jurul orei 16. Vecinii au imobilizat criminalul \u0219i au sunat la 112, acesta fiind ulterior re\u021binut.<\/p>\n<p><em>\u201e\u00cen memoria victimei femicidului de ieri, dar \u0219i pe celelalte victime ale femicidului, deja 7 \u00een acest an, grupul nostru de Ini\u021biativ\u0103, Solidarity Hub Timi\u015foara, va organiza un memorial in Pia\u021ba Operei pe tot parcursul s\u0103pt\u0103m\u00e2nii, iar comemorarea va avea loc \u00een fiecare zi p\u00e2n\u0103 duminic\u0103.<\/em><\/p>\n<p><em>Nu putem sta deoparte, nu putem sta acas\u0103 \u00een lini\u0219te, c\u00e2nd \u0219tirile dau c\u00e2te un femicid la c\u00e2teva zile! Ne vedem cu publicul zilnic de la ora 19, \u00een Pia\u021ba Operei. \u00cent\u00e2lnirea e l\u00e2ng\u0103 ceas. Doritorii pot s\u0103 aduc\u0103 flori \u0219i lum\u00e2n\u0103ri. Niciuna nu va fi uitat\u0103!\u201d<\/em>, transmite Solidarity Hub Timi\u015foara.<\/p>\n<\/div>\n<div class=\"td-post-content tagdiv-type\">\n<div class=\"td-post-featured-image\"><a href=\"https:\/\/gazetadinvest.ro\/wp-content\/uploads\/2015\/05\/12751938.jpg\" data-caption><img loading=\"lazy\" decoding=\"async\" width=\"640\" height=\"425\" class=\"entry-thumb td-modal-image\" src=\"https:\/\/gazetadinvest.ro\/wp-content\/uploads\/2015\/05\/12751938.jpg\" alt title=\"lumanari aprinse\"><\/a><\/div>\n<p><strong>Cel de-al \u0219aptelea femicid din 2026 a avut loc la noi \u00een Timi\u0219oara, ieri, pe 8 martie!<\/strong><\/p>\n<p>Un b\u0103rbat \u00een v\u00e2rst\u0103 de 35 de ani \u0219i-a \u00eenjunghiat mama, autorit\u0103\u021bile estimeaz\u0103 crima \u00een jurul orei 16. Vecinii au imobilizat criminalul \u0219i au sunat la 112, acesta fiind ulterior re\u021binut.<\/p>\n<p><em>\u201e\u00cen memoria victimei femicidului de ieri, dar \u0219i pe celelalte victime ale femicidului, deja 7 \u00een acest an, grupul nostru de Ini\u021biativ\u0103, Solidarity Hub Timi\u015foara, va organiza un memorial in Pia\u021ba Operei pe tot parcursul s\u0103pt\u0103m\u00e2nii, iar comemorarea va avea loc \u00een fiecare zi p\u00e2n\u0103 duminic\u0103.<\/em><\/p>\n<p><em>Nu putem sta deoparte, nu putem sta acas\u0103 \u00een lini\u0219te, c\u00e2nd \u0219tirile dau c\u00e2te un femicid la c\u00e2teva zile! Ne vedem cu publicul zilnic de la ora 19, \u00een Pia\u021ba Operei. \u00cent\u00e2lnirea e l\u00e2ng\u0103 ceas. Doritorii pot s\u0103 aduc\u0103 flori \u0219i lum\u00e2n\u0103ri. Niciuna nu va fi uitat\u0103!\u201d<\/em>, transmite Solidarity Hub Timi\u015foara.<\/p>\n<\/div>\n<p>[analyse_source url=&#8221;https:\/\/gazetadinvest.ro\/memorial-pentru-victimele-femicidurilor-intalnirea-este-in-centru\/&#8221;]<\/p>\n","protected":false},"excerpt":{"rendered":"<p>[analyse_image type=&#8221;featured&#8221; src=&#8221;https:\/\/gazetadinvest.ro\/wp-content\/uploads\/2015\/05\/12751938.jpg&#8221;] Cel de-al \u0219aptelea femicid din 2026 a avut loc la noi \u00een Timi\u0219oara, ieri, pe 8 martie! Un b\u0103rbat \u00een v\u00e2rst\u0103 de 35 de ani \u0219i-a \u00eenjunghiat mama, autorit\u0103\u021bile estimeaz\u0103 crima \u00een jurul orei 16. Vecinii au imobilizat criminalul \u0219i au sunat la 112, acesta fiind ulterior re\u021binut. \u201e\u00cen memoria victimei femicidului [&hellip;]<\/p>\n","protected":false},"author":1,"featured_media":0,"comment_status":"open","ping_status":"","sticky":false,"template":"","format":"standard","meta":{"footnotes":""},"categories":[89],"tags":[226,203],"class_list":["post-1821662","post","type-post","status-publish","format-standard","hentry","category-romania","tag-crawlmanager","tag-gazetadinvest-ro"],"_links":{"self":[{"href":"https:\/\/analyse.optim.biz\/index.php?rest_route=\/wp\/v2\/posts\/1821662","targetHints":{"allow":["GET"]}}],"collection":[{"href":"https:\/\/analyse.optim.biz\/index.php?rest_route=\/wp\/v2\/posts"}],"about":[{"href":"https:\/\/analyse.optim.biz\/index.php?rest_route=\/wp\/v2\/types\/post"}],"author":[{"embeddable":true,"href":"https:\/\/analyse.optim.biz\/index.php?rest_route=\/wp\/v2\/users\/1"}],"replies":[{"embeddable":true,"href":"https:\/\/analyse.optim.biz\/index.php?rest_route=%2Fwp%2Fv2%2Fcomments&post=1821662"}],"version-history":[{"count":0,"href":"https:\/\/analyse.optim.biz\/index.php?rest_route=\/wp\/v2\/posts\/1821662\/revisions"}],"wp:attachment":[{"href":"https:\/\/analyse.optim.biz\/index.php?rest_route=%2Fwp%2Fv2%2Fmedia&parent=1821662"}],"wp:term":[{"taxonomy":"category","embeddable":true,"href":"https:\/\/analyse.optim.biz\/index.php?rest_route=%2Fwp%2Fv2%2Fcategories&post=1821662"},{"taxonomy":"post_tag","embeddable":true,"href":"https:\/\/analyse.optim.biz\/index.php?rest_route=%2Fwp%2Fv2%2Ftags&post=1821662"}],"curies":[{"name":"wp","href":"https:\/\/api.w.org\/{rel}","templated":true}]}}