{"id":1821658,"date":"2026-03-12T06:05:38","date_gmt":"2026-03-12T03:05:38","guid":{"rendered":"https:\/\/analyse.optim.biz\/?p=1821658"},"modified":"2026-03-12T06:05:38","modified_gmt":"2026-03-12T03:05:38","slug":"aliante-pentru-hrana-buna-initiative-locale-din-regiunea-vest-s-au-reunit-pentru-a-sustine-lanturile-alimentare-scurte-si-gastronomia-durabila","status":"publish","type":"post","link":"https:\/\/analyse.optim.biz\/?p=1821658","title":{"rendered":"Alian\u021be pentru hran\u0103 bun\u0103: ini\u021biative locale din Regiunea Vest s-au reunit pentru a sus\u021bine lan\u021burile alimentare scurte \u0219i gastronomia durabil\u0103"},"content":{"rendered":"<p>[analyse_image type=&#8221;featured&#8221; src=&#8221;https:\/\/www.banatulazi.ro\/wp-content\/uploads\/2026\/03\/Foto_Din-gradina-in-farfurie_4.jpg&#8221;]<\/p>\n<div class=\"td_block_wrap tdb_single_content tdi_64 td-pb-border-top td_block_template_1 td-post-content tagdiv-type\" data-td-block-uid=\"tdi_64\">\n<div class=\"tdb-block-inner td-fix-index\">\n<p><strong>\u00cen contextul \u00een care Banatul se preg\u0103te\u0219te s\u0103 \u00ee\u0219i sus\u021bin\u0103 candidatura pentru titlul de Regiune Gastronomic\u0103 European\u0103, reprezentan\u021bi ai unor ini\u021biative locale din domeniul produc\u021biei alimentare, gastronomiei sustenabile, turismului responsabil \u0219i societ\u0103\u021bii civile s-au \u00eent\u00e2lnit  la Timi\u0219oara, \u00een cadrul mesei rotunde \u201eDin gr\u0103din\u0103 \u00een farfurie: alian\u021be urban-rural pentru hran\u0103 bun\u0103 \u00een Regiunea Vest\u201d, av\u00e2nd ca obiectiv consolidarea lan\u021burilor alimentare scurte \u0219i promovarea practicilor agroecologice.<\/strong><\/p>\n<p>\u00cent\u00e2lnirea a facilitat un dialog deschis \u00eentre produc\u0103tori, buc\u0103tari, ini\u021biative sociale \u0219i organiza\u021bii care promoveaz\u0103 alimenta\u021bia responsabil\u0103 \u0219i valorificarea resurselor locale.<br \/>\nParticipan\u021bii au discutat despre modul \u00een care colaborarea dintre aceste ini\u021biative poate contribui la dezvoltarea unui sistem alimentar local mai echitabil, mai sustenabil \u0219i mai conectat la specificul cultural \u0219i natural al regiunii.<br \/>\nReprezentan\u021bii Asocia\u021biei Visit Timi\u0219 \u2013 Asocia\u021bia pentru Promovarea \u0219i Dezvoltarea Turismului \u00een Jude\u021bul Timi\u0219, coordonator al proiectului \u201eBanat \u2013 Regiune Gastronomic\u0103 European\u0103 2028\u201d, au prezentat informa\u021bii actualizate legate de procesul de preg\u0103tire a candidaturii.<\/p>\n<p>Dintre ini\u021biativele locale prezente amintim: Asocia\u021bia Curtea Culorilor din S\u00e2rbova \u2013 \u00eentreprindere social\u0103 de inser\u021bie care gestioneaz\u0103 un atelier de br\u00e2nzeturi artizanale; Agape art\u0103&amp;natur\u0103 din Silagiu \u2013 cram\u0103 local\u0103 care produce vinuri artizanale \u00eentr-o manier\u0103 sustenabil\u0103, cu respect pentru mediu, oameni \u0219i tradi\u021biile locale; puncte gastronomice locale din Timi\u0219 \u0219i Hunedoara \u2013 Amzokulinar, Punctul Gastronomic Local Din Gr\u0103dina lui Raul \u0219i Nopcsa\u2019s Grill S\u00e2nt\u0103m\u0103ria.<\/p>\n<p>De asemenea, au fost prezen\u021bi reprezentan\u021bi ai Asocia\u021biei Exploreaz\u0103 Z\u0103randul \u2013 Petri\u0219, \u00eentreprindere social\u0103 care promoveaz\u0103 turismul sustenabil, Asocia\u021bia My Banat, organiza\u021bie care promoveaz\u0103 tradi\u021biile din Banat \u0219i dezvolt\u0103 instrumente de coagulare a comunit\u0103\u021bii, C\u0103mara din Tote\u0219ti, din \u021aara Ha\u021begului, recunoscut\u0103 pentru produsele artizanale realizate din ingrediente locale \u0219i din flora spontan\u0103, recoltate responsabil, Asocia\u021bia Degustaria, reprezentat\u0103 de Laura Lauren\u021biu, buc\u0103tar \u0219i blogger culinar, cunoscut\u0103 pentru promovarea practicilor sustenabile de g\u0103tit, cu accent pe sezonalitate \u0219i reducerea risipei alimentare, precum \u0219i Tudor Stricescu, ini\u021biatorul comunit\u0103\u021bii Slow Food Timi\u0219oara. \u00cent\u00e2lnirea a fost g\u0103zduit\u0103 de Reciproc, \u00eentreprindere social\u0103 din Timi\u0219oara care promoveaz\u0103 consumul responsabil \u0219i lan\u021burile alimentare scurte.<\/p>\n<p>Discu\u021biile au eviden\u021biat importan\u021ba practicilor agroecologice, a valorific\u0103rii produselor locale \u0219i a respect\u0103rii specificului regional \u00een construirea unei identit\u0103\u021bi gastronomice durabile.<\/p>\n<p>Participan\u021bii au explorat posibilitatea unor ac\u021biuni comune \u0219i oportunitatea dezvolt\u0103rii re\u021belei locale Slow Food, care s\u0103 sprijine produc\u0103torii locali, s\u0103 \u00eencurajeze consumul responsabil \u0219i s\u0103 contribuie la educa\u021bia alimentar\u0103 a comunit\u0103\u021bii.<br \/>\n\u00cen cadrul \u00eent\u00e2lnirii a fost prezentat\u0103 \u0219i peti\u021bia european\u0103 GoodFood4All, o ini\u021biativ\u0103 care urm\u0103re\u0219te recunoa\u0219terea accesului la hran\u0103 adecvat\u0103, nutritiv\u0103 \u0219i sustenabil\u0103 ca drept uman fundamental \u00een Uniunea European\u0103. Demersul promoveaz\u0103 politici publice care s\u0103 sus\u021bin\u0103 sisteme alimentare echitabile, s\u0103n\u0103toase \u0219i prietenoase cu mediul. Peti\u021bia poate fi semnat\u0103 de c\u0103tre orice cet\u0103\u021bean cu v\u00e2rsta de peste 18 ani, la link-ul al\u0103turat:<br \/><a href=\"https:\/\/eci.ec.europa.eu\/053\/public\/#\/screen\/home\">https:\/\/eci.ec.europa.eu\/053\/public\/#\/screen\/home<\/a>.<\/p>\n<p>Masa rotund\u0103 a fost organizat\u0103 de CRIES \u2013 Centrul de Resurse pentru Ini\u021biative Etice &amp; Solidare, \u00een parteneriat cu Visit Timi\u0219 \u2013 Asocia\u021bia pentru Promovarea \u0219i Dezvoltarea Turismului \u00een Jude\u021bul Timi\u0219, \u0219i face parte din proiectul \u201eRebooting the Food System: Youth Engagement for Agroecology and Due Diligence\u201d, coordonat \u00een Rom\u00e2nia de Asocia\u021bia Mai bine \u0219i co-finan\u021bat de Comisia European\u0103.<\/p>\n<p>Prin astfel de \u00eent\u00e2lniri, organizatorii \u00ee\u0219i propun s\u0103 consolideze colaborarea dintre ini\u021biativele locale care contribuie la dezvoltarea unui sistem alimentar mai responsabil, bazat pe produc\u021bie local\u0103, respect pentru natur\u0103 \u0219i valorizarea patrimoniului gastronomic regional.<\/p>\n<\/div>\n<\/div>\n<p>[analyse_source url=&#8221;https:\/\/www.banatulazi.ro\/aliante-pentru-hrana-buna-initiative-locale-din-regiunea-vest-s-au-reunit-pentru-a-sustine-lanturile-alimentare-scurte-si-gastronomia-durabila\/&#8221;]<\/p>\n","protected":false},"excerpt":{"rendered":"<p>[analyse_image type=&#8221;featured&#8221; src=&#8221;https:\/\/www.banatulazi.ro\/wp-content\/uploads\/2026\/03\/Foto_Din-gradina-in-farfurie_4.jpg&#8221;] \u00cen contextul \u00een care Banatul se preg\u0103te\u0219te s\u0103 \u00ee\u0219i sus\u021bin\u0103 candidatura pentru titlul de Regiune Gastronomic\u0103 European\u0103, reprezentan\u021bi ai unor ini\u021biative locale din domeniul produc\u021biei alimentare, gastronomiei sustenabile, turismului responsabil \u0219i societ\u0103\u021bii civile s-au \u00eent\u00e2lnit la Timi\u0219oara, \u00een cadrul mesei rotunde \u201eDin gr\u0103din\u0103 \u00een farfurie: alian\u021be urban-rural pentru hran\u0103 bun\u0103 \u00een Regiunea [&hellip;]<\/p>\n","protected":false},"author":1,"featured_media":0,"comment_status":"open","ping_status":"","sticky":false,"template":"","format":"standard","meta":{"footnotes":""},"categories":[89],"tags":[185,226],"class_list":["post-1821658","post","type-post","status-publish","format-standard","hentry","category-romania","tag-banatulazi-ro","tag-crawlmanager"],"_links":{"self":[{"href":"https:\/\/analyse.optim.biz\/index.php?rest_route=\/wp\/v2\/posts\/1821658","targetHints":{"allow":["GET"]}}],"collection":[{"href":"https:\/\/analyse.optim.biz\/index.php?rest_route=\/wp\/v2\/posts"}],"about":[{"href":"https:\/\/analyse.optim.biz\/index.php?rest_route=\/wp\/v2\/types\/post"}],"author":[{"embeddable":true,"href":"https:\/\/analyse.optim.biz\/index.php?rest_route=\/wp\/v2\/users\/1"}],"replies":[{"embeddable":true,"href":"https:\/\/analyse.optim.biz\/index.php?rest_route=%2Fwp%2Fv2%2Fcomments&post=1821658"}],"version-history":[{"count":0,"href":"https:\/\/analyse.optim.biz\/index.php?rest_route=\/wp\/v2\/posts\/1821658\/revisions"}],"wp:attachment":[{"href":"https:\/\/analyse.optim.biz\/index.php?rest_route=%2Fwp%2Fv2%2Fmedia&parent=1821658"}],"wp:term":[{"taxonomy":"category","embeddable":true,"href":"https:\/\/analyse.optim.biz\/index.php?rest_route=%2Fwp%2Fv2%2Fcategories&post=1821658"},{"taxonomy":"post_tag","embeddable":true,"href":"https:\/\/analyse.optim.biz\/index.php?rest_route=%2Fwp%2Fv2%2Ftags&post=1821658"}],"curies":[{"name":"wp","href":"https:\/\/api.w.org\/{rel}","templated":true}]}}