{"id":1820979,"date":"2026-03-08T06:59:13","date_gmt":"2026-03-08T03:59:13","guid":{"rendered":"https:\/\/analyse.optim.biz\/?p=1820979"},"modified":"2026-03-08T06:59:13","modified_gmt":"2026-03-08T03:59:13","slug":"umbra-lui-alexandru-ioan-cuza-la-hanul-la-trompetistul-de-la-timisoara-locuitorii-din-fabric-se-adunau-acum-160-de-ani-sa-l-intampine-pe-domnitor","status":"publish","type":"post","link":"https:\/\/analyse.optim.biz\/?p=1820979","title":{"rendered":"Umbra lui Alexandru Ioan Cuza la hanul \u2018La Trompetistul\u2019 de la Timi\u0219oara. Locuitorii din Fabric se adunau acum 160 de ani s\u0103-l \u00eent\u00e2mpine pe domnitor"},"content":{"rendered":"<p>[analyse_image type=&#8221;featured&#8221; src=&#8221;https:\/\/www.opiniatimisoarei.ro\/wp-content\/uploads\/2024\/03\/cuza-la-trompetistul-728&#215;336.jpghttps:\/\/www.opiniatimisoarei.ro\/wp-content\/uploads\/2024\/03\/cuza-la-trompetistul.jpg&#8221;]<\/p>\n<div class=\"the_content\">\n<p><strong>TIMISOARA.<\/strong>\u00a0La jum\u0103tatea secolului al XIX-lea, \u00eentr-o vreme \u00een care Timi\u0219oara era parte a Imperiului Austro-Ungar, ora\u0219ul a fost gazd\u0103 pentru domnitorul Alexandru Ioan Cuza. Cel care f\u0103urise unirea celor dou\u0103 principate, Moldova \u0219i \u021aara Rom\u00e2neasc\u0103, avea s\u0103 \u00ee\u0219i petreac\u0103 \u00een capitala Banatului ultimele sale zile pe actualul p\u0103m\u00e2nt rom\u00e2nesc.<\/p>\n<p>Se \u00eempliniser\u0103 7 ani de c\u00e2nd Alexandru Ioan Cuza devenise domn al Principatelor Unite ale Moldovei \u0219i \u021a\u0103rii Rom\u00e2ne\u0219ti. \u00cen seara de 10 februarie a anului 1866, domnitorul se afla \u00een Palatul domnesc din Bucure\u0219ti, \u00een momentul \u00een care a primit o vizit\u0103.<\/p>\n<p><img loading=\"lazy\" decoding=\"async\" class=\"size-full wp-image-684877 aligncenter\" src=\"https:\/\/www.opiniatimisoarei.ro\/wp-content\/uploads\/2021\/01\/alexandru-ioan-cuza.jpg\" alt=\"\" width=\"670\" height=\"376\"><\/p>\n<p>\u201e<strong>\u00cen jurul orei 19.00, un individ se prezint\u0103 la Palat, \u00eencerc\u00e2nd s\u0103 vorbeasc\u0103 cu domnitorul. C\u00e2nd l-a \u00eent\u00e2lnit pe Cuza, acesta i-a comunicat ca revolu\u021bia va izbucni \u00een acea sear\u0103. F\u0103r\u0103 a-l l\u0103sa s\u0103 termine, Cuza, obi\u0219nuit cu asemenea denun\u021buri, se oferi s\u0103-i d\u0103ruiasc\u0103 str\u0103inului o lir\u0103. R\u0103spunsul str\u0103inului a fost prompt: nu dore\u0219te poman\u0103, iar vizita sa a avut ca unic scop s\u0103 anun\u021be c\u0103 la miezul nop\u021bii 4.000 de oameni sunt preg\u0103ti\u021bi s\u0103 sune clopotele de la toate bisericile, s\u0103 se n\u0103pusteasc\u0103 asupra cazarmei Malmaison pentru a se \u00eenarma, ca ulterior s\u0103 vin\u0103 la Palat \u0219i s\u0103-l sileasc\u0103 pe Cuza s\u0103 abdice<\/strong>\u201e, scrie<strong>\u00a0<a href=\"https:\/\/www.historia.ro\/sectiune\/general\/articol\/lucruri-necunoscute-din-culisele-abdicarii-lui-cuza\">historia.ro<\/a><\/strong>.<\/p>\n<p>Prin\u021bul nu d\u0103 aten\u021bie zvonurilor, \u00een prim\u0103 instan\u021b\u0103, pentru ca mai apoi s\u0103 \u00eei cear\u0103 maiorului Lecca, comandantul v\u00e2n\u0103torilor de gard\u0103, s\u0103 \u00eent\u0103reasc\u0103 paza Palatului.<\/p>\n<p>\u00cen jurul orei 5.00 diminea\u021ba, un grup de ofi\u021beri p\u0103trunde \u00een camera \u00een care se afla domnitorul, \u0219i sub amenin\u021barea armelor \u00eel oblig\u0103 pe Cuza s\u0103 abdice. To\u021bi ace\u0219ti militari trecuser\u0103 de partea a\u0219a zisei \u201emonstruoase coali\u021bii\u201d, o alian\u021b\u0103 \u00eentre conservatori \u0219i liberalii radicali, constituit\u0103 \u00een scopul \u00eendep\u0103rt\u0103rii domnitorului. Aceasta luase fiin\u021b\u0103 dup\u0103 alegerile din Adunarea Na\u021bional\u0103 din Rom\u00e2nia, \u00een 1864, adunare prezidat\u0103 de Ion C. Br\u0103tianu.<\/p>\n<p>\u201e<strong>Noi, Alexandru Ioan I, conform dorin\u021bei na\u021biunii \u00eentregi \u0219i angajamentului ce am luat la suirea mea pe Tron, depun ast\u0103zi 11 Fevruarie 1866, c\u00e2rma guvernului \u00een m\u00e2na unei Locotenen\u021be Domne\u0219ti \u0219i a Ministerului ales de popor<\/strong>\u201d, se arat\u0103 \u00een documentul semnat de domnitor.<\/p>\n<p>Alexandru Ioan Cuza \u00eempreun\u0103 cu so\u021bia \u0219i cei doi copii sunt apoi urca\u021bi \u00eentr-o tr\u0103sur\u0103 \u0219i du\u0219i la locuin\u021ba din Bucure\u0219ti a lui Costache Cioc\u00e2rlan, prefectul de Ilfov. De aici, a doua zi, familia domneasc\u0103 este dus\u0103 la Cotroceni, pentru ca apoi s\u0103 plece la Predeal \u0219i \u00een cele din urm\u0103 la Bra\u0219ov.<\/p>\n<p>\u201e<strong>Noile autorit\u0103\u021bi se gr\u0103beau s\u0103-l expedieze c\u00e2t mai repede din \u021bar\u0103 pentru a nu da timp partizanilor s\u0103i s\u0103 reac\u021bioneze. Alexandru Ioan Cuza a plecat \u00eempreun\u0103 cu Elena, so\u021bia sa, \u0219i cei doi copii adopta\u021bi Dimitrie \u0219i Alexandru (pe care fostul domnitor \u00eei avea de la Maria Obrenovici)<\/strong>\u201e, scrie\u00a0<a href=\"https:\/\/www.crestinortodox.ro\/stiri\/crestinortodox\/alexandru-ioan-cuza-exil-73831.html\"><strong>crestinortodox.ro<\/strong><\/a>.<\/p>\n<p>De la Bra\u0219ov, Alexandru Ioan Cuza, so\u021bia \u0219i copiii pleac\u0103 pe traseul F\u0103g\u0103ra\u0219-Sibiu-Deva. \u00cen cel din urm\u0103 ora\u0219, familia prin\u021bului Cuza va poposi la Hotelul Bauer, cl\u0103dire care mai exist\u0103 \u0219i \u00een zilele noastre, \u0219i \u00een care \u00ee\u0219i desf\u0103\u0219oar\u0103 activitatea Casa Jude\u021bean\u0103 a Asigur\u0103rilor de S\u0103n\u0103tate. O plachet\u0103 amplasat\u0103 pe unul din ziduri aminte\u0219te de trecerea pe aici a domnitorului, scrie <strong><a href=\"http:\/\/arhiva.replicahd.ro\/?p=8931\">arhiva.replica.hd<\/a><\/strong>.<\/p>\n<p><img loading=\"lazy\" decoding=\"async\" class=\"size-full wp-image-690248 aligncenter\" src=\"https:\/\/www.opiniatimisoarei.ro\/wp-content\/uploads\/2021\/03\/placheta-cuza.jpg\" alt=\"\" width=\"728\" height=\"482\"><\/p>\n<p>Dup\u0103 plecarea din Deva, tr\u0103sura domnitorului a mers c\u0103tre Co\u0219ava \u0219i apoi a ajuns la Lugoj, unde principele a fost cazat \u00eentr-o cl\u0103dire \u00een care a stat \u0219i Mihai Viteazu cu mai bine de dou\u0103 secole \u00eenaintea sa.<\/p>\n<p>\u201e<strong>Aici, la Lugoj a fost \u00eent\u00e2mpinat de o delega\u021bie de rom\u00e2ni: Andrei Mocioni \u0219i Vichentie Babes (tat\u0103l savantului nostru microbiolog Victor Babes)\u201d, scrie\u00a0<a href=\"https:\/\/www.crestinortodox.ro\/stiri\/crestinortodox\/alexandru-ioan-cuza-exil-73831.html\">crestinortodox.ro\u00a0<\/a><\/strong>care mai noteaz\u0103 c\u0103 ace\u0219tia l-au \u00eembr\u0103\u021bi\u0219at \u0219i i-au urat \u201eTr\u0103iasc\u0103 Vod\u0103 Cuza!<\/p>\n<p>\u00cen ziua de\u00a0<strong>7 martie 1866<\/strong>, Alexandru Ioan Cuza se \u00eendreapt\u0103 spre Timi\u0219oara, unde avea s\u0103 petreac\u0103 o noapte \u00een hanul \u201e<strong>La Trompetistul<\/strong>\u201d. Timisorenii au aflat \u00een ziua sosirii unde va r\u0103m\u00e2ne acesta. Locuitori din cartierele ora\u0219ului, \u00een special din Fabric, se adunaser\u0103 \u00een Cetate s\u0103-l vad\u0103 pe domnitor.<\/p>\n<p>\u201e<strong>Timisoara, 7 martie. Ast\u0103zi, dup\u0103-amiaz\u0103, la ora trei \u0219i jum\u0103tate, a sosit aici fostul prin\u021b Cuza, \u00eenso\u021bit de prin\u021besa Elena \u015fi de cei doi copii adoptivi, Alexandru \u015fi Dimitrie, precum \u015fi de aghiotantul colonel Pissotzki, apoi de trei cameriste \u015fi doi valeti, \u00eentr-un po\u0219talion special format din trei tr\u0103suri, \u015fi a tras la hotelul Der Trompeter<\/strong>\u201d, relata cotidianul german \u201eTemesvarer Zeitung\u201d.<\/p>\n<p>\u00cen 8 martie 1866, Alexandru Ioan Cuza pleac\u0103 \u00een str\u0103in\u0103tate \u0219i va locui p\u00e2n\u0103 la finalul vie\u021bii la Paris, Viena sau Wiesbaden.<\/p>\n<p>\u201e<strong>Timi\u0219oara era din 1857 cel mai estic punct feroviar al Europei \u0219i de aici se mergea spre Budapesta, Viena, Munchen sau Paris. El a venit cu so\u021bia, cu cei doi copii pe care i-a \u00eenfiat so\u021bia lui, pe care el \u00eei avea cu Maria Obrenovic, \u0219i cu aghiotantul. A fost anun\u021bat\u0103 prezen\u021ba lor \u00een ziarul timi\u0219orean Temesvarer Zeitung, \u0219i s-a \u00eent\u00e2lnit \u00eentr-una din zile cu frunta\u0219ii Misc\u0103rii Na\u021bionale din Timi\u0219oara. Au discutat mai multe lucruri \u0219i apoi a plecat spre Viena. Dup\u0103 plecare nu a mai revenit, a murit \u00een exil \u00een Germania<\/strong>\u201d, spunea nu demult pentru\u00a0<span><strong>opiniatimisoarei.ro<\/strong><\/span>, istoricul Ioan Ha\u021began.<\/p>\n<p>Fostul domnitor a mai \u00eencercat s\u0103 revin\u0103 pe p\u0103m\u00e2nt rom\u00e2nesc, \u00eens\u0103 cererile sale c\u0103tre Consiliul de Mini\u0219tri s-au lovit de refuzuri.<\/p>\n<p>S-a stins din via\u021b\u0103 \u00een 15 mai 1873, la Hotelul Europa, din or\u0103\u0219elul german Heidelberg, la v\u00e2rsta de 53 de ani, av\u00e2nd mai multe afec\u021biuni. \u00cen zilele noastre, \u00eentr-un p\u0103rcule\u021b din Heidelberg exist\u0103 un bust al fostului domnitor.<\/p>\n<p><img loading=\"lazy\" decoding=\"async\" class=\"size-full wp-image-690281 aligncenter\" src=\"https:\/\/www.opiniatimisoarei.ro\/wp-content\/uploads\/2021\/03\/cuza-heidelberg.jpg\" alt=\"\" width=\"700\" height=\"511\"><\/p>\n<p><span><strong>Ce ne aminte\u0219te de Alexandru Ioan Cuza \u00een Timi\u0219oara<\/strong><\/span><\/p>\n<p>Cu toate c\u0103 a petrecut doar dou\u0103 zile la Timi\u0219oara, \u00een ora\u0219 exist\u0103 \u00eenc\u0103 urme care amintesc de domnitorul ce a unit Moldova \u0219i \u021aara Rom\u00e2neasc\u0103.<\/p>\n<p>Pe unul dintre zidurile fostului han <strong><a href=\"https:\/\/www.opiniatimisoarei.ro\/locuri-de-poveste-din-timisoara-o-campanie-marca-opiniatimisoarei-ro-casa-cuza-hanul-ridicat-acum-300-de-ani-la-timisoara-in-care-au-stat-domnitori-si-imparati-si-unde-toti-anga\/25\/12\/2020\">\u201eLa Trompetistul\u201d<\/a><\/strong> se afl\u0103 dou\u0103 plachete. Una dintre ele are chipul principelui, iar cealalt\u0103 ne aminte\u0219te de trecerea lui pe aici. De asemenea, la parterul cl\u0103dirii func\u021biona c\u00e2ndva o cafenea care \u00eei purta numele.<\/p>\n<p>\u00cen Timi\u0219oara exist\u0103 \u0219i o strad\u0103 care poart\u0103 numele lui Cuza. Este vorba despre cea care leag\u0103 Pia\u021ba M\u0103r\u0103\u0219ti de Pia\u021ba Consiliul Europei, \u0219i care are pu\u021bin peste 440 de metri.<\/p>\n<div id=\"gallery-1\" class=\"gallery optm-gallery galleryid-872991\">\n<div class=\"optm-galcont\"><a href=\"https:\/\/www.opiniatimisoarei.ro\/wp-content\/uploads\/2026\/03\/strada-cuza-1.jpg\"><img decoding=\"async\" src=\"https:\/\/www.opiniatimisoarei.ro\/wp-content\/uploads\/2026\/03\/strada-cuza-1-300x153.jpg\"><\/a><a href=\"https:\/\/www.opiniatimisoarei.ro\/wp-content\/uploads\/2026\/03\/strada-cuza-2.jpg\"><img decoding=\"async\" src=\"https:\/\/www.opiniatimisoarei.ro\/wp-content\/uploads\/2026\/03\/strada-cuza-2-300x153.jpg\"><\/a><a href=\"https:\/\/www.opiniatimisoarei.ro\/wp-content\/uploads\/2026\/03\/strada-cuza-3.jpg\"><img decoding=\"async\" src=\"https:\/\/www.opiniatimisoarei.ro\/wp-content\/uploads\/2026\/03\/strada-cuza-3-300x147.jpg\"><\/a><\/div>\n<\/div>\n<p>Muzeul Na\u021bional al Banatului p\u0103streaz\u0103 \u00een patrimoniul s\u0103u unul dintre cele mai importante simboluri contemporane trecerii domnitorului prin Timi\u0219oara \u2013 emblema metalic\u0103 a hanului \u201d<strong>La Trompetistul<\/strong>\u201d, \u00eenf\u0103\u021bi\u0219\u00e2nd un soldat trompetist c\u0103lare pe cal, \u00eencadrat \u00eentr-o ram\u0103 dreptunghiular\u0103.<\/p>\n<p><img decoding=\"async\" loading=\"lazy\" class=\"alignnone size-full wp-image-684874\" src=\"https:\/\/www.opiniatimisoarei.ro\/wp-content\/uploads\/2021\/01\/trompetistul.jpg\" alt=\"\" width=\"969\" height=\"1600\"><\/p>\n<p>Tot Muzeul Banatului a prezentat \u00een 2020, \u00een cadrul unei expozi\u021bii, dou\u0103 pistoale de duel ce au apar\u021binut domnitorului, \u0219i care \u00een prezent sunt \u00een patrimoniul institu\u021biei.<\/p>\n<p><img decoding=\"async\" loading=\"lazy\" class=\"size-full wp-image-664081 aligncenter\" src=\"https:\/\/www.opiniatimisoarei.ro\/wp-content\/uploads\/2020\/08\/trusa-pistoale.jpg\" alt=\"\" width=\"728\" height=\"409\"><\/p>\n<p>De asemenea, \u00een Timi\u0219oara exist\u0103 \u0219i o strad\u0103 care poart\u0103 numele lui Mihail Kog\u0103lniceanu, ministru de interne \u00een timpul domniei lui Cuza. Este vorba despre artera care leag\u0103 Gara de Est din Timi\u0219oara de bulevardul Take Ionescu.<\/p>\n<p>Foto:\u00a0<a href=\"https:\/\/www.heidelberg.de\/site\/Heidelberg_ROOT\/node\/452757\/Lde\/zmdetail_434302\/Denkmal_Alexandru_Ioan_Cuza.html?zm.sid=zmew1zv4kb51&amp;nodeID=434302\">heidelberg.de<\/a><\/p>\n<p>***<\/p>\n<p><strong><span class=\"dia_suggestion w0\">Mai<\/span>\u00a0<span class=\"dia_suggestion w1\">multe<\/span>\u00a0<span class=\"dia_suggestion w2\">g\u0103si\u021bi<\/span>\u00a0pe\u00a0<span class=\"dia_suggestion w4\">pagina noastr<span class=\"dia_suggestion w0\">\u0103<\/span><\/span>\u00a0de\u00a0<a href=\"https:\/\/www.facebook.com\/OpiniaTM\/?ref=page_internal\" target=\"_blank\" rel=\"noopener\">Facebook opiniatimisoarei.ro<\/a>!<\/strong><\/p>\n<p><strong><span class=\"dia_suggestion w0\">Dac\u0103<\/span>\u00a0<span class=\"dia_suggestion w1\">a\u021bi<\/span>\u00a0fost martorii unui eveniment\u00a0<span class=\"dia_suggestion w6\">sau<\/span>\u00a0<span class=\"dia_suggestion w7\">ai<\/span>\u00a0unei\u00a0<span class=\"dia_suggestion w9\">situa\u021bii<\/span>\u00a0<span class=\"dia_suggestion w10\">neobi\u0219nuite<\/span>\u00a0<span class=\"dia_suggestion w11\">care<\/span>\u00a0ar\u00a0<span class=\"dia_suggestion w13\">putea<\/span>\u00a0deveni subiect de\u00a0<span class=\"dia_suggestion w17\">\u0219tire<\/span>,\u00a0<span class=\"dia_suggestion w18\">contacta\u021bi<\/span>-ne\u00a0<span class=\"dia_suggestion w20\">la<\/span>\u00a0<a href=\"https:\/\/www.opiniatimisoarei.ro\/cdn-cgi\/l\/email-protection\" class=\"__cf_email__\" data-cfemail=\"92e0f7f6f3f1e6fbf7d2fde2fbfcfbf3e6fbfffbe1fdf3e0f7fbbce0fd\">[email\u00a0protected]<\/a>,\u00a0 pe\u00a0<a href=\"https:\/\/www.facebook.com\/OpiniaTM\">FB<\/a>\u00a0sau pe contul nostru de\u00a0<a href=\"https:\/\/www.instagram.com\/opiniatimisoarei.ro\/\" target=\"_blank\" rel=\"noopener\">Instagram<\/a>!<\/strong><\/p>\n<p><strong><span>CITESTE SI:\u00a0<\/span><a href=\"https:\/\/www.opiniatimisoarei.ro\/afli-primul-tot-ceea-ce-se-intampla-cu-adevarat-important-in-timisoara-si-in-regiune-cu-aplicatia-de-stiri-opinia-timisoarei-3-tipuri-de-alerte-te-tin-mereu-conectat-la-evenimente-descarca-gratuit-a\/31\/10\/2022\">Afli primul tot ceea ce se intampla cu adevarat important in Timisoara si in regiune cu Aplicatia de stiri Opinia Timisoarei. 3 tipuri de alerte te tin mereu conectat la evenimente. Descarca gratuit Aplicatia OT aici!<\/a><\/strong><\/p>\n<\/div>\n<p>[analyse_source url=&#8221;https:\/\/www.opiniatimisoarei.ro\/umbra-lui-alexandru-ioan-cuza-la-hanul-la-trompetistul-de-la-timisoara-locuitorii-din-fabric-se-adunau-acum-160-de-ani-sa-l-intampine-pe-domnitor\/08\/03\/2026&#8243;]<\/p>\n","protected":false},"excerpt":{"rendered":"<p>[analyse_image type=&#8221;featured&#8221; src=&#8221;https:\/\/www.opiniatimisoarei.ro\/wp-content\/uploads\/2024\/03\/cuza-la-trompetistul-728&#215;336.jpghttps:\/\/www.opiniatimisoarei.ro\/wp-content\/uploads\/2024\/03\/cuza-la-trompetistul.jpg&#8221;] TIMISOARA.\u00a0La jum\u0103tatea secolului al XIX-lea, \u00eentr-o vreme \u00een care Timi\u0219oara era parte a Imperiului Austro-Ungar, ora\u0219ul a fost gazd\u0103 pentru domnitorul Alexandru Ioan Cuza. Cel care f\u0103urise unirea celor dou\u0103 principate, Moldova \u0219i \u021aara Rom\u00e2neasc\u0103, avea s\u0103 \u00ee\u0219i petreac\u0103 \u00een capitala Banatului ultimele sale zile pe actualul p\u0103m\u00e2nt rom\u00e2nesc. Se \u00eempliniser\u0103 7 [&hellip;]<\/p>\n","protected":false},"author":1,"featured_media":0,"comment_status":"open","ping_status":"","sticky":false,"template":"","format":"standard","meta":{"footnotes":""},"categories":[89],"tags":[226,190],"class_list":["post-1820979","post","type-post","status-publish","format-standard","hentry","category-romania","tag-crawlmanager","tag-opiniatimisoarei-ro"],"_links":{"self":[{"href":"https:\/\/analyse.optim.biz\/index.php?rest_route=\/wp\/v2\/posts\/1820979","targetHints":{"allow":["GET"]}}],"collection":[{"href":"https:\/\/analyse.optim.biz\/index.php?rest_route=\/wp\/v2\/posts"}],"about":[{"href":"https:\/\/analyse.optim.biz\/index.php?rest_route=\/wp\/v2\/types\/post"}],"author":[{"embeddable":true,"href":"https:\/\/analyse.optim.biz\/index.php?rest_route=\/wp\/v2\/users\/1"}],"replies":[{"embeddable":true,"href":"https:\/\/analyse.optim.biz\/index.php?rest_route=%2Fwp%2Fv2%2Fcomments&post=1820979"}],"version-history":[{"count":0,"href":"https:\/\/analyse.optim.biz\/index.php?rest_route=\/wp\/v2\/posts\/1820979\/revisions"}],"wp:attachment":[{"href":"https:\/\/analyse.optim.biz\/index.php?rest_route=%2Fwp%2Fv2%2Fmedia&parent=1820979"}],"wp:term":[{"taxonomy":"category","embeddable":true,"href":"https:\/\/analyse.optim.biz\/index.php?rest_route=%2Fwp%2Fv2%2Fcategories&post=1820979"},{"taxonomy":"post_tag","embeddable":true,"href":"https:\/\/analyse.optim.biz\/index.php?rest_route=%2Fwp%2Fv2%2Ftags&post=1820979"}],"curies":[{"name":"wp","href":"https:\/\/api.w.org\/{rel}","templated":true}]}}