{"id":1820664,"date":"2026-03-11T16:30:53","date_gmt":"2026-03-11T13:30:53","guid":{"rendered":"https:\/\/analyse.optim.biz\/?p=1820664"},"modified":"2026-03-11T16:30:53","modified_gmt":"2026-03-11T13:30:53","slug":"career-daysuvt-a-debutat-cu-un-urias-aflux-de-tineri","status":"publish","type":"post","link":"https:\/\/analyse.optim.biz\/?p=1820664","title":{"rendered":"\u201eCareer Days@UVT,\u201d a debutat cu un uria\u0219 aflux de tineri"},"content":{"rendered":"<p>[analyse_image type=&#8221;featured&#8221; src=&#8221;https:\/\/www.banatulazi.ro\/wp-content\/uploads\/2026\/03\/WhatsApp-Image-2026-03-11-at-11.29.05.jpeg&#8221;]<\/p>\n<div class=\"td_block_wrap tdb_single_content tdi_64 td-pb-border-top td_block_template_1 td-post-content tagdiv-type\" data-td-block-uid=\"tdi_64\">\n<div class=\"tdb-block-inner td-fix-index\">\n<p><strong>Universitatea de Vest din Timi\u0219oara a organizat o nou\u0103 edi\u021bie dedicate tinerilor ce doresc s\u0103 cunoasc\u0103 oferta de posibile slujbe \u00een firme ce le pot oferi viitoare cariere \u00een domenii le \u00een care s-au preg\u0103tit. \u00cent\u00e2lnirea din holurile Universit\u0103\u021bii sub numele de  \u201eCareer Days@UVT,\u201d este un evenimentul de networking dedicat studen\u021bilor \u0219i absolven\u021bilor care \u00ee\u0219i doresc s\u0103 descopere oportunit\u0103\u021bi reale de carier\u0103 \u0219i s\u0103 intre \u00een contact direct cu angajatori din domenii diverse.<\/strong><\/p>\n<p>Evenimentul a \u00eenceput miercuri, 11 martie, de la ora 09:30, \u00een prezen\u021ba conducerii UVT, a reprezentan\u021bilor celor 12 facult\u0103\u021bi \u0219i a companiilor participante la edi\u021bia din acest an.<br \/><a href=\"https:\/\/www.banatulazi.ro\/wp-content\/uploads\/2026\/03\/career-day.jpeg\"><img loading=\"lazy\" decoding=\"async\" src=\"https:\/\/www.banatulazi.ro\/wp-content\/uploads\/2026\/03\/career-day-300x190.jpeg\" alt width=\"300\" height=\"190\" class=\"alignnone size-medium wp-image-408371\"><\/a><br \/>\n\u00cen deschidere prof. univ. dr. Flavia Mirela Barna,prorector UVT, a urat bun venit tuturor tinerilor \u0219i a asigurat firmele participante de tot sprijinul pentru putea integra studen\u021bii \u00een pia\u021ba muncii a\u0219a cum se a\u0219teapt\u0103 angajatorii.Un astfel de eveniment ajut\u0103 tinerii care \u00eent\u00e2mpin\u0103 neclarit\u0103\u021bi \u0219i nehot\u0103t\u00e2re \u00een g\u0103sirea unui loc de munc\u0103, iar astfel de \u00eent\u00e2lniri ajut\u0103 contactul direct dintre studen\u021bi \u0219i mediul de afaceri.<em> \u201eExist\u0103 o ofert\u0103 foarte tentant\u0103 pentru studen\u021bii no\u0219tri \u00een ceea ce prive\u0219te stagiile de practic\u0103 \u0219i internship-urile, dar \u0219i c\u00e2teva locuri pentru primele lor experien\u021be profesionale. \u00cencuraj\u0103m studen\u021bii s\u0103 acorde prioritate acumul\u0103rii de competen\u021be profesionale prin activit\u0103\u021bile didactice, dar \u0219i s\u0103 descopere cultura organiza\u021bional\u0103 prin intermediul stagiilor de practic\u0103\u201d,<\/em> a ar\u0103tat prof. Flavia Barna. <\/p>\n<p>Iar rectorul UVT, prof, dr. Marilen Pirtea, a scos \u00een eviden\u021b\u0103 importan\u021ba unor astfel de proiecte pentru integrarea profesional\u0103 a studen\u021bilor.<em> \u201eUniversitatea de Vest din Timi\u0219oara \u021bine la prestigiul pe care \u0219i l-a creat \u00een ultimii ani, bazat pe buna cunoa\u0219tere a cerin\u021belor din economia real\u0103. Proiectele recurente, precum Career Days@UVT, sus\u021bin sincronizarea competen\u021belor studen\u021bilor cu dinamica pie\u021bei muncii \u0219i le ofer\u0103 o cale mai rapid\u0103 de integrare profesional\u0103\u201d,<\/em> a ar\u0103tat rectorul. <\/p>\n<p>Career Days@UVT creeaz\u0103 un spa\u021biu de dialog direct \u00eentre studen\u021bi, absolven\u021bi \u0219i angajatori, prin:<br \/>\n\u2013 prezent\u0103ri de companii \u0219i oportunit\u0103\u021bi de carier\u0103,<br \/>\n\u2013 sesiuni de networking,<br \/>\n\u2013 discu\u021bii interactive,<br \/>\n\u2013 depunere de CV-uri \u0219i candidaturi.<br \/><a href=\"https:\/\/www.banatulazi.ro\/wp-content\/uploads\/2026\/03\/zilele-carierei-uvt-58.jpg\"><img loading=\"lazy\" decoding=\"async\" src=\"https:\/\/www.banatulazi.ro\/wp-content\/uploads\/2026\/03\/zilele-carierei-uvt-58-300x200.jpg\" alt width=\"300\" height=\"200\" class=\"alignnone size-medium wp-image-408369\"><\/a><\/p>\n<p><a href=\"https:\/\/www.banatulazi.ro\/wp-content\/uploads\/2026\/03\/zilele-carierei-uvt-51.jpg\"><img loading=\"lazy\" decoding=\"async\" src=\"https:\/\/www.banatulazi.ro\/wp-content\/uploads\/2026\/03\/zilele-carierei-uvt-51-300x200.jpg\" alt width=\"300\" height=\"200\" class=\"alignnone size-medium wp-image-408368\"><\/a><\/p>\n<p><a href=\"https:\/\/www.banatulazi.ro\/wp-content\/uploads\/2026\/03\/zilele-carierei-uvt-48.jpg\"><img decoding=\"async\" loading=\"lazy\" src=\"https:\/\/www.banatulazi.ro\/wp-content\/uploads\/2026\/03\/zilele-carierei-uvt-48-300x200.jpg\" alt width=\"300\" height=\"200\" class=\"alignnone size-medium wp-image-408367\"><\/a><\/p>\n<p><a href=\"https:\/\/www.banatulazi.ro\/wp-content\/uploads\/2026\/03\/zilele-carierei-uvt-45.jpg\"><img decoding=\"async\" loading=\"lazy\" src=\"https:\/\/www.banatulazi.ro\/wp-content\/uploads\/2026\/03\/zilele-carierei-uvt-45-300x200.jpg\" alt width=\"300\" height=\"200\" class=\"alignnone size-medium wp-image-408366\"><\/a><\/p>\n<p><a href=\"https:\/\/www.banatulazi.ro\/wp-content\/uploads\/2026\/03\/zilele-carierei-uvt-38.jpg\"><img decoding=\"async\" loading=\"lazy\" src=\"https:\/\/www.banatulazi.ro\/wp-content\/uploads\/2026\/03\/zilele-carierei-uvt-38-300x200.jpg\" alt width=\"300\" height=\"200\" class=\"alignnone size-medium wp-image-408365\"><\/a><\/p>\n<p><a href=\"https:\/\/www.banatulazi.ro\/wp-content\/uploads\/2026\/03\/zilele-carierei-uvt-30.jpg\"><img decoding=\"async\" loading=\"lazy\" src=\"https:\/\/www.banatulazi.ro\/wp-content\/uploads\/2026\/03\/zilele-carierei-uvt-30-300x200.jpg\" alt width=\"300\" height=\"200\" class=\"alignnone size-medium wp-image-408364\"><\/a><\/p>\n<p><a href=\"https:\/\/www.banatulazi.ro\/wp-content\/uploads\/2026\/03\/zilele-carierei-uvt-27.jpg\"><img decoding=\"async\" loading=\"lazy\" src=\"https:\/\/www.banatulazi.ro\/wp-content\/uploads\/2026\/03\/zilele-carierei-uvt-27-300x200.jpg\" alt width=\"300\" height=\"200\" class=\"alignnone size-medium wp-image-408363\"><\/a><\/p>\n<p><a href=\"https:\/\/www.banatulazi.ro\/wp-content\/uploads\/2026\/03\/zilele-carierei-uvt-24.jpg\"><img decoding=\"async\" loading=\"lazy\" src=\"https:\/\/www.banatulazi.ro\/wp-content\/uploads\/2026\/03\/zilele-carierei-uvt-24-300x200.jpg\" alt width=\"300\" height=\"200\" class=\"alignnone size-medium wp-image-408362\"><\/a><\/p>\n<p><a href=\"https:\/\/www.banatulazi.ro\/wp-content\/uploads\/2026\/03\/zilele-carierei-uvt-21.jpg\"><img decoding=\"async\" loading=\"lazy\" src=\"https:\/\/www.banatulazi.ro\/wp-content\/uploads\/2026\/03\/zilele-carierei-uvt-21-300x200.jpg\" alt width=\"300\" height=\"200\" class=\"alignnone size-medium wp-image-408361\"><\/a><\/p>\n<p><a href=\"https:\/\/www.banatulazi.ro\/wp-content\/uploads\/2026\/03\/zilele-carierei-uvt-20.jpg\"><img decoding=\"async\" loading=\"lazy\" src=\"https:\/\/www.banatulazi.ro\/wp-content\/uploads\/2026\/03\/zilele-carierei-uvt-20-300x200.jpg\" alt width=\"300\" height=\"200\" class=\"alignnone size-medium wp-image-408360\"><\/a><\/p>\n<p><a href=\"https:\/\/www.banatulazi.ro\/wp-content\/uploads\/2026\/03\/zilele-carierei-uvt-15.jpg\"><img decoding=\"async\" loading=\"lazy\" src=\"https:\/\/www.banatulazi.ro\/wp-content\/uploads\/2026\/03\/zilele-carierei-uvt-15-300x200.jpg\" alt width=\"300\" height=\"200\" class=\"alignnone size-medium wp-image-408359\"><\/a><\/p>\n<p><a href=\"https:\/\/www.banatulazi.ro\/wp-content\/uploads\/2026\/03\/zilele-carierei-uvt-6.jpg\"><img decoding=\"async\" loading=\"lazy\" src=\"https:\/\/www.banatulazi.ro\/wp-content\/uploads\/2026\/03\/zilele-carierei-uvt-6-300x200.jpg\" alt width=\"300\" height=\"200\" class=\"alignnone size-medium wp-image-408358\"><\/a><\/p>\n<p><a href=\"https:\/\/www.banatulazi.ro\/wp-content\/uploads\/2026\/03\/zilele-carierei-uvt-2.jpg\"><img decoding=\"async\" loading=\"lazy\" src=\"https:\/\/www.banatulazi.ro\/wp-content\/uploads\/2026\/03\/zilele-carierei-uvt-2-300x200.jpg\" alt width=\"300\" height=\"200\" class=\"alignnone size-medium wp-image-408357\"><\/a><br \/>\nPe parcursul zilei, participan\u021bii vor putea explora oferte de joburi, internshipuri \u0219i programe de dezvoltare profesional\u0103, \u00eentr-un cadru care sus\u021bine tranzi\u021bia de la universitate c\u0103tre pia\u021ba muncii.<\/p>\n<p>Career Days@UVT este un eveniment despre conexiuni, claritate \u0219i pa\u0219i concre\u021bi spre un viitor profesional reu\u0219it.<br \/>\nNum\u0103rul mare de tineri ce au asaltat standurile firmelor este o dovad\u0103 clar\u0103 c\u0103 oferta este tentant\u0103. Au \u0219i fost realizate primele contacte ce pot deveni \u00een cur\u00e2nd adev\u0103rate contracte de munc\u0103 sau colaborare.<\/p>\n<\/div>\n<\/div>\n<p>[analyse_source url=&#8221;https:\/\/www.banatulazi.ro\/career-daysuvt-a-debutat-cu-un-urias-aflux-de-tineri\/&#8221;]<\/p>\n","protected":false},"excerpt":{"rendered":"<p>[analyse_image type=&#8221;featured&#8221; src=&#8221;https:\/\/www.banatulazi.ro\/wp-content\/uploads\/2026\/03\/WhatsApp-Image-2026-03-11-at-11.29.05.jpeg&#8221;] Universitatea de Vest din Timi\u0219oara a organizat o nou\u0103 edi\u021bie dedicate tinerilor ce doresc s\u0103 cunoasc\u0103 oferta de posibile slujbe \u00een firme ce le pot oferi viitoare cariere \u00een domenii le \u00een care s-au preg\u0103tit. \u00cent\u00e2lnirea din holurile Universit\u0103\u021bii sub numele de \u201eCareer Days@UVT,\u201d este un evenimentul de networking dedicat studen\u021bilor \u0219i [&hellip;]<\/p>\n","protected":false},"author":1,"featured_media":0,"comment_status":"open","ping_status":"","sticky":false,"template":"","format":"standard","meta":{"footnotes":""},"categories":[89],"tags":[185,226],"class_list":["post-1820664","post","type-post","status-publish","format-standard","hentry","category-romania","tag-banatulazi-ro","tag-crawlmanager"],"_links":{"self":[{"href":"https:\/\/analyse.optim.biz\/index.php?rest_route=\/wp\/v2\/posts\/1820664","targetHints":{"allow":["GET"]}}],"collection":[{"href":"https:\/\/analyse.optim.biz\/index.php?rest_route=\/wp\/v2\/posts"}],"about":[{"href":"https:\/\/analyse.optim.biz\/index.php?rest_route=\/wp\/v2\/types\/post"}],"author":[{"embeddable":true,"href":"https:\/\/analyse.optim.biz\/index.php?rest_route=\/wp\/v2\/users\/1"}],"replies":[{"embeddable":true,"href":"https:\/\/analyse.optim.biz\/index.php?rest_route=%2Fwp%2Fv2%2Fcomments&post=1820664"}],"version-history":[{"count":0,"href":"https:\/\/analyse.optim.biz\/index.php?rest_route=\/wp\/v2\/posts\/1820664\/revisions"}],"wp:attachment":[{"href":"https:\/\/analyse.optim.biz\/index.php?rest_route=%2Fwp%2Fv2%2Fmedia&parent=1820664"}],"wp:term":[{"taxonomy":"category","embeddable":true,"href":"https:\/\/analyse.optim.biz\/index.php?rest_route=%2Fwp%2Fv2%2Fcategories&post=1820664"},{"taxonomy":"post_tag","embeddable":true,"href":"https:\/\/analyse.optim.biz\/index.php?rest_route=%2Fwp%2Fv2%2Ftags&post=1820664"}],"curies":[{"name":"wp","href":"https:\/\/api.w.org\/{rel}","templated":true}]}}