{"id":1820259,"date":"2026-03-07T07:45:32","date_gmt":"2026-03-07T04:45:32","guid":{"rendered":"https:\/\/analyse.optim.biz\/?p=1820259"},"modified":"2026-03-07T07:45:32","modified_gmt":"2026-03-07T04:45:32","slug":"video-primele-lucrari-pentru-salvarea-castelului-de-la-banloc-de-unde-au-pornit-interventiile","status":"publish","type":"post","link":"https:\/\/analyse.optim.biz\/?p=1820259","title":{"rendered":"VIDEO. Primele lucr\u0103ri pentru salvarea Castelului de la Banloc. De unde au pornit interven\u021biile"},"content":{"rendered":"<p>[analyse_image type=&#8221;featured&#8221; src=&#8221;https:\/\/www.opiniatimisoarei.ro\/wp-content\/uploads\/2026\/03\/castel-banloc-1-728&#215;336.jpghttps:\/\/www.opiniatimisoarei.ro\/wp-content\/uploads\/2026\/03\/castel-banloc-1.jpg&#8221;]<\/p>\n<div class=\"the_content\">\n<p><strong>TIMI\u0218OARA<\/strong>. Consiliul Jude\u021bean Timi\u0219 s-a apucat de primele lucr\u0103ri la Castelul Banloc, dup\u0103 ce l-a preluat \u00een administrare de la Mitropolia Banatului. Este vorba despre refacerea acoperi\u0219ului, pentru punerea \u00een siguran\u021b\u0103 a cl\u0103dirii.<\/p>\n<p><strong><span>CITE\u0218TE \u0218I: <\/span><a href=\"https:\/\/www.opiniatimisoarei.ro\/e-de-cascadorii-rasului-alfred-simonis-sediile-bibliotecii-judetene-in-paragina-pe-care-dominic-fritz-ne-trimite-sa-le-reparam-sunt-proprietatea-primariei-timisoara\/06\/03\/2026\">E de Cascadorii R\u00e2sului! Alfred Simonis: Sediile Bibliotecii Jude\u021bene \u00een paragin\u0103, pe care Dominic Fritz ne trimite s\u0103 le repar\u0103m, sunt proprietatea Prim\u0103riei Timi\u0219oara<\/a><\/strong><\/p>\n<p>Acoperi\u0219ul Castelului de <span class=\"dia_suggestion w3\"><span class=\"dia_suggestion w25\">la<\/span><\/span> Banloc a fost grav avariat, <span class=\"dia_suggestion w9\"><span class=\"dia_suggestion w28\">mai<\/span><\/span><span class=\"dia_suggestion w10\">ales<\/span> dup\u0103 <span class=\"dia_suggestion w12\">furtuna <\/span><span class=\"dia_suggestion w13\"><span class=\"dia_suggestion w31\">din<\/span><\/span> iulie 2025 <span class=\"dia_suggestion w15\">care<\/span> a produs o <span class=\"dia_suggestion w19\">mul\u021bime<\/span> de distrugeri <span class=\"dia_suggestion w22\">\u0219i<\/span> a <span class=\"dia_suggestion w24\">pus<\/span> la <span class=\"dia_suggestion w26\">p\u0103m\u00e2nt<\/span><span class=\"dia_suggestion w27\">\u0219i<\/span> mai mul\u021bi copaci din parcul ce <span class=\"dia_suggestion w34\">\u00eenconjoar\u0103<\/span> ansamblul monument istoric.<\/p>\n<p>\u201d<strong>Anul trecut, am preluat Castelul de la Banloc de la Mitropolie \u0219i v\u0103 promiteam c\u0103 lucr\u0103m la studii. Tot \u00een aceast\u0103 prim\u0103var\u0103 vom scoate la licita\u021bie documenta\u021bia, DALI-ul \u0219i proiectul pentru Banloc. <\/strong><\/p>\n<p><strong>\u00centre timp, se lucreaz\u0103 \u00een acest moment la acoperi\u0219. Este partea de punere \u00een siguran\u021b\u0103, o etap\u0103 provizorie. Ploua \u00een castel \u0219i \u00eencerc\u0103m s\u0103 conserv\u0103m c\u00e2t de mult se poate, pentru ca, atunci c\u00e2nd vom avea efectiv de lucrat \u00een interiorul castelului, s\u0103 nu mai g\u0103sim ceva care s-a degradat, pentru c\u0103 deja lucrurile ar\u0103tau foarte r\u0103u acolo. Suntem la primul imobil din ansamblul din domeniul de la Banloc \u0219i aici am ob\u021binut toate avizele de la Direc\u021bia de Cultur\u0103, a\u0219a cum sunt necesare toate avizele acestea pentru investi\u021biile importante<\/strong>\u201d, a declarat Alfred Simonis, pre\u0219edintele CJ Timi\u0219.<\/p>\n<div class=\"op-video\" id=\"op_container_69b1872e59e35\"><video controls poster=\"https:\/\/www.opiniatimisoarei.ro\/wp-content\/uploads\/2026\/03\/castel-Banloc1.jpg\"><br \/>\n\t\t\t\t\t\t\t<source src=\"https:\/\/www.opiniatimisoarei.ro\/wp-content\/uploads\/2026\/03\/Video-Castel-Banloc.mp4\" type=\"video\/mp4\" \/><\/video><\/div>\n<p>***<\/p>\n<p>Consilierii jude\u021beni au adoptat \u00een 15 aprilie 2025, \u00eentr-o \u0219edin\u021b\u0103 de plen extraordinar\u0103, un proiect de hot\u0103r\u00e2re privind preluarea administr\u0103rii Ansamblului Conacul Banloc de c\u0103tre Consiliul Jude\u021bean Timi\u0219, pentru o perioad\u0103 de 25 de ani.<\/p>\n<p>Castelul de la Banloc se afla \u00een proprietatea Mitropoliei Banatului, \u00een urma unui act de dona\u021bie de la prim\u0103ria din localitate.<\/p>\n<p>Contractul dintre administra\u021bia jude\u021bean\u0103 \u0219i Mitropolia Banatului prevede posibilitatea dezvolt\u0103rii unor construc\u021bii noi, cu rol cultural, turistic \u0219i educa\u021bional. Pe tot parcursul interven\u021biilor de protejare \u0219i revitalizare a monumentului istoric se va respecta caracterul arhitectural al ansamblului.<\/p>\n<p>Potrivit CJ Timi\u0219, contractul de administrare pe 25 de ani permite at\u00e2t atragerea de fonduri europene, c\u00e2t \u0219i stabilirea de parteneriate. Primii 5 ani sunt dedica\u021bi preg\u0103tirii \u0219i demar\u0103rii investi\u021biilor, pentru ca, \u00een urm\u0103toarele dou\u0103 decenii, Conacul Banloc s\u0103 func\u021bioneze ca un pol regional cultural \u0219i turistic.<\/p>\n<p>Ansamblul de la Banloc, \u00eentins pe o suprafa\u021b\u0103 de mai bine de 8 hectare, este compus din cl\u0103direa castelului, casa egiptean\u0103, grajdurile, parcul imens \u0219i alte c\u00e2teva dependin\u021be.<\/p>\n<p>Castelul din Banloc a fost construit in anul 1793 de contele Lazar Karatsonyi. De-a lungul timpului a mai fost re\u0219edinta Reginei Elisabeta, sora Regelui Carol al II-lea al Romaniei, apoi aici au functionat un azil de b\u0103tr\u00e2ni, un orfelinat, \u0219coala, iar \u00een anul 1991, dupa cutremurul puternic ce a lovit Banatul, Castelul a r\u0103mas \u00een proprietatea Prim\u0103riei Banloc, fiind grav avariat. S-au f\u0103cut c\u00e2teva lucr\u0103ri de consolidare, \u00eens\u0103 din cauza lipsei banilor interven\u021biile au fost oprite.<\/p>\n<p>***<\/p>\n<p><strong><span class=\"dia_suggestion w0\">Mai<\/span><span class=\"dia_suggestion w1\">multe<\/span><span class=\"dia_suggestion w2\">g\u0103si\u021bi<\/span> pe <span class=\"dia_suggestion w4\">pagina noastr<span class=\"dia_suggestion w0\">\u0103<\/span><\/span>\u00a0de <a href=\"https:\/\/www.facebook.com\/OpiniaTM\/?ref=page_internal\" target=\"_blank\" rel=\"noopener\">Facebook opiniatimisoarei.ro<\/a>!<\/strong><\/p>\n<p><strong><span class=\"dia_suggestion w0\">Dac\u0103<\/span><span class=\"dia_suggestion w1\">a\u021bi<\/span> fost martorii unui eveniment <span class=\"dia_suggestion w6\">sau<\/span><span class=\"dia_suggestion w7\">ai<\/span> unei <span class=\"dia_suggestion w9\">situa\u021bii<\/span><span class=\"dia_suggestion w10\">neobi\u0219nuite<\/span><span class=\"dia_suggestion w11\">care<\/span> ar <span class=\"dia_suggestion w13\">putea<\/span> deveni subiect de <span class=\"dia_suggestion w17\">\u0219tire<\/span>, <span class=\"dia_suggestion w18\">contacta\u021bi<\/span>-ne <span class=\"dia_suggestion w20\">la<\/span><span><a href=\"https:\/\/www.opiniatimisoarei.ro\/cdn-cgi\/l\/email-protection\" class=\"__cf_email__\" data-cfemail=\"7b091e1f1a180f121e3b140b1215121a0f12161208141a091e12550914\">[email\u00a0protected]<\/a>,<\/span>\u00a0 pe <a href=\"https:\/\/www.facebook.com\/OpiniaTM\">FB<\/a><span>sau pe contul nostru de<\/span><a href=\"https:\/\/www.instagram.com\/opiniatimisoarei.ro\/\" target=\"_blank\" rel=\"noopener\">Instagram<\/a>!<\/strong><\/p>\n<p><strong><span>CITESTE SI<\/span>: <a href=\"https:\/\/www.opiniatimisoarei.ro\/afli-primul-tot-ceea-ce-se-intampla-cu-adevarat-important-in-timisoara-si-in-regiune-cu-aplicatia-de-stiri-opinia-timisoarei-3-tipuri-de-alerte-te-tin-mereu-conectat-la-evenimente-descarca-gratuit-a\/31\/10\/2022\">Afli primul tot ceea ce se intampla cu adevarat important in Timisoara si in regiune cu Aplicatia de stiri Opinia Timisoarei. 3 tipuri de alerte te tin mereu conectat la evenimente. Descarca gratuit Aplicatia OT aici!<\/a><\/strong><\/p>\n<p>\u00a0<\/p>\n<\/div>\n<p>[analyse_source url=&#8221;https:\/\/www.opiniatimisoarei.ro\/video-primele-lucrari-pentru-salvarea-castelului-de-la-banloc-de-unde-au-pornit-interventiile\/07\/03\/2026&#8243;]<\/p>\n","protected":false},"excerpt":{"rendered":"<p>[analyse_image type=&#8221;featured&#8221; src=&#8221;https:\/\/www.opiniatimisoarei.ro\/wp-content\/uploads\/2026\/03\/castel-banloc-1-728&#215;336.jpghttps:\/\/www.opiniatimisoarei.ro\/wp-content\/uploads\/2026\/03\/castel-banloc-1.jpg&#8221;] TIMI\u0218OARA. Consiliul Jude\u021bean Timi\u0219 s-a apucat de primele lucr\u0103ri la Castelul Banloc, dup\u0103 ce l-a preluat \u00een administrare de la Mitropolia Banatului. Este vorba despre refacerea acoperi\u0219ului, pentru punerea \u00een siguran\u021b\u0103 a cl\u0103dirii. CITE\u0218TE \u0218I: E de Cascadorii R\u00e2sului! Alfred Simonis: Sediile Bibliotecii Jude\u021bene \u00een paragin\u0103, pe care Dominic Fritz ne trimite [&hellip;]<\/p>\n","protected":false},"author":1,"featured_media":0,"comment_status":"open","ping_status":"","sticky":false,"template":"","format":"standard","meta":{"footnotes":""},"categories":[89],"tags":[226,190],"class_list":["post-1820259","post","type-post","status-publish","format-standard","hentry","category-romania","tag-crawlmanager","tag-opiniatimisoarei-ro"],"_links":{"self":[{"href":"https:\/\/analyse.optim.biz\/index.php?rest_route=\/wp\/v2\/posts\/1820259","targetHints":{"allow":["GET"]}}],"collection":[{"href":"https:\/\/analyse.optim.biz\/index.php?rest_route=\/wp\/v2\/posts"}],"about":[{"href":"https:\/\/analyse.optim.biz\/index.php?rest_route=\/wp\/v2\/types\/post"}],"author":[{"embeddable":true,"href":"https:\/\/analyse.optim.biz\/index.php?rest_route=\/wp\/v2\/users\/1"}],"replies":[{"embeddable":true,"href":"https:\/\/analyse.optim.biz\/index.php?rest_route=%2Fwp%2Fv2%2Fcomments&post=1820259"}],"version-history":[{"count":0,"href":"https:\/\/analyse.optim.biz\/index.php?rest_route=\/wp\/v2\/posts\/1820259\/revisions"}],"wp:attachment":[{"href":"https:\/\/analyse.optim.biz\/index.php?rest_route=%2Fwp%2Fv2%2Fmedia&parent=1820259"}],"wp:term":[{"taxonomy":"category","embeddable":true,"href":"https:\/\/analyse.optim.biz\/index.php?rest_route=%2Fwp%2Fv2%2Fcategories&post=1820259"},{"taxonomy":"post_tag","embeddable":true,"href":"https:\/\/analyse.optim.biz\/index.php?rest_route=%2Fwp%2Fv2%2Ftags&post=1820259"}],"curies":[{"name":"wp","href":"https:\/\/api.w.org\/{rel}","templated":true}]}}