{"id":1819567,"date":"2026-03-08T12:08:47","date_gmt":"2026-03-08T09:08:47","guid":{"rendered":"https:\/\/analyse.optim.biz\/?p=1819567"},"modified":"2026-03-08T12:08:47","modified_gmt":"2026-03-08T09:08:47","slug":"accident-la-timisoara-motociclist-izbit-de-bmw-ul-unei-soferite","status":"publish","type":"post","link":"https:\/\/analyse.optim.biz\/?p=1819567","title":{"rendered":"Accident la Timi\u0219oara. Motociclist izbit de BMW-ul unei \u0219oferi\u021be"},"content":{"rendered":"<p>[analyse_image type=&#8221;featured&#8221; src=&#8221;https:\/\/www.opiniatimisoarei.ro\/wp-content\/uploads\/2026\/03\/accident-bmw-motocicleta-728&#215;336.jpghttps:\/\/www.opiniatimisoarei.ro\/wp-content\/uploads\/2026\/03\/accident-bmw-motocicleta.jpg&#8221;]<\/p>\n<div class=\"the_content\">\n<p><strong>TIMI\u0218OARA<\/strong>. Accident, duminic\u0103 la pr\u00e2nz, pe bulevardul Cet\u0103\u021bii din Timi\u0219oara.<\/p>\n<p><strong><span>CITE\u0218TE \u0218I:<\/span><a href=\"https:\/\/www.opiniatimisoarei.ro\/pornesc-lucrarile-la-cele-doua-sensuri-giratorii-de-pe-drumul-timisoara-buzias-cand-trebuie-sa-fie-gata\/04\/03\/2026\">Pornesc lucr\u0103rile la cele dou\u0103 sensuri giratorii de pe drumul Timi\u0219oara \u2013 Buzia\u0219. C\u00e2nd trebuie s\u0103 fie gata<\/a><\/strong><\/p>\n<p>Un motociclist a fost izbit de ma\u0219ina unei \u0219oferi\u021be care nu s-ar fi asigurat la schimbarea benzii de mers.<\/p>\n<p>\u00cen urma impactului, b\u0103rbatul a fost r\u0103nit. Un echipaj SMURD l-a preluat pentru a-l transporta la spital, iar pompierii au intervenit pentru degajarea drumului.<\/p>\n<p>Poli\u021bi\u0219tii au \u00eenceput cercet\u0103rile pentru a stabili cu precizie cum s-a produs accidentul.<\/p>\n<p>FOTO: <a href=\"https:\/\/www.facebook.com\/groups\/216399992311365\/user\/61564453320630\">Facebook\/Ionel Constantin<\/a><\/p>\n<p>***<\/p>\n<p><strong><span class=\"dia_suggestion w0\">Mai<\/span><span class=\"dia_suggestion w1\">multe<\/span><span class=\"dia_suggestion w2\">g\u0103si\u021bi<\/span> pe <span class=\"dia_suggestion w4\">pagina noastr<span class=\"dia_suggestion w0\">\u0103<\/span><\/span>\u00a0de <a href=\"https:\/\/www.facebook.com\/OpiniaTM\/?ref=page_internal\" target=\"_blank\" rel=\"noopener\">Facebook opiniatimisoarei.ro<\/a>!<\/strong><\/p>\n<p><strong><span class=\"dia_suggestion w0\">Dac\u0103<\/span><span class=\"dia_suggestion w1\">a\u021bi<\/span> fost martorii unui eveniment <span class=\"dia_suggestion w6\">sau<\/span><span class=\"dia_suggestion w7\">ai<\/span> unei <span class=\"dia_suggestion w9\">situa\u021bii<\/span><span class=\"dia_suggestion w10\">neobi\u0219nuite<\/span><span class=\"dia_suggestion w11\">care<\/span> ar <span class=\"dia_suggestion w13\">putea<\/span> deveni subiect de <span class=\"dia_suggestion w17\">\u0219tire<\/span>, <span class=\"dia_suggestion w18\">contacta\u021bi<\/span>-ne <span class=\"dia_suggestion w20\">la<\/span><span><a href=\"https:\/\/www.opiniatimisoarei.ro\/cdn-cgi\/l\/email-protection\" class=\"__cf_email__\" data-cfemail=\"502235343133243935103f20393e393124393d39233f312235397e223f\">[email\u00a0protected]<\/a>,<\/span>\u00a0 pe <a href=\"https:\/\/www.facebook.com\/OpiniaTM\">FB<\/a><span>sau pe contul nostru de<\/span><a href=\"https:\/\/www.instagram.com\/opiniatimisoarei.ro\/\" target=\"_blank\" rel=\"noopener\">Instagram<\/a>!<\/strong><\/p>\n<p><strong><span>CITESTE SI<\/span>: <a href=\"https:\/\/www.opiniatimisoarei.ro\/afli-primul-tot-ceea-ce-se-intampla-cu-adevarat-important-in-timisoara-si-in-regiune-cu-aplicatia-de-stiri-opinia-timisoarei-3-tipuri-de-alerte-te-tin-mereu-conectat-la-evenimente-descarca-gratuit-a\/31\/10\/2022\">Afli primul tot ceea ce se intampla cu adevarat important in Timisoara si in regiune cu Aplicatia de stiri Opinia Timisoarei. 3 tipuri de alerte te tin mereu conectat la evenimente. Descarca gratuit Aplicatia OT aici!<\/a><\/strong><\/p>\n<\/div>\n<p>[analyse_source url=&#8221;https:\/\/www.opiniatimisoarei.ro\/accident-la-timisoara-motociclist-izbit-de-bmw-ul-unei-soferite\/08\/03\/2026&#8243;]<\/p>\n","protected":false},"excerpt":{"rendered":"<p>[analyse_image type=&#8221;featured&#8221; src=&#8221;https:\/\/www.opiniatimisoarei.ro\/wp-content\/uploads\/2026\/03\/accident-bmw-motocicleta-728&#215;336.jpghttps:\/\/www.opiniatimisoarei.ro\/wp-content\/uploads\/2026\/03\/accident-bmw-motocicleta.jpg&#8221;] TIMI\u0218OARA. Accident, duminic\u0103 la pr\u00e2nz, pe bulevardul Cet\u0103\u021bii din Timi\u0219oara. CITE\u0218TE \u0218I:Pornesc lucr\u0103rile la cele dou\u0103 sensuri giratorii de pe drumul Timi\u0219oara \u2013 Buzia\u0219. C\u00e2nd trebuie s\u0103 fie gata Un motociclist a fost izbit de ma\u0219ina unei \u0219oferi\u021be care nu s-ar fi asigurat la schimbarea benzii de mers. \u00cen urma impactului, b\u0103rbatul [&hellip;]<\/p>\n","protected":false},"author":1,"featured_media":0,"comment_status":"open","ping_status":"","sticky":false,"template":"","format":"standard","meta":{"footnotes":""},"categories":[89],"tags":[226,190],"class_list":["post-1819567","post","type-post","status-publish","format-standard","hentry","category-romania","tag-crawlmanager","tag-opiniatimisoarei-ro"],"_links":{"self":[{"href":"https:\/\/analyse.optim.biz\/index.php?rest_route=\/wp\/v2\/posts\/1819567","targetHints":{"allow":["GET"]}}],"collection":[{"href":"https:\/\/analyse.optim.biz\/index.php?rest_route=\/wp\/v2\/posts"}],"about":[{"href":"https:\/\/analyse.optim.biz\/index.php?rest_route=\/wp\/v2\/types\/post"}],"author":[{"embeddable":true,"href":"https:\/\/analyse.optim.biz\/index.php?rest_route=\/wp\/v2\/users\/1"}],"replies":[{"embeddable":true,"href":"https:\/\/analyse.optim.biz\/index.php?rest_route=%2Fwp%2Fv2%2Fcomments&post=1819567"}],"version-history":[{"count":0,"href":"https:\/\/analyse.optim.biz\/index.php?rest_route=\/wp\/v2\/posts\/1819567\/revisions"}],"wp:attachment":[{"href":"https:\/\/analyse.optim.biz\/index.php?rest_route=%2Fwp%2Fv2%2Fmedia&parent=1819567"}],"wp:term":[{"taxonomy":"category","embeddable":true,"href":"https:\/\/analyse.optim.biz\/index.php?rest_route=%2Fwp%2Fv2%2Fcategories&post=1819567"},{"taxonomy":"post_tag","embeddable":true,"href":"https:\/\/analyse.optim.biz\/index.php?rest_route=%2Fwp%2Fv2%2Ftags&post=1819567"}],"curies":[{"name":"wp","href":"https:\/\/api.w.org\/{rel}","templated":true}]}}