{"id":1819565,"date":"2026-03-06T09:54:26","date_gmt":"2026-03-06T06:54:26","guid":{"rendered":"https:\/\/analyse.optim.biz\/?p=1819565"},"modified":"2026-03-06T09:54:26","modified_gmt":"2026-03-06T06:54:26","slug":"atac-in-plina-strada-la-timisoara-tanar-cu-handicap-jefuit","status":"publish","type":"post","link":"https:\/\/analyse.optim.biz\/?p=1819565","title":{"rendered":"Atac \u00een plin\u0103 strad\u0103 la Timi\u0219oara. T\u00e2n\u0103r cu handicap, jefuit"},"content":{"rendered":"<p>[analyse_image type=&#8221;featured&#8221; src=&#8221;https:\/\/www.opiniatimisoarei.ro\/wp-content\/uploads\/2023\/01\/talhar-hot-2-728&#215;336.jpghttps:\/\/www.opiniatimisoarei.ro\/wp-content\/uploads\/2023\/01\/talhar-hot-2.jpg&#8221;]<\/p>\n<div class=\"the_content\">\n<p><strong>TIMI\u0218OARA.<\/strong> Scene violente pe o strad\u0103 din Timi\u0219oara. Un t\u00e2n\u0103r cu handicap a fost jefuit de un nemernic care l-a pus la p\u0103m\u00e2nt cu o lovitur\u0103 de karate \u0219i s-a f\u0103cut nev\u0103zut.<\/p>\n<p><strong><span>CITE\u0218TE \u0218I:<\/span><a href=\"https:\/\/www.opiniatimisoarei.ro\/au-blocat-intrari-in-curti-garaje-sau-gradinite-la-timisoara-sute-de-soferi-amendati-de-la-inceputul-anului-de-politistii-locali-foto\/05\/03\/2026\">Au blocat intr\u0103ri \u00een cur\u021bi, garaje sau gr\u0103dini\u021be la Timi\u0219oara. Sute de \u0219oferi amenda\u021bi de la \u00eenceputul anului de poli\u021bi\u0219tii locali. FOTO<\/a><\/strong><\/p>\n<p>T\u00e2lh\u0103ria a avut loc luni diminea\u021b\u0103, la ora 6:40, la doi pa\u0219i de centrul Timi\u0219oarei, pe strada Iosif Nemoianu.<\/p>\n<p>T\u00e2n\u0103rul atacat mergea cu greutate, c\u00e2nd a fost atacat de un alt b\u0103rbat. Acesta i-a dat un picior \u00een piept \u0219i l-a dobor\u00e2t la p\u0103m\u00e2nt. S-a n\u0103pustit apoi asupra victimei, i-a luat telefonul \u0219i a fugit.<\/p>\n<p>Victima a cerut ajutor, iar la fa\u021ba locului au ajuns poli\u021bi\u0219tii care au demarat cercet\u0103rile. Oamenii legii l-au capturat \u0219i l-au re\u021binut, fiind \u0219i dus \u00een fa\u021ba magistra\u021bilor.<\/p>\n<p>\u201c<strong>Fa\u021b\u0103 de inculpat, procurorul de caz a formulat o propunere de arestare preventiv\u0103 pentru o perioad\u0103 de 30 de zile, propunere admis\u0103 \u00een data de 05.03.2026 de c\u0103tre judec\u0103torul de drepturi \u0219i libert\u0103\u021bi din cadrul Judec\u0103toriei Timi\u0219oara.<\/strong>\u201c, au transmis reprezentan\u021bii Parchetului de pe l\u00e2ng\u0103 Judec\u0103toria Timi\u0219oara.<\/p>\n<p>***<\/p>\n<p><strong><span class=\"dia_suggestion w0\">Mai<\/span>\u00a0<span class=\"dia_suggestion w1\">multe<\/span>\u00a0<span class=\"dia_suggestion w2\">g\u0103si\u021bi<\/span>\u00a0pe\u00a0<span class=\"dia_suggestion w4\">pagina noastr<span class=\"dia_suggestion w0\">\u0103<\/span><\/span>\u00a0de\u00a0<a href=\"https:\/\/www.facebook.com\/OpiniaTM\/?ref=page_internal\" target=\"_blank\" rel=\"noopener\">Facebook opiniatimisoarei.ro<\/a>!<\/strong><\/p>\n<p><strong><span class=\"dia_suggestion w0\">Dac\u0103<\/span>\u00a0<span class=\"dia_suggestion w1\">a\u021bi<\/span>\u00a0fost martorii unui eveniment\u00a0<span class=\"dia_suggestion w6\">sau<\/span>\u00a0<span class=\"dia_suggestion w7\">ai<\/span>\u00a0unei\u00a0<span class=\"dia_suggestion w9\">situa\u021bii<\/span>\u00a0<span class=\"dia_suggestion w10\">neobi\u0219nuite<\/span>\u00a0<span class=\"dia_suggestion w11\">care<\/span>\u00a0ar\u00a0<span class=\"dia_suggestion w13\">putea<\/span>\u00a0deveni subiect de\u00a0<span class=\"dia_suggestion w17\">\u0219tire<\/span>,\u00a0<span class=\"dia_suggestion w18\">contacta\u021bi<\/span>-ne\u00a0<span class=\"dia_suggestion w20\">la<\/span>\u00a0<a href=\"https:\/\/www.opiniatimisoarei.ro\/cdn-cgi\/l\/email-protection\" class=\"__cf_email__\" data-cfemail=\"c5b7a0a1a4a6b1aca085aab5acabaca4b1aca8acb6aaa4b7a0acebb7aa\">[email\u00a0protected]<\/a>,\u00a0 pe\u00a0<a href=\"https:\/\/www.facebook.com\/OpiniaTM\">FB<\/a>\u00a0sau pe contul nostru de\u00a0<a href=\"https:\/\/www.instagram.com\/opiniatimisoarei.ro\/\" target=\"_blank\" rel=\"noopener\">Instagram<\/a>!<\/strong><\/p>\n<p><strong><span>CITESTE SI:<\/span>\u00a0<a href=\"https:\/\/www.opiniatimisoarei.ro\/afli-primul-tot-ceea-ce-se-intampla-cu-adevarat-important-in-timisoara-si-in-regiune-cu-aplicatia-de-stiri-opinia-timisoarei-3-tipuri-de-alerte-te-tin-mereu-conectat-la-evenimente-descarca-gratuit-a\/31\/10\/2022\">Afli primul tot ceea ce se intampla cu adevarat important in Timisoara si in regiune cu Aplicatia de stiri Opinia Timisoarei. 3 tipuri de alerte te tin mereu conectat la evenimente. Descarca gratuit Aplicatia OT aici!<\/a><\/strong><\/p>\n<\/div>\n<p>[analyse_source url=&#8221;https:\/\/www.opiniatimisoarei.ro\/atac-in-plina-strada-a-timisoara-tanar-cu-handicap-jefuit\/06\/03\/2026&#8243;]<\/p>\n","protected":false},"excerpt":{"rendered":"<p>[analyse_image type=&#8221;featured&#8221; src=&#8221;https:\/\/www.opiniatimisoarei.ro\/wp-content\/uploads\/2023\/01\/talhar-hot-2-728&#215;336.jpghttps:\/\/www.opiniatimisoarei.ro\/wp-content\/uploads\/2023\/01\/talhar-hot-2.jpg&#8221;] TIMI\u0218OARA. Scene violente pe o strad\u0103 din Timi\u0219oara. Un t\u00e2n\u0103r cu handicap a fost jefuit de un nemernic care l-a pus la p\u0103m\u00e2nt cu o lovitur\u0103 de karate \u0219i s-a f\u0103cut nev\u0103zut. CITE\u0218TE \u0218I:Au blocat intr\u0103ri \u00een cur\u021bi, garaje sau gr\u0103dini\u021be la Timi\u0219oara. Sute de \u0219oferi amenda\u021bi de la \u00eenceputul anului de [&hellip;]<\/p>\n","protected":false},"author":1,"featured_media":0,"comment_status":"open","ping_status":"","sticky":false,"template":"","format":"standard","meta":{"footnotes":""},"categories":[89],"tags":[226,190],"class_list":["post-1819565","post","type-post","status-publish","format-standard","hentry","category-romania","tag-crawlmanager","tag-opiniatimisoarei-ro"],"_links":{"self":[{"href":"https:\/\/analyse.optim.biz\/index.php?rest_route=\/wp\/v2\/posts\/1819565","targetHints":{"allow":["GET"]}}],"collection":[{"href":"https:\/\/analyse.optim.biz\/index.php?rest_route=\/wp\/v2\/posts"}],"about":[{"href":"https:\/\/analyse.optim.biz\/index.php?rest_route=\/wp\/v2\/types\/post"}],"author":[{"embeddable":true,"href":"https:\/\/analyse.optim.biz\/index.php?rest_route=\/wp\/v2\/users\/1"}],"replies":[{"embeddable":true,"href":"https:\/\/analyse.optim.biz\/index.php?rest_route=%2Fwp%2Fv2%2Fcomments&post=1819565"}],"version-history":[{"count":0,"href":"https:\/\/analyse.optim.biz\/index.php?rest_route=\/wp\/v2\/posts\/1819565\/revisions"}],"wp:attachment":[{"href":"https:\/\/analyse.optim.biz\/index.php?rest_route=%2Fwp%2Fv2%2Fmedia&parent=1819565"}],"wp:term":[{"taxonomy":"category","embeddable":true,"href":"https:\/\/analyse.optim.biz\/index.php?rest_route=%2Fwp%2Fv2%2Fcategories&post=1819565"},{"taxonomy":"post_tag","embeddable":true,"href":"https:\/\/analyse.optim.biz\/index.php?rest_route=%2Fwp%2Fv2%2Ftags&post=1819565"}],"curies":[{"name":"wp","href":"https:\/\/api.w.org\/{rel}","templated":true}]}}