{"id":1819305,"date":"2026-03-09T13:26:04","date_gmt":"2026-03-09T10:26:04","guid":{"rendered":"https:\/\/analyse.optim.biz\/?p=1819305"},"modified":"2026-03-09T13:26:04","modified_gmt":"2026-03-09T10:26:04","slug":"primaria-timisoara-pune-semafoare-la-intersectia-brancoveanu-cu-eneas-vrea-sa-i-ajute-pe-biciclisti","status":"publish","type":"post","link":"https:\/\/analyse.optim.biz\/?p=1819305","title":{"rendered":"Prim\u0103ria Timi\u0219oara pune semafoare la intersec\u021bia Br\u00e2ncoveanu cu Eneas. Vrea s\u0103-i ajute pe bicicli\u0219ti"},"content":{"rendered":"<p>[analyse_image type=&#8221;featured&#8221; src=&#8221;https:\/\/www.opiniatimisoarei.ro\/wp-content\/uploads\/2026\/03\/intersectie-eneas-brancoveanu-728&#215;336.jpghttps:\/\/www.opiniatimisoarei.ro\/wp-content\/uploads\/2026\/03\/intersectie-eneas-brancoveanu.jpg&#8221;]<\/p>\n<div class=\"the_content\">\n<p><strong>TIMI\u0218OARA<\/strong>. Anun\u021b important pentru \u0219oferi, bicicli\u0219ti \u0219i pietoni.<\/p>\n<p><strong><span>CITE\u0218TE \u0218I:<\/span><a href=\"https:\/\/www.opiniatimisoarei.ro\/armata-construieste-o-baza-sportiva-la-timisoara-va-avea-terenuri-de-fotbal-de-tenis-baschet-dar-si-pista-de-alergare\/09\/03\/2026\">Armata construie\u0219te o baz\u0103 sportiv\u0103 la Timi\u0219oara. Va avea terenuri de fotbal, de tenis, baschet, dar \u0219i pist\u0103 de alergare<\/a><\/strong><\/p>\n<p>Prim\u0103ria semaforizeaz\u0103 intersec\u021bia Bulevardul Constantin Br\u00e2ncoveanu cu Strada Eneas, aflat\u0103 la c\u00e2\u021biva zeci de metri de o alt\u0103 intersec\u021bie mare, cea a Bulevardului Br\u00e2ncoveanu cu Rebreanu.<\/p>\n<p>\u201c<strong>\u00cen prezent, de pe Eneas, at\u00e2t \u0219oferii, c\u00e2t \u0219i bicicli\u0219tii traverseaz\u0103, cu vizibilitate redus\u0103, cele patru benzi ale bulevardului Br\u00e2ncoveanu. Ca urmare, m\u0103sura va spori siguran\u021ba pentru participan\u021bii la trafic \u0219i va asigura continuitatea pistei velo<\/strong>\u201c, explic\u0103 reprezentan\u021bii prim\u0103riei decizia.<\/p>\n<p>Lucr\u0103rile pentru semaforizarea intersec\u021biei, respectiv realizarea funda\u021biilor, trasarea re\u021belelor electrice \u0219i de comunica\u021bii \u0219i amplasarea st\u00e2lpilor \u00eencep \u00een scurt timp.<\/p>\n<p>\u201c<strong>Primele interven\u021bii, realizate de Societatea Drumuri Municipale, sunt programate pentru 16 martie<\/strong>\u201c, transmit reprezentan\u021bii Prim\u0103riei Timi\u0219oara.<\/p>\n<p>***<\/p>\n<p><strong><span class=\"dia_suggestion w0\">Mai<\/span><span class=\"dia_suggestion w1\">multe<\/span><span class=\"dia_suggestion w2\">g\u0103si\u021bi<\/span> pe <span class=\"dia_suggestion w4\">pagina noastr<span class=\"dia_suggestion w0\">\u0103<\/span><\/span>\u00a0de <a href=\"https:\/\/www.facebook.com\/OpiniaTM\/?ref=page_internal\" target=\"_blank\" rel=\"noopener\">Facebook opiniatimisoarei.ro<\/a>!<\/strong><\/p>\n<p><strong><span class=\"dia_suggestion w0\">Dac\u0103<\/span><span class=\"dia_suggestion w1\">a\u021bi<\/span> fost martorii unui eveniment <span class=\"dia_suggestion w6\">sau<\/span><span class=\"dia_suggestion w7\">ai<\/span> unei <span class=\"dia_suggestion w9\">situa\u021bii<\/span><span class=\"dia_suggestion w10\">neobi\u0219nuite<\/span><span class=\"dia_suggestion w11\">care<\/span> ar <span class=\"dia_suggestion w13\">putea<\/span> deveni subiect de <span class=\"dia_suggestion w17\">\u0219tire<\/span>, <span class=\"dia_suggestion w18\">contacta\u021bi<\/span>-ne <span class=\"dia_suggestion w20\">la<\/span><span><a href=\"https:\/\/www.opiniatimisoarei.ro\/cdn-cgi\/l\/email-protection\" class=\"__cf_email__\" data-cfemail=\"ff8d9a9b9e9c8b969abf908f9691969e8b9692968c909e8d9a96d18d90\">[email\u00a0protected]<\/a>,<\/span>\u00a0 pe <a href=\"https:\/\/www.facebook.com\/OpiniaTM\">FB<\/a><span>sau pe contul nostru de<\/span><a href=\"https:\/\/www.instagram.com\/opiniatimisoarei.ro\/\" target=\"_blank\" rel=\"noopener\">Instagram<\/a>!<\/strong><\/p>\n<p><strong><span>CITESTE SI<\/span>: <a href=\"https:\/\/www.opiniatimisoarei.ro\/afli-primul-tot-ceea-ce-se-intampla-cu-adevarat-important-in-timisoara-si-in-regiune-cu-aplicatia-de-stiri-opinia-timisoarei-3-tipuri-de-alerte-te-tin-mereu-conectat-la-evenimente-descarca-gratuit-a\/31\/10\/2022\">Afli primul tot ceea ce se intampla cu adevarat important in Timisoara si in regiune cu Aplicatia de stiri Opinia Timisoarei. 3 tipuri de alerte te tin mereu conectat la evenimente. Descarca gratuit Aplicatia OT aici!<\/a><\/strong><\/p>\n<\/div>\n<p>[analyse_source url=&#8221;https:\/\/www.opiniatimisoarei.ro\/primaria-timisoara-pune-semafoare-la-intersectia-brancoveanu-cu-eneas-vrea-sa-i-ajute-pe-biciclisti\/09\/03\/2026&#8243;]<\/p>\n","protected":false},"excerpt":{"rendered":"<p>[analyse_image type=&#8221;featured&#8221; src=&#8221;https:\/\/www.opiniatimisoarei.ro\/wp-content\/uploads\/2026\/03\/intersectie-eneas-brancoveanu-728&#215;336.jpghttps:\/\/www.opiniatimisoarei.ro\/wp-content\/uploads\/2026\/03\/intersectie-eneas-brancoveanu.jpg&#8221;] TIMI\u0218OARA. Anun\u021b important pentru \u0219oferi, bicicli\u0219ti \u0219i pietoni. CITE\u0218TE \u0218I:Armata construie\u0219te o baz\u0103 sportiv\u0103 la Timi\u0219oara. Va avea terenuri de fotbal, de tenis, baschet, dar \u0219i pist\u0103 de alergare Prim\u0103ria semaforizeaz\u0103 intersec\u021bia Bulevardul Constantin Br\u00e2ncoveanu cu Strada Eneas, aflat\u0103 la c\u00e2\u021biva zeci de metri de o alt\u0103 intersec\u021bie mare, cea a Bulevardului [&hellip;]<\/p>\n","protected":false},"author":1,"featured_media":0,"comment_status":"open","ping_status":"","sticky":false,"template":"","format":"standard","meta":{"footnotes":""},"categories":[89],"tags":[226,190],"class_list":["post-1819305","post","type-post","status-publish","format-standard","hentry","category-romania","tag-crawlmanager","tag-opiniatimisoarei-ro"],"_links":{"self":[{"href":"https:\/\/analyse.optim.biz\/index.php?rest_route=\/wp\/v2\/posts\/1819305","targetHints":{"allow":["GET"]}}],"collection":[{"href":"https:\/\/analyse.optim.biz\/index.php?rest_route=\/wp\/v2\/posts"}],"about":[{"href":"https:\/\/analyse.optim.biz\/index.php?rest_route=\/wp\/v2\/types\/post"}],"author":[{"embeddable":true,"href":"https:\/\/analyse.optim.biz\/index.php?rest_route=\/wp\/v2\/users\/1"}],"replies":[{"embeddable":true,"href":"https:\/\/analyse.optim.biz\/index.php?rest_route=%2Fwp%2Fv2%2Fcomments&post=1819305"}],"version-history":[{"count":0,"href":"https:\/\/analyse.optim.biz\/index.php?rest_route=\/wp\/v2\/posts\/1819305\/revisions"}],"wp:attachment":[{"href":"https:\/\/analyse.optim.biz\/index.php?rest_route=%2Fwp%2Fv2%2Fmedia&parent=1819305"}],"wp:term":[{"taxonomy":"category","embeddable":true,"href":"https:\/\/analyse.optim.biz\/index.php?rest_route=%2Fwp%2Fv2%2Fcategories&post=1819305"},{"taxonomy":"post_tag","embeddable":true,"href":"https:\/\/analyse.optim.biz\/index.php?rest_route=%2Fwp%2Fv2%2Ftags&post=1819305"}],"curies":[{"name":"wp","href":"https:\/\/api.w.org\/{rel}","templated":true}]}}