{"id":1819303,"date":"2026-03-08T17:00:21","date_gmt":"2026-03-08T14:00:21","guid":{"rendered":"https:\/\/analyse.optim.biz\/?p=1819303"},"modified":"2026-03-08T17:00:21","modified_gmt":"2026-03-08T14:00:21","slug":"crima-la-timisoara-un-tanar-si-a-ucis-mama-chiar-de-8-martie-video","status":"publish","type":"post","link":"https:\/\/analyse.optim.biz\/?p=1819303","title":{"rendered":"Crim\u0103 la Timi\u0219oara. Un t\u00e2n\u0103r \u0219i-a ucis mama chiar de 8 Martie. VIDEO"},"content":{"rendered":"<p>[analyse_image type=&#8221;featured&#8221; src=&#8221;https:\/\/www.opiniatimisoarei.ro\/wp-content\/uploads\/2026\/03\/crima-ranetti-728&#215;336.jpghttps:\/\/www.opiniatimisoarei.ro\/wp-content\/uploads\/2026\/03\/crima-ranetti.jpg&#8221;]<\/p>\n<div class=\"the_content\">\n<p><strong>TIMI\u0218OARA<\/strong>. Crim\u0103 la Timi\u0219oara, \u00eentr-un apartament din zona <span class=\"dia_suggestion w0\">\u0218<\/span>agului, duminic\u0103 dup\u0103-amiaz\u0103.<\/p>\n<p>Un t\u00e2n\u0103r \u0219i-a ucis mama chiar de 8 Martie, \u00eentr-o locuinta de pe strada Ranetti, apoi a \u00eencercat s\u0103 distrug\u0103 cu pietre mai multe ma\u0219ini parcate.<\/p>\n<p><strong><span>CITE\u0218TE \u0218I:<\/span><a href=\"https:\/\/www.opiniatimisoarei.ro\/atac-in-plina-strada-a-timisoara-tanar-cu-handicap-jefuit\/06\/03\/2026\">Atac \u00een plin\u0103 strad\u0103 la Timi\u0219oara. T\u00e2n\u0103r cu handicap, jefuit<\/a><\/strong><\/p>\n<p>B\u0103rbatul, \u00een v\u00e2rst\u0103 de 35 de ani, este cunoscut cu probleme psihice. <span class=\"dia_suggestion w0\">\u0218<\/span>tiut drept c<span class=\"dia_suggestion w12\">onsumator<\/span> de droguri, <span class=\"dia_suggestion w15\">acesta<\/span> a fost internat \u00een spitale de specialitate de <span class=\"dia_suggestion w24\">mai<\/span><span class=\"dia_suggestion w25\">multe<\/span> ori, <span class=\"dia_suggestion w28\">ultima<\/span> dat\u0103, chiar zilele trecute, <span class=\"dia_suggestion w0\">c\u00e2nd <\/span>ar <span class=\"dia_suggestion w34\">fi<\/span> fost externat chiar de <span class=\"dia_suggestion w39\">mama<\/span><span class=\"dia_suggestion w40\">sa<\/span>, pe semn\u0103tur\u0103.<\/p>\n<p><a href=\"https:\/\/www.opiniatimisoarei.ro\/wp-content\/uploads\/2026\/03\/crima-criminal-4.jpg\"><img loading=\"lazy\" decoding=\"async\" class=\"aligncenter size-full wp-image-873081\" src=\"https:\/\/www.opiniatimisoarei.ro\/wp-content\/uploads\/2026\/03\/crima-criminal-4.jpg\" alt=\"\" width=\"1080\" height=\"500\"><\/a><\/p>\n<p>Dup\u0103 ce <span class=\"dia_suggestion w2\">\u0219i<\/span>-a <span class=\"dia_suggestion w4\">omor\u00e2t<\/span><span class=\"dia_suggestion w5\">mama<\/span>, pe care ar fi \u00eenjunghiat-o \u00een zona g<span class=\"dia_suggestion w6\">\u00e2<\/span>tului, <span class=\"dia_suggestion w6\">t\u00e2n\u0103rul<\/span> a <span class=\"dia_suggestion w8\">ie\u0219it<\/span> din bloc\u00a0<span class=\"dia_suggestion w11\">\u0219i<\/span> a \u00eencercat s\u0103 distrug\u0103 cu pietre, cu pumnii si cu picioarele ma\u0219inile vecinilor parcate pe strad\u0103.<\/p>\n<iframe loading=\"lazy\" title=\"Momentul \u00een care t\u00e2n\u0103rul ce \u0219i-a ucis mama de 8 Martie la Timi\u0219oara se r\u0103zbun\u0103 pe ma\u0219inile vecinilor\" width=\"326\" height=\"580\" src=\"https:\/\/www.youtube.com\/embed\/8a4z7R0g38g?feature=oembed&amp;wmode=opaque&amp;rel=0\" frameborder allow=\"accelerometer; autoplay; clipboard-write; encrypted-media; gyroscope; picture-in-picture; web-share\" referrerpolicy=\"strict-origin-when-cross-origin\" allowfullscreen><\/iframe>\n<p>Oamenii au <span class=\"dia_suggestion w25\">reac\u021bionat<\/span><span class=\"dia_suggestion w26\">imediat<\/span>, <span class=\"dia_suggestion w27\">f\u0103r\u0103<\/span><span class=\"dia_suggestion w14\">s\u0103<\/span><span class=\"dia_suggestion w29\">\u0219tie<\/span> de nenorocirea <span class=\"dia_suggestion w32\">din<\/span><span class=\"dia_suggestion w33\">locuin\u021b\u0103<\/span>. L-au imobilizat \u0219i au sunat <span class=\"dia_suggestion w42\"><span class=\"dia_suggestion w76\"><span class=\"dia_suggestion w78\">la<\/span><\/span><\/span> num\u0103rul de urgen\u021b\u0103 112.<\/p>\n<p><span class=\"dia_suggestion w44\">La<\/span><span class=\"dia_suggestion w45\">fa\u021ba<\/span>\u00a0locului au <span class=\"dia_suggestion w48\">intervenit<\/span> rapid <span class=\"dia_suggestion w50\">poli\u021bi\u0219tii \u0219i jandarmii<\/span>.<\/p>\n<iframe loading=\"lazy\" title=\"Crim\u0103 la Timi\u0219oara. Un t\u00e2n\u0103r \u0219i-a ucis mama chiar de 8 Martie. Momentul prinderii uciga\u0219ului\" width=\"326\" height=\"580\" src=\"https:\/\/www.youtube.com\/embed\/f2CU3G-Ytok?feature=oembed&amp;wmode=opaque&amp;rel=0\" frameborder allow=\"accelerometer; autoplay; clipboard-write; encrypted-media; gyroscope; picture-in-picture; web-share\" referrerpolicy=\"strict-origin-when-cross-origin\" allowfullscreen><\/iframe>\n<p><span class=\"dia_suggestion w51\">C\u00e2nd<\/span> au aflat <span class=\"dia_suggestion w2\">\u0219i<\/span> de cele petrecute \u00een apartament, oamenii legii au cerut <span class=\"dia_suggestion w61\">interven\u021bia<\/span> colegilor criminali<span class=\"dia_suggestion w2\">\u0219<\/span>ti.<\/p>\n<p><span class=\"dia_suggestion w63\">Ace\u0219tia<\/span><span class=\"dia_suggestion w64\">cerceteaz\u0103<\/span> locuinta femeii <span class=\"dia_suggestion w2\">\u0219i<\/span><span class=\"dia_suggestion w68\">ridic\u0103<\/span> probe.<\/p>\n<p><a href=\"https:\/\/www.opiniatimisoarei.ro\/wp-content\/uploads\/2026\/03\/crima-criminal-5.jpg\"><img decoding=\"async\" loading=\"lazy\" class=\"aligncenter size-full wp-image-873082\" src=\"https:\/\/www.opiniatimisoarei.ro\/wp-content\/uploads\/2026\/03\/crima-criminal-5.jpg\" alt=\"\" width=\"1080\" height=\"500\"><\/a><\/p>\n<p>Agresorul, care s-a r\u0103nit la m\u00e2ini, fost <span class=\"dia_suggestion w73\">re\u021binut<\/span><span class=\"dia_suggestion w2\">\u0219i<\/span><span class=\"dia_suggestion w75\">dus la Spitalul Jude\u021bean Timi\u0219oara pentru \u00eengrijiri, apoi va ajunge<\/span>\u00a0<span class=\"dia_suggestion w42\"><span class=\"dia_suggestion w76\"><span class=\"dia_suggestion w78\">la<\/span><\/span><\/span> audieri la <span class=\"dia_suggestion w79\">Sec\u021bia<\/span> 3 <span class=\"dia_suggestion w80\">Poli\u021bie<\/span>.<\/p>\n<p><span><strong>UPDATE<\/strong><\/span>: B\u0103rbatul a fost internat la Spitalul de boli nervoase din Jebel.<\/p>\n<p>Video: <strong>Paula One\u021b<\/strong><\/p>\n<p>***<\/p>\n<p><strong><span class=\"dia_suggestion w0\">Mai<\/span><span class=\"dia_suggestion w1\">multe<\/span><span class=\"dia_suggestion w2\">g\u0103si\u021bi<\/span> pe <span class=\"dia_suggestion w4\">pagina noastr<span class=\"dia_suggestion w0\">\u0103<\/span><\/span>\u00a0de <a href=\"https:\/\/www.facebook.com\/OpiniaTM\/?ref=page_internal\" target=\"_blank\" rel=\"noopener\">Facebook opiniatimisoarei.ro<\/a>!<\/strong><\/p>\n<p><strong><span class=\"dia_suggestion w0\">Dac\u0103<\/span><span class=\"dia_suggestion w1\">a\u021bi<\/span> fost martorii unui eveniment <span class=\"dia_suggestion w6\">sau<\/span><span class=\"dia_suggestion w7\">ai<\/span> unei <span class=\"dia_suggestion w9\">situa\u021bii<\/span><span class=\"dia_suggestion w10\">neobi\u0219nuite<\/span><span class=\"dia_suggestion w11\">care<\/span> ar <span class=\"dia_suggestion w13\">putea<\/span> deveni subiect de <span class=\"dia_suggestion w17\">\u0219tire<\/span>, <span class=\"dia_suggestion w18\">contacta\u021bi<\/span>-ne <span class=\"dia_suggestion w20\">la<\/span><span><a href=\"https:\/\/www.opiniatimisoarei.ro\/cdn-cgi\/l\/email-protection\" class=\"__cf_email__\" data-cfemail=\"b3c1d6d7d2d0c7dad6f3dcc3dadddad2c7dadedac0dcd2c1d6da9dc1dc\">[email\u00a0protected]<\/a>,<\/span>\u00a0 pe <a href=\"https:\/\/www.facebook.com\/OpiniaTM\">FB<\/a><span>sau pe contul nostru de<\/span><a href=\"https:\/\/www.instagram.com\/opiniatimisoarei.ro\/\" target=\"_blank\" rel=\"noopener\">Instagram<\/a>!<\/strong><\/p>\n<p><strong><span>CITESTE SI<\/span>: <a href=\"https:\/\/www.opiniatimisoarei.ro\/afli-primul-tot-ceea-ce-se-intampla-cu-adevarat-important-in-timisoara-si-in-regiune-cu-aplicatia-de-stiri-opinia-timisoarei-3-tipuri-de-alerte-te-tin-mereu-conectat-la-evenimente-descarca-gratuit-a\/31\/10\/2022\">Afli primul tot ceea ce se intampla cu adevarat important in Timisoara si in regiune cu Aplicatia de stiri Opinia Timisoarei. 3 tipuri de alerte te tin mereu conectat la evenimente. Descarca gratuit Aplicatia OT aici!<\/a><\/strong><\/p>\n<\/div>\n<p>[analyse_source url=&#8221;https:\/\/www.opiniatimisoarei.ro\/crima-la-timisoara-un-tanar-si-a-ucis-mama-chiar-de-8-martie-video\/08\/03\/2026&#8243;]<\/p>\n","protected":false},"excerpt":{"rendered":"<p>[analyse_image type=&#8221;featured&#8221; src=&#8221;https:\/\/www.opiniatimisoarei.ro\/wp-content\/uploads\/2026\/03\/crima-ranetti-728&#215;336.jpghttps:\/\/www.opiniatimisoarei.ro\/wp-content\/uploads\/2026\/03\/crima-ranetti.jpg&#8221;] TIMI\u0218OARA. Crim\u0103 la Timi\u0219oara, \u00eentr-un apartament din zona \u0218agului, duminic\u0103 dup\u0103-amiaz\u0103. Un t\u00e2n\u0103r \u0219i-a ucis mama chiar de 8 Martie, \u00eentr-o locuinta de pe strada Ranetti, apoi a \u00eencercat s\u0103 distrug\u0103 cu pietre mai multe ma\u0219ini parcate. CITE\u0218TE \u0218I:Atac \u00een plin\u0103 strad\u0103 la Timi\u0219oara. T\u00e2n\u0103r cu handicap, jefuit B\u0103rbatul, \u00een v\u00e2rst\u0103 de [&hellip;]<\/p>\n","protected":false},"author":1,"featured_media":0,"comment_status":"open","ping_status":"","sticky":false,"template":"","format":"standard","meta":{"footnotes":""},"categories":[89],"tags":[226,190],"class_list":["post-1819303","post","type-post","status-publish","format-standard","hentry","category-romania","tag-crawlmanager","tag-opiniatimisoarei-ro"],"_links":{"self":[{"href":"https:\/\/analyse.optim.biz\/index.php?rest_route=\/wp\/v2\/posts\/1819303","targetHints":{"allow":["GET"]}}],"collection":[{"href":"https:\/\/analyse.optim.biz\/index.php?rest_route=\/wp\/v2\/posts"}],"about":[{"href":"https:\/\/analyse.optim.biz\/index.php?rest_route=\/wp\/v2\/types\/post"}],"author":[{"embeddable":true,"href":"https:\/\/analyse.optim.biz\/index.php?rest_route=\/wp\/v2\/users\/1"}],"replies":[{"embeddable":true,"href":"https:\/\/analyse.optim.biz\/index.php?rest_route=%2Fwp%2Fv2%2Fcomments&post=1819303"}],"version-history":[{"count":0,"href":"https:\/\/analyse.optim.biz\/index.php?rest_route=\/wp\/v2\/posts\/1819303\/revisions"}],"wp:attachment":[{"href":"https:\/\/analyse.optim.biz\/index.php?rest_route=%2Fwp%2Fv2%2Fmedia&parent=1819303"}],"wp:term":[{"taxonomy":"category","embeddable":true,"href":"https:\/\/analyse.optim.biz\/index.php?rest_route=%2Fwp%2Fv2%2Fcategories&post=1819303"},{"taxonomy":"post_tag","embeddable":true,"href":"https:\/\/analyse.optim.biz\/index.php?rest_route=%2Fwp%2Fv2%2Ftags&post=1819303"}],"curies":[{"name":"wp","href":"https:\/\/api.w.org\/{rel}","templated":true}]}}