{"id":1819297,"date":"2026-03-10T10:14:01","date_gmt":"2026-03-10T07:14:01","guid":{"rendered":"https:\/\/analyse.optim.biz\/?p=1819297"},"modified":"2026-03-10T10:14:01","modified_gmt":"2026-03-10T07:14:01","slug":"dominic-fritz-se-lauda-ca-are-saptamanal-convorbiri-fata-in-fata-cu-nicusor-dan-si-este-intre-patru-ochi-intr-o-sala-unde-garantat-nu-sunt-microfoane-asa-ca-stie-doar-el-si-eu-ce-discutam","status":"publish","type":"post","link":"https:\/\/analyse.optim.biz\/?p=1819297","title":{"rendered":"Dominic Fritz se laud\u0103 c\u0103 are s\u0103pt\u0103m\u00e2nal convorbiri fa\u021b\u0103 \u00een fa\u021b\u0103 cu Nicu\u0219or Dan. ,,\u0218i este \u00eentre patru ochi, \u00eentr-o sal\u0103 unde garantat nu sunt microfoane, a\u0219a c\u0103 \u0219tie doar el \u0219i eu ce discut\u0103m\u201d"},"content":{"rendered":"<p>[analyse_image type=&#8221;featured&#8221; src=&#8221;https:\/\/www.banatulazi.ro\/wp-content\/uploads\/2026\/03\/dominic-fritz-spune-ca-discuta-cu-nicusor-dan-la-cotroceni-intr-o-sala-unde-nu-exista-microfoane-e1773093044701.webp&#8221;]<\/p>\n<div class=\"td_block_wrap tdb_single_content tdi_64 td-pb-border-top td_block_template_1 td-post-content tagdiv-type\" data-td-block-uid=\"tdi_64\">\n<div class=\"tdb-block-inner td-fix-index\">\n<p>Pre\u0219edintele USR, Dominic Fritz, a declarat luni, 9 martie, la Digi24, c\u0103 vorbe\u0219te s\u0103pt\u0103m\u00e2nal cu pre\u0219edintele Nicu\u0219or Dan la Palatul Cotroceni, dar nu s-a limitat la aceast\u0103 afirma\u021bie.<\/p>\n<p>Foarte interesant, Fritz a ad\u0103ugat c\u0103 discu\u021biile sunt fa\u021b\u0103 \u00een fa\u021b\u0103, \u00een privat \u0219i au loc \u00eentr-o sal\u0103 unde nu exist\u0103 microfoane prin care SRI sau alte servicii secrete de informa\u021bii s\u0103 \u00eenregistreze dialogurile.<\/p>\n<p>\u201eEu vorbesc cu el \u00een fiecare s\u0103pt\u0103m\u00e2n\u0103 despre toate temele zilei. Ne \u00eent\u00e2lnim de obicei.\u00a0Vorbim \u0219i la telefon dac\u0103 e nevoie, dar cam o dat\u0103 pe s\u0103pt\u0103m\u00e2n\u0103 sunt la Cotroceni s\u0103 discut\u0103m toate temele zilei.\u00a0\u0218i este \u00eentre patru ochi, \u00eentr-o sal\u0103 unde garantat nu sunt microfoane, a\u0219a c\u0103 \u0219tie doar el \u0219i eu ce discut\u0103m\u201d, a afirmat Dominic Fritz, apoi moderatorul a schimbat subiectul.<\/p>\n<p>Fritz a mai spus c\u0103 pre\u0219edintele Nicu\u0219or Dan vrea ca USR s\u0103 r\u0103m\u00e2n\u0103 \u00een coali\u021bie \u0219i s-a referit la rela\u021bia cu PSD, \u0219tiut fiind faptul c\u0103 pre\u0219edintele social-democra\u021bilor, Sorin Grindeanu, nu agreeaz\u0103 USR. \u00cen acest context, el a cerut PSD s\u0103 clarifice ce vrea s\u0103 fac\u0103, s\u0103 r\u0103m\u00e2n\u0103 la guvernare sau s\u0103 plece.<\/p>\n<p>\u201eEste absolut iresponsabil, totu\u0219i, \u00een momentul \u00een care avem un r\u0103zboi,\u00a0\u0219i presupun c\u0103 o s\u0103 vorbim despre asta\u2026 S-ar putea s\u0103 creasc\u0103 din nou pre\u021burile.\u00a0\u00cen momentul \u00een care avem instabilitate \u00een toat\u0103 zona,\u00a0\u00een acest moment, s\u0103 faci pa\u0219i spre aruncarea guvern\u0103rii \u00een aer\u2026\u00a0\u0218i aten\u021bie, nu pentru a ap\u0103ra vreun rom\u00e2n,\u00a0ci doar pentru a-\u021bi ap\u0103ra propriile privilegii.\u00a0Asta este un lucru destul de grav\u201d, a subliniat pre\u0219edintele USR.<\/p>\n<p>\u201ePSD\u00a0trebuie s\u0103 r\u0103spund\u0103 la \u00eentrebare, vor sau nu la guvernare?\u00a0\u0218i dac\u0103 nu vor la guvernare cu PNL \u0219i USR,\u00a0trebuie s\u0103 ne spun\u0103. OK, vre\u021bi la guvernare cu AUR? Asuma\u021bi-v\u0103\u201d, a conchis Fritz.<\/p>\n<p>Sursa: <a href=\"https:\/\/www.libertatea.ro\/\">https:\/\/www.libertatea.ro\/<\/a><\/p>\n<\/div>\n<\/div>\n<p>[analyse_source url=&#8221;https:\/\/www.banatulazi.ro\/dominic-fritz-se-lauda-ca-are-saptamanal-convorbiri-fata-in-fata-cu-nicusor-dan-si-este-intre-patru-ochi-intr-o-sala-unde-garantat-nu-sunt-microfoane-asa-ca-stie-doar-el-si-eu-ce-discutam\/&#8221;]<\/p>\n","protected":false},"excerpt":{"rendered":"<p>[analyse_image type=&#8221;featured&#8221; src=&#8221;https:\/\/www.banatulazi.ro\/wp-content\/uploads\/2026\/03\/dominic-fritz-spune-ca-discuta-cu-nicusor-dan-la-cotroceni-intr-o-sala-unde-nu-exista-microfoane-e1773093044701.webp&#8221;] Pre\u0219edintele USR, Dominic Fritz, a declarat luni, 9 martie, la Digi24, c\u0103 vorbe\u0219te s\u0103pt\u0103m\u00e2nal cu pre\u0219edintele Nicu\u0219or Dan la Palatul Cotroceni, dar nu s-a limitat la aceast\u0103 afirma\u021bie. Foarte interesant, Fritz a ad\u0103ugat c\u0103 discu\u021biile sunt fa\u021b\u0103 \u00een fa\u021b\u0103, \u00een privat \u0219i au loc \u00eentr-o sal\u0103 unde nu exist\u0103 microfoane prin care [&hellip;]<\/p>\n","protected":false},"author":1,"featured_media":0,"comment_status":"open","ping_status":"","sticky":false,"template":"","format":"standard","meta":{"footnotes":""},"categories":[89],"tags":[185,226],"class_list":["post-1819297","post","type-post","status-publish","format-standard","hentry","category-romania","tag-banatulazi-ro","tag-crawlmanager"],"_links":{"self":[{"href":"https:\/\/analyse.optim.biz\/index.php?rest_route=\/wp\/v2\/posts\/1819297","targetHints":{"allow":["GET"]}}],"collection":[{"href":"https:\/\/analyse.optim.biz\/index.php?rest_route=\/wp\/v2\/posts"}],"about":[{"href":"https:\/\/analyse.optim.biz\/index.php?rest_route=\/wp\/v2\/types\/post"}],"author":[{"embeddable":true,"href":"https:\/\/analyse.optim.biz\/index.php?rest_route=\/wp\/v2\/users\/1"}],"replies":[{"embeddable":true,"href":"https:\/\/analyse.optim.biz\/index.php?rest_route=%2Fwp%2Fv2%2Fcomments&post=1819297"}],"version-history":[{"count":0,"href":"https:\/\/analyse.optim.biz\/index.php?rest_route=\/wp\/v2\/posts\/1819297\/revisions"}],"wp:attachment":[{"href":"https:\/\/analyse.optim.biz\/index.php?rest_route=%2Fwp%2Fv2%2Fmedia&parent=1819297"}],"wp:term":[{"taxonomy":"category","embeddable":true,"href":"https:\/\/analyse.optim.biz\/index.php?rest_route=%2Fwp%2Fv2%2Fcategories&post=1819297"},{"taxonomy":"post_tag","embeddable":true,"href":"https:\/\/analyse.optim.biz\/index.php?rest_route=%2Fwp%2Fv2%2Ftags&post=1819297"}],"curies":[{"name":"wp","href":"https:\/\/api.w.org\/{rel}","templated":true}]}}