{"id":1819294,"date":"2026-03-09T07:25:49","date_gmt":"2026-03-09T04:25:49","guid":{"rendered":"https:\/\/analyse.optim.biz\/?p=1819294"},"modified":"2026-03-09T07:25:49","modified_gmt":"2026-03-09T04:25:49","slug":"iarna-i-dusa-ziua-in-care-incep-sa-se-intoarca-berzele-in-satele-din-banat","status":"publish","type":"post","link":"https:\/\/analyse.optim.biz\/?p=1819294","title":{"rendered":"Iarna-i dus\u0103! Ziua \u00een care \u00eencep s\u0103 se \u00eentoarc\u0103 berzele \u00een satele din Banat"},"content":{"rendered":"<p>[analyse_image type=&#8221;featured&#8221; src=&#8221;https:\/\/www.opiniatimisoarei.ro\/wp-content\/uploads\/2015\/03\/berze-2-700&#215;336.jpghttps:\/\/www.opiniatimisoarei.ro\/wp-content\/uploads\/2015\/03\/berze-2.jpg&#8221;]<\/p>\n<div class=\"the_content\">\n<p><strong><span class=\"dia_suggestion w0\">TIMI\u0218OARA<\/span><\/strong>. E <span class=\"dia_suggestion w2\">s\u0103rb\u0103toare<\/span><span class=\"dia_suggestion w3\">mare<\/span><span class=\"dia_suggestion w4\">\u00een<\/span><span class=\"dia_suggestion w5\">r\u00e2ndul<\/span><span class=\"dia_suggestion w6\">cre\u0219tinilor<\/span>! <span class=\"dia_suggestion w7\">\u00cen<\/span> 9 <span class=\"dia_suggestion w8\">martie<\/span><span class=\"dia_suggestion w9\">\u00eei<\/span><span class=\"dia_suggestion w10\">s\u0103rb\u0103torim<\/span> pe <span class=\"dia_suggestion w12\">Sfin\u021bii<\/span> 40 de Mucenici <span class=\"dia_suggestion w15\">din<\/span> Sevastia.<\/p>\n<p><strong><span>CITE\u0218TE \u0218I: <\/span><a href=\"https:\/\/www.opiniatimisoarei.ro\/video-primele-lucrari-pentru-salvarea-castelului-de-la-banloc-de-unde-au-pornit-interventiile\/07\/03\/2026\">VIDEO. Primele lucr\u0103ri pentru salvarea Castelului de la Banloc. De unde au pornit interven\u021biile<\/a><\/strong><\/p>\n<p>De acum <span class=\"dia_suggestion w19\">\u00eenainte<\/span>, <span class=\"dia_suggestion w20\">b\u0103n\u0103\u021benii<\/span><span class=\"dia_suggestion w21\">sunt<\/span> cu ochii pe cer pentru <span class=\"dia_suggestion w27\">c\u0103<\/span><span class=\"dia_suggestion w28\">a\u0219teapt\u0103<\/span><span class=\"dia_suggestion w29\">s\u0103<\/span><span class=\"dia_suggestion w30\"><span class=\"dia_suggestion w40\">se<\/span><\/span><span class=\"dia_suggestion w31\">\u00eentoarc\u0103<\/span> berzele, semn <span class=\"dia_suggestion w34\">c\u0103<\/span><span class=\"dia_suggestion w35\">iarna<\/span>\u00a0e <span class=\"dia_suggestion w37\">dus\u0103<\/span>, iar <span class=\"dia_suggestion w39\">prim\u0103vara<\/span>\u00a0se <span class=\"dia_suggestion w41\">instaleaz\u0103<\/span> confortabil.<\/p>\n<p><img loading=\"lazy\" decoding=\"async\" class=\"aligncenter size-full wp-image-617349\" src=\"https:\/\/www.opiniatimisoarei.ro\/wp-content\/uploads\/2019\/07\/berze-2.jpg\" alt=\"\" width=\"700\" height=\"394\"><\/p>\n<p>O <span class=\"dia_suggestion w1\">mul\u021bime<\/span> de <span class=\"dia_suggestion w3\">tradi\u021bii<\/span><span class=\"dia_suggestion w4\">sunt<\/span> legate de <span class=\"dia_suggestion w7\">aceast\u0103<\/span><span class=\"dia_suggestion w8\">mare<\/span><span class=\"dia_suggestion w9\">s\u0103rb\u0103toare<\/span> a <span class=\"dia_suggestion w11\">prim\u0103verii<\/span>. <span class=\"dia_suggestion w12\">\u00cen<\/span><span class=\"dia_suggestion w13\"><span class=\"dia_suggestion w78\">ziua<\/span><\/span> Mucenicilor <span class=\"dia_suggestion w15\"><span class=\"dia_suggestion w79\">se<\/span><\/span><span class=\"dia_suggestion w16\">purific\u0103<\/span>, cu <span class=\"dia_suggestion w18\">t\u0103m\u00e2ie<\/span><span class=\"dia_suggestion w19\">aprins\u0103<\/span><span class=\"dia_suggestion w20\">\u0219i<\/span><span class=\"dia_suggestion w21\">agheasm\u0103<\/span>, <span class=\"dia_suggestion w22\">casa<\/span>, dar <span class=\"dia_suggestion w24\">\u0219i<\/span> cei <span class=\"dia_suggestion w26\">ai<\/span><span class=\"dia_suggestion w27\">casei<\/span>, animalele <span class=\"dia_suggestion w29\">\u0219i<\/span><span class=\"dia_suggestion w30\">gospod\u0103ria<\/span>.<\/p>\n<p>De a tunat <span class=\"dia_suggestion w34\">\u00een<\/span><span class=\"dia_suggestion w7\">aceast\u0103<\/span> zi, <span class=\"dia_suggestion w37\"><span class=\"dia_suggestion w74\">vara<\/span><\/span><span class=\"dia_suggestion w38\"><span class=\"dia_suggestion w46\"><span class=\"dia_suggestion w61\"><span class=\"dia_suggestion w71\">va<\/span><\/span><\/span><\/span><span class=\"dia_suggestion w39\"><span class=\"dia_suggestion w62\">fi<\/span><\/span> roditoare. <span class=\"dia_suggestion w41\">Dac\u0103<\/span> a plouat de Mucenici, va <span class=\"dia_suggestion w47\">ploua<\/span>\u00a0<span class=\"dia_suggestion w20\">\u0219i<\/span> de <span class=\"dia_suggestion w50\">Pa\u0219ti<\/span>. <span class=\"dia_suggestion w51\">C\u00e2nd<\/span><span class=\"dia_suggestion w52\">Sfin\u021bii<\/span> 40 de Mucenici <span class=\"dia_suggestion w55\">g\u0103sesc<\/span><span class=\"dia_suggestion w56\">p\u0103m\u00e2ntul<\/span> acoperit cu <span class=\"dia_suggestion w59\">om\u0103t<\/span>, anul va fi bogat. <span class=\"dia_suggestion w64\">Dac\u0103<\/span> de Mucenici a fost vreme <span class=\"dia_suggestion w70\">bun\u0103<\/span>, va <span class=\"dia_suggestion w72\">urma<\/span> o var<span class=\"dia_suggestion w75\">\u0103<\/span>\u00a0<span class=\"dia_suggestion w75\">frumoas\u0103<\/span>.<br \/>\nDe-acum <span class=\"dia_suggestion w13\"><span class=\"dia_suggestion w78\">ziua<\/span><\/span><span class=\"dia_suggestion w15\"><span class=\"dia_suggestion w79\">se<\/span><\/span><span class=\"dia_suggestion w80\">m\u0103re\u0219te<\/span>, cu <span class=\"dia_suggestion w82\">at\u00e2ta<\/span> cu <span class=\"dia_suggestion w84\">c\u00e2t<\/span><span class=\"dia_suggestion w85\">sare<\/span><span class=\"dia_suggestion w86\">coco\u0219ul<\/span><span class=\"dia_suggestion w87\">peste<\/span> prag.<\/p>\n<p><img loading=\"lazy\" decoding=\"async\" class=\"aligncenter size-full wp-image-693474\" src=\"https:\/\/www.opiniatimisoarei.ro\/wp-content\/uploads\/2021\/03\/berze-cuib-carpinis-1.jpg\" alt=\"\" width=\"728\" height=\"410\"><\/p>\n<p><span class=\"dia_suggestion w0\">Tot<\/span> de acum, <span class=\"dia_suggestion w3\">sunt<\/span><span class=\"dia_suggestion w4\">a\u0219teptate<\/span><span class=\"dia_suggestion w5\">s\u0103<\/span><span class=\"dia_suggestion w6\"><span class=\"dia_suggestion w28\">se<\/span><\/span><span class=\"dia_suggestion w7\">\u00eentoarc\u0103<\/span> berzele <span class=\"dia_suggestion w9\"><span class=\"dia_suggestion w24\">la<\/span><\/span> cuiburile lor <span class=\"dia_suggestion w12\">din<\/span><span class=\"dia_suggestion w13\">m\u00e2ndrele<\/span> sate <span class=\"dia_suggestion w15\">b\u0103n\u0103\u021bene<\/span>.<\/p>\n<p>Oamenii le <span class=\"dia_suggestion w18\">a\u0219teapt\u0103<\/span> cu <span class=\"dia_suggestion w20\">mare<\/span> drag <span class=\"dia_suggestion w22\">s\u0103<\/span><span class=\"dia_suggestion w23\">revin\u0103<\/span> la cuiburile lor, <span class=\"dia_suggestion w27\">\u00eentruc\u00e2t<\/span> se spune <span class=\"dia_suggestion w30\">c\u0103<\/span> aceste frumoase <span class=\"dia_suggestion w33\">p\u0103s\u0103ri<\/span> abat <span class=\"dia_suggestion w35\">bun\u0103starea<\/span><span class=\"dia_suggestion w36\">asupra<\/span><span class=\"dia_suggestion w37\">a\u0219ez\u0103rilor<\/span>.<\/p>\n<p>***<\/p>\n<p><strong><span class=\"dia_suggestion w0\">Mai<\/span><span class=\"dia_suggestion w1\">multe<\/span><span class=\"dia_suggestion w2\">g\u0103si\u021bi<\/span> pe <span class=\"dia_suggestion w4\">pagina noastr<span class=\"dia_suggestion w0\">\u0103<\/span><\/span>\u00a0de <a href=\"https:\/\/www.facebook.com\/OpiniaTM\/?ref=page_internal\" target=\"_blank\" rel=\"noopener\">Facebook opiniatimisoarei.ro<\/a>!<\/strong><\/p>\n<p><strong><span class=\"dia_suggestion w0\">Dac\u0103<\/span><span class=\"dia_suggestion w1\">a\u021bi<\/span> fost martorii unui eveniment <span class=\"dia_suggestion w6\">sau<\/span><span class=\"dia_suggestion w7\">ai<\/span> unei <span class=\"dia_suggestion w9\">situa\u021bii<\/span><span class=\"dia_suggestion w10\">neobi\u0219nuite<\/span><span class=\"dia_suggestion w11\">care<\/span> ar <span class=\"dia_suggestion w13\">putea<\/span> deveni subiect de <span class=\"dia_suggestion w17\">\u0219tire<\/span>, <span class=\"dia_suggestion w18\">contacta\u021bi<\/span>-ne <span class=\"dia_suggestion w20\">la<\/span><span><a href=\"https:\/\/www.opiniatimisoarei.ro\/cdn-cgi\/l\/email-protection\" class=\"__cf_email__\" data-cfemail=\"f78592939694839e92b798879e999e96839e9a9e84989685929ed98598\">[email\u00a0protected]<\/a>,<\/span>\u00a0 pe <a href=\"https:\/\/www.facebook.com\/OpiniaTM\">FB<\/a><span>sau pe contul nostru de<\/span><a href=\"https:\/\/www.instagram.com\/opiniatimisoarei.ro\/\" target=\"_blank\" rel=\"noopener\">Instagram<\/a>!<\/strong><\/p>\n<p><strong><span>CITESTE SI<\/span>: <a href=\"https:\/\/www.opiniatimisoarei.ro\/afli-primul-tot-ceea-ce-se-intampla-cu-adevarat-important-in-timisoara-si-in-regiune-cu-aplicatia-de-stiri-opinia-timisoarei-3-tipuri-de-alerte-te-tin-mereu-conectat-la-evenimente-descarca-gratuit-a\/31\/10\/2022\">Afli primul tot ceea ce se intampla cu adevarat important in Timisoara si in regiune cu Aplicatia de stiri Opinia Timisoarei. 3 tipuri de alerte te tin mereu conectat la evenimente. Descarca gratuit Aplicatia OT aici!<\/a><\/strong><\/p>\n<\/div>\n<p>[analyse_source url=&#8221;https:\/\/www.opiniatimisoarei.ro\/iarna-i-dusa-ziua-in-care-incep-sa-se-intoarca-berzele-in-satele-din-banat\/09\/03\/2026&#8243;]<\/p>\n","protected":false},"excerpt":{"rendered":"<p>[analyse_image type=&#8221;featured&#8221; src=&#8221;https:\/\/www.opiniatimisoarei.ro\/wp-content\/uploads\/2015\/03\/berze-2-700&#215;336.jpghttps:\/\/www.opiniatimisoarei.ro\/wp-content\/uploads\/2015\/03\/berze-2.jpg&#8221;] TIMI\u0218OARA. E s\u0103rb\u0103toaremare\u00eenr\u00e2ndulcre\u0219tinilor! \u00cen 9 martie\u00eeis\u0103rb\u0103torim pe Sfin\u021bii 40 de Mucenici din Sevastia. CITE\u0218TE \u0218I: VIDEO. Primele lucr\u0103ri pentru salvarea Castelului de la Banloc. De unde au pornit interven\u021biile De acum \u00eenainte, b\u0103n\u0103\u021beniisunt cu ochii pe cer pentru c\u0103a\u0219teapt\u0103s\u0103se\u00eentoarc\u0103 berzele, semn c\u0103iarna\u00a0e dus\u0103, iar prim\u0103vara\u00a0se instaleaz\u0103 confortabil. O mul\u021bime de tradi\u021biisunt legate [&hellip;]<\/p>\n","protected":false},"author":1,"featured_media":0,"comment_status":"open","ping_status":"","sticky":false,"template":"","format":"standard","meta":{"footnotes":""},"categories":[89],"tags":[226,190],"class_list":["post-1819294","post","type-post","status-publish","format-standard","hentry","category-romania","tag-crawlmanager","tag-opiniatimisoarei-ro"],"_links":{"self":[{"href":"https:\/\/analyse.optim.biz\/index.php?rest_route=\/wp\/v2\/posts\/1819294","targetHints":{"allow":["GET"]}}],"collection":[{"href":"https:\/\/analyse.optim.biz\/index.php?rest_route=\/wp\/v2\/posts"}],"about":[{"href":"https:\/\/analyse.optim.biz\/index.php?rest_route=\/wp\/v2\/types\/post"}],"author":[{"embeddable":true,"href":"https:\/\/analyse.optim.biz\/index.php?rest_route=\/wp\/v2\/users\/1"}],"replies":[{"embeddable":true,"href":"https:\/\/analyse.optim.biz\/index.php?rest_route=%2Fwp%2Fv2%2Fcomments&post=1819294"}],"version-history":[{"count":0,"href":"https:\/\/analyse.optim.biz\/index.php?rest_route=\/wp\/v2\/posts\/1819294\/revisions"}],"wp:attachment":[{"href":"https:\/\/analyse.optim.biz\/index.php?rest_route=%2Fwp%2Fv2%2Fmedia&parent=1819294"}],"wp:term":[{"taxonomy":"category","embeddable":true,"href":"https:\/\/analyse.optim.biz\/index.php?rest_route=%2Fwp%2Fv2%2Fcategories&post=1819294"},{"taxonomy":"post_tag","embeddable":true,"href":"https:\/\/analyse.optim.biz\/index.php?rest_route=%2Fwp%2Fv2%2Ftags&post=1819294"}],"curies":[{"name":"wp","href":"https:\/\/api.w.org\/{rel}","templated":true}]}}