{"id":1819290,"date":"2026-03-06T13:59:06","date_gmt":"2026-03-06T10:59:06","guid":{"rendered":"https:\/\/analyse.optim.biz\/?p=1819290"},"modified":"2026-03-06T13:59:06","modified_gmt":"2026-03-06T10:59:06","slug":"multe-vorbe-putine-fapte-primaria-a-dat-nici-100-000-de-euro-pentru-poli-timisoara-alfred-simonis-stiti-cat-inseamna-din-bugetul-pe-un-an-al-echipei-sub-10","status":"publish","type":"post","link":"https:\/\/analyse.optim.biz\/?p=1819290","title":{"rendered":"Multe vorbe, pu\u021bine fapte. Prim\u0103ria a dat nici 100.000 de euro pentru Poli Timi\u0219oara. Alfred Simonis: \u0218ti\u021bi c\u00e2t \u00eenseamn\u0103 din bugetul pe un an al echipei? Sub 10%"},"content":{"rendered":"<p>[analyse_image type=&#8221;featured&#8221; src=&#8221;https:\/\/www.opiniatimisoarei.ro\/wp-content\/uploads\/2026\/03\/Poli-meci-728&#215;336.pnghttps:\/\/www.opiniatimisoarei.ro\/wp-content\/uploads\/2026\/03\/Poli-meci.png&#8221;]<\/p>\n<div class=\"the_content\">\n<p><strong>TIMISOARA.<\/strong> Politehnica Timi\u0219oara se lupt\u0103 s\u0103 revin\u0103 \u00een Liga secund\u0103 dup\u0103 ani buni de pribegie, iar echipa are nevoie de ajutor nu doar din partea fanilor, ci \u0219i a autorit\u0103\u021bilor.<\/p>\n<p>De la \u00eenceputul sezonului, echipa fanion a Banatului s-a putut bizui pe Consiliul Jude\u021bean Timi\u0219, Prim\u0103ria venind cu o contributie financiara modic\u0103 pentru completarea bugetului unei forma\u021bii pretendente la promovare.<\/p>\n<p><strong><span>CITE\u0218TE \u0218I:<\/span><a href=\"https:\/\/www.opiniatimisoarei.ro\/e-de-cascadorii-rasului-alfred-simonis-sediile-bibliotecii-judetene-in-paragina-pe-care-dominic-fritz-ne-trimite-sa-le-reparam-sunt-proprietatea-primariei-timisoara\/06\/03\/2026\">E de Cascadorii R\u00e2sului! Alfred Simonis: Sediile Bibliotecii Jude\u021bene \u00een paragin\u0103, pe care Dominic Fritz ne trimite s\u0103 le repar\u0103m, sunt proprietatea Prim\u0103riei Timi\u0219oara<\/a><\/strong><\/p>\n<p>Dominic Fritz a vorbit joi despre sprijinul pe care institu\u021bia de pe Loga \u00eel acord\u0103 clubului alb-violet. A precizat c\u0103 Prim\u0103ria Timi\u0219oara a finan\u021bat clubul cu mai putin de 100.000 de euro tot anul trecut \u0219i a men\u021bionat \u0219i construc\u021bia stadionului din Calea Buzia\u0219ului, care este mult \u00eent\u00e2rziat\u0103.<\/p>\n<p>\u201c<strong>Poli nu \u00eenseamn\u0103 politic\u0103. \u0218i a\u0219 min\u021bi dac\u0103 a\u0219 spune c\u0103 fiecare ie\u0219ire public\u0103 din partea celuilalt asociat la clubul Poli m-ar bucura. Pentru c\u0103, \u00eentr-adev\u0103r, a\u0219a cum am declarat de la \u00eenceput, eu a\u0219 vrea s\u0103 sus\u021bin cu tot ceea ce pot acest club, succesul acestui club, cu infrastructur\u0103, cu finan\u021b\u0103ri nerambursabile. <\/strong><\/p>\n<p><strong>Anul trecut am dat aproape 500 de mii de lei finan\u021bare nerambursabil\u0103 clubului, construim acest stadion. Este cea mai mare investi\u021bie \u00een sport pe care municipiul o face de dup\u0103 Revolu\u021bie \u0219i, bine\u00een\u021beles, \u0219i ca asociat \u00een acest club. Ce nu a\u0219 vrea s\u0103 fac este s\u0103 folosesc acest club ca un mijloc de a m\u0103 promova pe mine, de a promova partidul meu sau altceva. De aceea nu ve\u021bi g\u0103si niciodat\u0103 materiale promo\u021bionale cu sloganul meu de campanie pe un film \u00een care vorbesc despre echipa Poli. Ca sunt al\u021bii care abordeaz\u0103 lucrurile a\u0219a, fiecare trebuie s\u0103 aib\u0103 propria abordare. Eu v-am descris abordarea mea<\/strong>\u201c, a spus Dominic Fritz.<\/p>\n<h2><span><strong>Alfred Simonis: <span class=\"dia_suggestion w2\">Contribu\u021bia<\/span> financiar\u0103 a Prim\u0103riei <span class=\"dia_suggestion w6\">Timi\u0219oara<\/span> inseamn\u0103 sub 10% <span class=\"dia_suggestion w9\">din<\/span> bugetul echipei pe <span class=\"dia_suggestion w13\">tot<\/span> anul, buget <span class=\"dia_suggestion w16\">care<\/span> trebuie <span class=\"dia_suggestion w18\">s\u0103<\/span> acopere salarii, cazare, <span class=\"dia_suggestion w22\">m\u00e2ncare<\/span>, antrenamente, echipamente, <span class=\"dia_suggestion w25\">deplas\u0103ri<\/span>, bareme pentru arbitri <span class=\"dia_suggestion w29\">\u0219i<\/span> altele<\/strong><\/span><\/h2>\n<p>Pre\u0219edintele Consiliului Jude\u021bean Timi\u0219 Alfred Simonis a venit o zi mai t\u00e2rziu cu preciz\u0103ri legate de sprijinul pe care prim\u0103ria i-l acord\u0103 lui Poli in cadrul Asociatiei dintre Municipalitate, CJT si Politehnica.<\/p>\n<p>Liderul CJT a explicat de ce institu\u021bia pe care o conduce a ales s\u0103 se implice la Poli \u0219i este de acord cu Dominic Fritz asupra unor aspecte, c\u00e2nd vine vorba de club.<\/p>\n<p>\u201c<strong>Ar trebui ca priva\u021bii s\u0103 finan\u021beze, \u0219i noi s\u0103 facem doar infrastructura. Corect! <\/strong><\/p>\n<p><strong>Pute\u021bi s\u0103-mi spune\u021bi ce a reprezentat Poli Timi\u0219oara pentru Prim\u0103ria Timi\u0219oara p\u00e2n\u0103 s\u0103 vin eu pre\u0219edinte al Consiliului Jude\u021bean Timi\u0219? <\/strong><\/p>\n<p><strong>Apropo de critici. Acest mare simbol al Banatului, al Timi\u0219oarei, ce a reprezentat pentru ei acest simbol?<\/strong><\/p>\n<p><strong> Care privat a venit \u00een ultimii 20-25 de an, timi\u0219orean, timi\u0219ean, pentru a finan\u021ba echipa de fotbal Poli Timi\u0219oara? V\u0103 zic eu, niciunul.<br \/><\/strong><strong>Nici cei mai boga\u021bi timi\u0219oreni, care atunci c\u00e2nd mergem \u00een licita\u021bii pentru Poli ne sufl\u0103 baza sportiv\u0103 din fa\u021ba ochilor.<\/strong><\/p>\n<p><strong>\u0218i al\u021bi multimilionari \u0219i miliardari ai Timi\u0219oarei \u0219i ai Banatului. Nu-mi amintesc ca vreun un om de afaceri timi\u0219ean s\u0103 fi finan\u021bat aceast\u0103 echip\u0103. <\/strong><\/p>\n<p><strong>Prin urmare, aveam dou\u0103 variante: s\u0103 o mai l\u0103s\u0103m 20 de ani, s\u0103 sper\u0103m c\u0103 vine vreun privat, sau s\u0103 prelu\u0103m ini\u021biativa cu provoc\u0103ri infernale \u0219i s\u0103 finan\u021b\u0103m acest club. <\/strong><\/p>\n<p><strong>Dar faptul c\u0103 aceast\u0103 institu\u021bie, Consiliul Jude\u021bean Timi\u0219, finan\u021beaz\u0103 echipa de fotbal Poli Timi\u0219oara, \u0219i am auzit o chestiune despre faptul c\u0103 Prim\u0103ria a finan\u021bat cu 500.000 de lei anul trecut. \u0218i e corect.<\/strong><\/p>\n<p>Dar \u0219ti\u021bi c\u00e2t \u00eenseamn\u0103 500.000 de lei din bugetul total pe an al echipei Poli Timisoara? Sub 10%.<\/p>\n<p><strong>Diferen\u021ba nu s-a \u00eentrebat nimeni de unde a venit?<\/strong><\/p>\n<p><strong>Avem dou\u0103 abord\u0103ri diferite. Prim\u0103ria spune ceva ce a\u0219 sus\u021bine \u0219i eu. \u0218i anume c\u0103 ideal ar fi ca noi, la nivel de Consiliu Jude\u021bean \u0219i Prim\u0103rie, s\u0103 investim \u00een infrastructur\u0103, \u0219i priva\u021bii s\u0103 vin\u0103 s\u0103 preia \u0219i s\u0103 fac\u0103 investi\u021biile<\/strong>\u201c, spune Alfred Simonis,<\/p>\n<p>Pre\u0219edintele CJT spune c\u0103 va sus\u021bine \u00een continuare clubul.<\/p>\n<p>\u201c<strong>Vom finan\u021ba \u0219i infrastructura \u0219i tot ceea ce e necesar la club, de la cei 7-8% pe care \u00eei d\u0103 Prim\u0103ria p\u00e2n\u0103 la 100%, astfel \u00eenc\u00e2t s\u0103 ne asigur\u0103m c\u0103 exist\u0103 banii necesari pentru a promova. <\/strong><\/p>\n<p><strong>\u0218i a\u0219 vrea ca scandalurile \u0219i disputele politice dintre mine, primari, viceprimar \u0219i a\u0219a mai departe, s\u0103 se opreasc\u0103 m\u0103car pe acest subiect. Nu face nim\u0103nui bine o tensiune la un club de Liga 3-a care \u00eencepe s\u0103 capete credibilitate, care aduce juc\u0103tori importan\u021bi din fotbalul rom\u00e2nesc. Dar i-a adus pentru c\u0103 a fost lini\u0219te, investi\u021bii \u0219i performan\u021b\u0103. \u0218i baz\u0103 de preg\u0103tire \u0219i tot ce era necesar. Dac\u0103 \u00eencepem s\u0103 ne cert\u0103m \u00eentre noi, pierdem credibilitatea. M\u0103car pe acest subiect, fac din nou apel s\u0103 ne oprim de la atacuri care s\u0103 afecteze echipa de fotbal Poli Timi\u0219oara<\/strong>\u201c, a completat Alfred Simonis.<\/p>\n<p><img loading=\"lazy\" decoding=\"async\" class=\"alignnone size-full wp-image-868066\" src=\"https:\/\/www.opiniatimisoarei.ro\/wp-content\/uploads\/2025\/12\/autocar-poli-3.jpg\" alt=\"\" width=\"1080\" height=\"500\"><\/p>\n<p>V\u0103 reamintim, echipa beneficiaza acum si de un autocar modern, cu care face deplas\u0103rile \u00een sezonul de prim\u0103var\u0103.<\/p>\n<p>De asemenea, la finalul lunii februarie, la baza de preg\u0103tire Adrian Stoicov, aflat\u0103 \u00een vecin\u0103tatea fostului stadion Dan P\u0103ltini\u0219anu, au fost aduse mai multe containere de c\u0103tre CJT \u00een care au fost amenajate vestiare, o sal\u0103 de for\u021b\u0103 \u0219i un cabinet medical.<\/p>\n<p>***<\/p>\n<p><strong><span class=\"dia_suggestion w0\">Mai<\/span>\u00a0<span class=\"dia_suggestion w1\">multe<\/span>\u00a0<span class=\"dia_suggestion w2\">g\u0103si\u021bi<\/span>\u00a0pe\u00a0<span class=\"dia_suggestion w4\">pagina noastr<span class=\"dia_suggestion w0\">\u0103<\/span><\/span>\u00a0de\u00a0<a href=\"https:\/\/www.facebook.com\/OpiniaTM\/?ref=page_internal\" target=\"_blank\" rel=\"noopener\">Facebook opiniatimisoarei.ro<\/a>!<\/strong><\/p>\n<p><strong><span class=\"dia_suggestion w0\">Dac\u0103<\/span>\u00a0<span class=\"dia_suggestion w1\">a\u021bi<\/span>\u00a0fost martorii unui eveniment\u00a0<span class=\"dia_suggestion w6\">sau<\/span>\u00a0<span class=\"dia_suggestion w7\">ai<\/span>\u00a0unei\u00a0<span class=\"dia_suggestion w9\">situa\u021bii<\/span>\u00a0<span class=\"dia_suggestion w10\">neobi\u0219nuite<\/span>\u00a0<span class=\"dia_suggestion w11\">care<\/span>\u00a0ar\u00a0<span class=\"dia_suggestion w13\">putea<\/span>\u00a0deveni subiect de\u00a0<span class=\"dia_suggestion w17\">\u0219tire<\/span>,\u00a0<span class=\"dia_suggestion w18\">contacta\u021bi<\/span>-ne\u00a0<span class=\"dia_suggestion w20\">la<\/span>\u00a0<a href=\"https:\/\/www.opiniatimisoarei.ro\/cdn-cgi\/l\/email-protection\" class=\"__cf_email__\" data-cfemail=\"087a6d6c696b7c616d486778616661697c6165617b67697a6d61267a67\">[email\u00a0protected]<\/a>,\u00a0 pe\u00a0<a href=\"https:\/\/www.facebook.com\/OpiniaTM\">FB<\/a>\u00a0sau pe contul nostru de\u00a0<a href=\"https:\/\/www.instagram.com\/opiniatimisoarei.ro\/\" target=\"_blank\" rel=\"noopener\">Instagram<\/a>!<\/strong><\/p>\n<p><strong><span>CITESTE SI:\u00a0<\/span><a href=\"https:\/\/www.opiniatimisoarei.ro\/afli-primul-tot-ceea-ce-se-intampla-cu-adevarat-important-in-timisoara-si-in-regiune-cu-aplicatia-de-stiri-opinia-timisoarei-3-tipuri-de-alerte-te-tin-mereu-conectat-la-evenimente-descarca-gratuit-a\/31\/10\/2022\">Afli primul tot ceea ce se intampla cu adevarat important in Timisoara si in regiune cu Aplicatia de stiri Opinia Timisoarei. 3 tipuri de alerte te tin mereu conectat la evenimente. Descarca gratuit Aplicatia OT aici!<\/a><\/strong><\/p>\n<\/div>\n<p>[analyse_source url=&#8221;https:\/\/www.opiniatimisoarei.ro\/multe-vorbe-putine-fapte-primaria-a-dat-nici-100-000-de-euro-pentru-poli-timisoara-alfred-simonis-stiti-cat-inseamna-din-bugetul-pe-un-an-al-echipei-sub-10\/06\/03\/2026&#8243;]<\/p>\n","protected":false},"excerpt":{"rendered":"<p>[analyse_image type=&#8221;featured&#8221; src=&#8221;https:\/\/www.opiniatimisoarei.ro\/wp-content\/uploads\/2026\/03\/Poli-meci-728&#215;336.pnghttps:\/\/www.opiniatimisoarei.ro\/wp-content\/uploads\/2026\/03\/Poli-meci.png&#8221;] TIMISOARA. Politehnica Timi\u0219oara se lupt\u0103 s\u0103 revin\u0103 \u00een Liga secund\u0103 dup\u0103 ani buni de pribegie, iar echipa are nevoie de ajutor nu doar din partea fanilor, ci \u0219i a autorit\u0103\u021bilor. De la \u00eenceputul sezonului, echipa fanion a Banatului s-a putut bizui pe Consiliul Jude\u021bean Timi\u0219, Prim\u0103ria venind cu o contributie financiara modic\u0103 [&hellip;]<\/p>\n","protected":false},"author":1,"featured_media":0,"comment_status":"open","ping_status":"","sticky":false,"template":"","format":"standard","meta":{"footnotes":""},"categories":[89],"tags":[226,190],"class_list":["post-1819290","post","type-post","status-publish","format-standard","hentry","category-romania","tag-crawlmanager","tag-opiniatimisoarei-ro"],"_links":{"self":[{"href":"https:\/\/analyse.optim.biz\/index.php?rest_route=\/wp\/v2\/posts\/1819290","targetHints":{"allow":["GET"]}}],"collection":[{"href":"https:\/\/analyse.optim.biz\/index.php?rest_route=\/wp\/v2\/posts"}],"about":[{"href":"https:\/\/analyse.optim.biz\/index.php?rest_route=\/wp\/v2\/types\/post"}],"author":[{"embeddable":true,"href":"https:\/\/analyse.optim.biz\/index.php?rest_route=\/wp\/v2\/users\/1"}],"replies":[{"embeddable":true,"href":"https:\/\/analyse.optim.biz\/index.php?rest_route=%2Fwp%2Fv2%2Fcomments&post=1819290"}],"version-history":[{"count":0,"href":"https:\/\/analyse.optim.biz\/index.php?rest_route=\/wp\/v2\/posts\/1819290\/revisions"}],"wp:attachment":[{"href":"https:\/\/analyse.optim.biz\/index.php?rest_route=%2Fwp%2Fv2%2Fmedia&parent=1819290"}],"wp:term":[{"taxonomy":"category","embeddable":true,"href":"https:\/\/analyse.optim.biz\/index.php?rest_route=%2Fwp%2Fv2%2Fcategories&post=1819290"},{"taxonomy":"post_tag","embeddable":true,"href":"https:\/\/analyse.optim.biz\/index.php?rest_route=%2Fwp%2Fv2%2Ftags&post=1819290"}],"curies":[{"name":"wp","href":"https:\/\/api.w.org\/{rel}","templated":true}]}}