{"id":1818943,"date":"2026-03-06T17:00:50","date_gmt":"2026-03-06T14:00:50","guid":{"rendered":"https:\/\/analyse.optim.biz\/?p=1818943"},"modified":"2026-03-06T17:00:50","modified_gmt":"2026-03-06T14:00:50","slug":"draga-turistule-de-pasii-te-vor-purta-in-bucovina-nu-uita-de-manastirea-camarzani-suceavalive","status":"publish","type":"post","link":"https:\/\/analyse.optim.biz\/?p=1818943","title":{"rendered":"Drag\u0103 turistule, de pa\u0219ii te vor purta \u00een Bucovina, nu uita de M\u0103n\u0103stirea C\u0103m\u00e2rzani\u00a0 &#8211; SuceavaLIVE"},"content":{"rendered":"<p>[analyse_image type=&#8221;featured&#8221; src=&#8221;https:\/\/suceavalive.ro\/wp-content\/uploads\/2026\/03\/Romania_Manastirea_Camarzani_Main_Church4.jpghttps:\/\/suceavalive.ro\/wp-content\/uploads\/2026\/03\/Romania_Manastirea_Camarzani_Main_Church4.jpg&#8221;]<\/p>\n<article id=\"post-288239\" class=\"clearfix post-288239 post type-post status-publish format-standard has-post-thumbnail hentry category-slide category-categoria-social\">\n<header id=\"cb-standard-featured\">\n<div id=\"cb-fis-wrap\" class=\"cb-entry-header cb-fis cb-style-standard\"><span class=\"cb-title-fi\"><\/p>\n<h1 class=\"entry-title cb-entry-title cb-single-title\">Drag\u0103 turistule, de pa\u0219ii te vor purta \u00een Bucovina, nu uita de M\u0103n\u0103stirea C\u0103m\u00e2rzani\u00a0<\/h1>\n<div class=\"cb-byline cb-font-header\">\n<div class=\"cb-date cb-byline-element\"><time datetime=\"2026-03-06\">6 martie 2026<\/time><\/div>\n<\/div>\n<p><\/span><\/div>\n<\/header>\n<section class=\"cb-entry-content entry-content clearfix\">\n<section class=\"cb-entry-content entry-content clearfix\">\n<header id=\"cb-standard-featured\">\n<div id=\"cb-fis-wrap\" class=\"cb-entry-header cb-fis cb-style-standard\">\n<div class=\"cb-byline cb-font-header\">\n<div class=\"cb-date cb-byline-element\"><span><strong>Bucovina nu este doar o zon\u0103 geografic\u0103, Bucovina este o stare de spirit pe care o simt to\u021bi locuitorii jude\u021bului Suceava, indiferent dac\u0103 localit\u0103\u021bile lor au apar\u021binut Regatului sau Bucovinei mam\u0103.<\/strong><\/span><\/div>\n<\/div>\n<\/div>\n<\/header>\n<section class=\"cb-entry-content entry-content clearfix\">\n<section class=\"cb-entry-content entry-content clearfix\">\n<section class=\"cb-entry-content entry-content clearfix\">\n<section class=\"cb-entry-content entry-content clearfix\">\n<section class=\"cb-entry-content entry-content clearfix\">\n<section class=\"cb-entry-content entry-content clearfix\">\n<section class=\"cb-entry-content entry-content clearfix\">\n<section class=\"cb-entry-content entry-content clearfix\">\n<section class=\"cb-entry-content entry-content clearfix\">\n<section class=\"cb-entry-content entry-content clearfix\">\n<section class=\"cb-entry-content entry-content clearfix\"><span><b>M\u0103n\u0103stirea C\u0103m\u00e2rzani<\/b>\u00a0este o m\u0103n\u0103stire de maici amplasat\u0103 \u00een satul\u00a0C\u0103m\u00e2rzani\u00a0(din\u00a0comuna Vadu Moldovei), la o distan\u021b\u0103 de circa 7 kilometri de ora\u0219ul\u00a0F\u0103lticeni. Aici a fost construit\u0103 o biseric\u0103 \u00een cea de-a doua jum\u0103tate a secolului al XIX-lea, de c\u0103tre boierul Mor\u021bun, pe proprietatea sa.<\/span><span>Devenit\u0103 schit dup\u0103 cel de-Al Doilea R\u0103zboi Mondial \u0219i apoi redus\u0103 la rangul de biseric\u0103 parohial\u0103, a fost redeschis\u0103 \u00een anul 1992 ca m\u0103n\u0103stire de maici.<\/span><\/p>\n<p data-start=\"400\" data-end=\"631\"><span>Biserica m\u0103n\u0103stirii poart\u0103 hramul <strong data-start=\"434\" data-end=\"463\">Adormirea Maicii Domnului<\/strong>. Construc\u021bia reflect\u0103 stilul tradi\u021bional al bisericilor din nordul Moldovei, cu plan triconc \u0219i elemente simple de lemn sau zid\u0103rie, adaptate activit\u0103\u021bilor monahale.<\/span><\/p>\n<p data-start=\"633\" data-end=\"834\"><span>Ansamblul m\u0103n\u0103stiresc include chiliile pentru maici, curtea interioar\u0103 \u0219i dependin\u021bele necesare func\u021bion\u0103rii comunit\u0103\u021bii. Locul este folosit pentru rug\u0103ciune zilnic\u0103, slujbe \u0219i pelerinaje ocazionale.<\/span><\/p>\n<p data-start=\"836\" data-end=\"1030\" data-is-last-node data-is-only-node><span>M\u0103n\u0103stirea C\u0103m\u00e2rzani p\u0103streaz\u0103 tradi\u021bia ortodox\u0103 \u0219i me\u0219te\u0219ugul religios al zonei, oferind vizitatorilor \u0219i pelerinilor o experien\u021b\u0103 a vie\u021bii monahale autentice, \u00eentr-un cadru lini\u0219tit \u0219i retras.<\/span><\/p>\n<section class=\"cb-entry-content entry-content clearfix\">\n<section class=\"cb-entry-content entry-content clearfix\">\n<section class=\"cb-entry-content entry-content clearfix\">\n<section class=\"cb-entry-content entry-content clearfix\">\n<p data-start=\"2135\" data-end=\"2458\"><span><strong>Drag\u0103 turistule, aceea\u0219i Bucovin\u0103 de odinioar\u0103 te a\u0219teapt\u0103 s\u0103 \u00ee\u021bi \u00eencarci din nou bateriile din acest loc plin de istorie \u0219i spiritualitate.<\/strong><\/span><\/p>\n<\/section>\n<\/section>\n<\/section>\n<\/section>\n<\/section>\n<\/section>\n<\/section>\n<\/section>\n<\/section>\n<\/section>\n<\/section>\n<\/section>\n<\/section>\n<\/section>\n<\/section>\n<\/section>\n<\/section>\n<footer class=\"article-footer\">\n<div class=\"cb-social-sharing cb-post-footer-block cb-beside clearfix\">\n<div class=\"cb-title-subtle\">Share On:<\/div>\n<div class=\"cb-twitter\"><a href=\"https:\/\/twitter.com\/share\" class=\"twitter-share-button\" data-dnt=\"true\" data-count=\"horizontal\">Tweet<\/a><\/div>\n<\/div>\n<div id=\"cb-previous-next-links\" class=\"cb-post-footer-block clearfix\">\n<div id=\"cb-previous-link\"><a href=\"https:\/\/suceavalive.ro\/stiati-ca-unul-dintre-pionierii-psihiatriei-si-psihoterapiei-sociale-s-a-nascut-la-radauti\/\" rel=\"prev\">\u0218tia\u021bi c\u0103 unul dintre pionierii psihiatriei \u0219i psihoterapiei sociale s-a n\u0103scut la R\u0103d\u0103u\u021bi?<\/a><\/div>\n<div id=\"cb-next-link\"><a href=\"https:\/\/suceavalive.ro\/calendarul-zilei-de-7-martie\/\" rel=\"next\">Calendarul zilei de 7 martie<\/a><\/div>\n<\/div>\n<div id=\"cb-author-box\" class=\"clearfix\">\n<h3 class=\"cb-block-title\">Despre autor<\/h3>\n<div class=\"cb-meta\">\n<div class=\"cb-info\">\n<div class=\"cb-author-title vcard\"><a href=\"https:\/\/suceavalive.ro\/author\/suceavalive\/\"><span class=\"fn\">SuceavaLive<\/span><\/a><\/div>\n<\/div>\n<\/div>\n<\/div>\n<div id=\"cb-related-posts\" class=\"cb-related-posts-block cb-post-end-block clearfix\">\n<h3 class=\"cb-block-title\">Postari asemanatoare<\/h3>\n<ul>\n<li class=\"cb-style-overlay cb-grid-entry cb-related-post no-1\">\n<div class=\"cb-meta cb-article-meta\">\n<h4 class=\"h3 cb-post-title\"><a href=\"https:\/\/suceavalive.ro\/draga-turistule-de-pasii-te-vor-purta-in-bucovina-nu-uita-de-stalpul-lui-voda-din-comuna-vama\/\">Drag\u0103 turistule, de pa\u0219ii te vor purta \u00een Bucovina, nu uita de St\u00e2lpul lui Vod\u0103 din comuna Vama<\/a><\/h4>\n<div class=\"cb-byline cb-font-header\">\n<div class=\"cb-date cb-byline-element\"><time datetime=\"2026-03-10\">10 martie 2026<\/time><\/div>\n<\/div>\n<\/div>\n<\/li>\n<li class=\"cb-style-overlay cb-grid-entry cb-related-post no-2\">\n<div class=\"cb-meta cb-article-meta\">\n<h4 class=\"h3 cb-post-title\"><a href=\"https:\/\/suceavalive.ro\/stiati-ca-doamna-comediei-romanesti-tamara-buciuceanu-are-radacini-adanci-in-inima-bucovinei\/\">\u0218tia\u021bi c\u0103 \u201eDoamna comediei rom\u00e2ne\u0219ti\u201d, Tamara Buciuceanu, are r\u0103d\u0103cini ad\u00e2nci \u00een inima Bucovinei?<\/a><\/h4>\n<div class=\"cb-byline cb-font-header\">\n<div class=\"cb-date cb-byline-element\"><time datetime=\"2026-03-10\">10 martie 2026<\/time><\/div>\n<\/div>\n<\/div>\n<\/li>\n<\/ul>\n<\/div>\n<\/footer>\n<div id=\"respond\" class=\"comment-respond\">\n<h3 id=\"reply-title\" class=\"comment-reply-title\">Lasa un raspuns <small><a rel=\"nofollow\" id=\"cancel-comment-reply-link\" href=\"https:\/\/suceavalive.ro\/draga-turistule-de-pasii-te-vor-purta-in-bucovina-nu-uita-de-manastirea-camarzani-2\/#respond\">Anuleaza raspunsul<\/a><\/small><\/h3>\n<p class=\"comment-notes\">Adresa ta de email nu va fi publicat\u0103.<\/p>\n<\/div>\n<\/article>\n<section class=\"cb-entry-content entry-content clearfix\">\n<section class=\"cb-entry-content entry-content clearfix\">\n<header id=\"cb-standard-featured\">\n<div id=\"cb-fis-wrap\" class=\"cb-entry-header cb-fis cb-style-standard\">\n<div class=\"cb-byline cb-font-header\">\n<div class=\"cb-date cb-byline-element\"><span><strong>Bucovina nu este doar o zon\u0103 geografic\u0103, Bucovina este o stare de spirit pe care o simt to\u021bi locuitorii jude\u021bului Suceava, indiferent dac\u0103 localit\u0103\u021bile lor au apar\u021binut Regatului sau Bucovinei mam\u0103.<\/strong><\/span><\/div>\n<\/div>\n<\/div>\n<\/header>\n<section class=\"cb-entry-content entry-content clearfix\">\n<section class=\"cb-entry-content entry-content clearfix\">\n<section class=\"cb-entry-content entry-content clearfix\">\n<section class=\"cb-entry-content entry-content clearfix\">\n<section class=\"cb-entry-content entry-content clearfix\">\n<section class=\"cb-entry-content entry-content clearfix\">\n<section class=\"cb-entry-content entry-content clearfix\">\n<section class=\"cb-entry-content entry-content clearfix\">\n<section class=\"cb-entry-content entry-content clearfix\">\n<section class=\"cb-entry-content entry-content clearfix\">\n<section class=\"cb-entry-content entry-content clearfix\"><span><b>M\u0103n\u0103stirea C\u0103m\u00e2rzani<\/b>\u00a0este o m\u0103n\u0103stire de maici amplasat\u0103 \u00een satul\u00a0C\u0103m\u00e2rzani\u00a0(din\u00a0comuna Vadu Moldovei), la o distan\u021b\u0103 de circa 7 kilometri de ora\u0219ul\u00a0F\u0103lticeni. Aici a fost construit\u0103 o biseric\u0103 \u00een cea de-a doua jum\u0103tate a secolului al XIX-lea, de c\u0103tre boierul Mor\u021bun, pe proprietatea sa.<\/span><span>Devenit\u0103 schit dup\u0103 cel de-Al Doilea R\u0103zboi Mondial \u0219i apoi redus\u0103 la rangul de biseric\u0103 parohial\u0103, a fost redeschis\u0103 \u00een anul 1992 ca m\u0103n\u0103stire de maici.<\/span><\/p>\n<p data-start=\"400\" data-end=\"631\"><span>Biserica m\u0103n\u0103stirii poart\u0103 hramul <strong data-start=\"434\" data-end=\"463\">Adormirea Maicii Domnului<\/strong>. Construc\u021bia reflect\u0103 stilul tradi\u021bional al bisericilor din nordul Moldovei, cu plan triconc \u0219i elemente simple de lemn sau zid\u0103rie, adaptate activit\u0103\u021bilor monahale.<\/span><\/p>\n<p data-start=\"633\" data-end=\"834\"><span>Ansamblul m\u0103n\u0103stiresc include chiliile pentru maici, curtea interioar\u0103 \u0219i dependin\u021bele necesare func\u021bion\u0103rii comunit\u0103\u021bii. Locul este folosit pentru rug\u0103ciune zilnic\u0103, slujbe \u0219i pelerinaje ocazionale.<\/span><\/p>\n<p data-start=\"836\" data-end=\"1030\" data-is-last-node data-is-only-node><span>M\u0103n\u0103stirea C\u0103m\u00e2rzani p\u0103streaz\u0103 tradi\u021bia ortodox\u0103 \u0219i me\u0219te\u0219ugul religios al zonei, oferind vizitatorilor \u0219i pelerinilor o experien\u021b\u0103 a vie\u021bii monahale autentice, \u00eentr-un cadru lini\u0219tit \u0219i retras.<\/span><\/p>\n<section class=\"cb-entry-content entry-content clearfix\">\n<section class=\"cb-entry-content entry-content clearfix\">\n<section class=\"cb-entry-content entry-content clearfix\">\n<section class=\"cb-entry-content entry-content clearfix\">\n<p data-start=\"2135\" data-end=\"2458\"><span><strong>Drag\u0103 turistule, aceea\u0219i Bucovin\u0103 de odinioar\u0103 te a\u0219teapt\u0103 s\u0103 \u00ee\u021bi \u00eencarci din nou bateriile din acest loc plin de istorie \u0219i spiritualitate.<\/strong><\/span><\/p>\n<\/section>\n<\/section>\n<\/section>\n<\/section>\n<\/section>\n<\/section>\n<\/section>\n<\/section>\n<\/section>\n<\/section>\n<\/section>\n<\/section>\n<\/section>\n<\/section>\n<\/section>\n<\/section>\n<\/section>\n<section class=\"cb-entry-content entry-content clearfix\">\n<section class=\"cb-entry-content entry-content clearfix\">\n<header id=\"cb-standard-featured\">\n<div id=\"cb-fis-wrap\" class=\"cb-entry-header cb-fis cb-style-standard\">\n<div class=\"cb-byline cb-font-header\">\n<div class=\"cb-date cb-byline-element\"><span><strong>Bucovina nu este doar o zon\u0103 geografic\u0103, Bucovina este o stare de spirit pe care o simt to\u021bi locuitorii jude\u021bului Suceava, indiferent dac\u0103 localit\u0103\u021bile lor au apar\u021binut Regatului sau Bucovinei mam\u0103.<\/strong><\/span><\/div>\n<\/div>\n<\/div>\n<\/header>\n<section class=\"cb-entry-content entry-content clearfix\">\n<section class=\"cb-entry-content entry-content clearfix\">\n<section class=\"cb-entry-content entry-content clearfix\">\n<section class=\"cb-entry-content entry-content clearfix\">\n<section class=\"cb-entry-content entry-content clearfix\">\n<section class=\"cb-entry-content entry-content clearfix\">\n<section class=\"cb-entry-content entry-content clearfix\">\n<section class=\"cb-entry-content entry-content clearfix\">\n<section class=\"cb-entry-content entry-content clearfix\">\n<section class=\"cb-entry-content entry-content clearfix\">\n<section class=\"cb-entry-content entry-content clearfix\"><span><b>M\u0103n\u0103stirea C\u0103m\u00e2rzani<\/b>\u00a0este o m\u0103n\u0103stire de maici amplasat\u0103 \u00een satul\u00a0C\u0103m\u00e2rzani\u00a0(din\u00a0comuna Vadu Moldovei), la o distan\u021b\u0103 de circa 7 kilometri de ora\u0219ul\u00a0F\u0103lticeni. Aici a fost construit\u0103 o biseric\u0103 \u00een cea de-a doua jum\u0103tate a secolului al XIX-lea, de c\u0103tre boierul Mor\u021bun, pe proprietatea sa.<\/span><span>Devenit\u0103 schit dup\u0103 cel de-Al Doilea R\u0103zboi Mondial \u0219i apoi redus\u0103 la rangul de biseric\u0103 parohial\u0103, a fost redeschis\u0103 \u00een anul 1992 ca m\u0103n\u0103stire de maici.<\/span><\/p>\n<p data-start=\"400\" data-end=\"631\"><span>Biserica m\u0103n\u0103stirii poart\u0103 hramul <strong data-start=\"434\" data-end=\"463\">Adormirea Maicii Domnului<\/strong>. Construc\u021bia reflect\u0103 stilul tradi\u021bional al bisericilor din nordul Moldovei, cu plan triconc \u0219i elemente simple de lemn sau zid\u0103rie, adaptate activit\u0103\u021bilor monahale.<\/span><\/p>\n<p data-start=\"633\" data-end=\"834\"><span>Ansamblul m\u0103n\u0103stiresc include chiliile pentru maici, curtea interioar\u0103 \u0219i dependin\u021bele necesare func\u021bion\u0103rii comunit\u0103\u021bii. Locul este folosit pentru rug\u0103ciune zilnic\u0103, slujbe \u0219i pelerinaje ocazionale.<\/span><\/p>\n<p data-start=\"836\" data-end=\"1030\" data-is-last-node data-is-only-node><span>M\u0103n\u0103stirea C\u0103m\u00e2rzani p\u0103streaz\u0103 tradi\u021bia ortodox\u0103 \u0219i me\u0219te\u0219ugul religios al zonei, oferind vizitatorilor \u0219i pelerinilor o experien\u021b\u0103 a vie\u021bii monahale autentice, \u00eentr-un cadru lini\u0219tit \u0219i retras.<\/span><\/p>\n<section class=\"cb-entry-content entry-content clearfix\">\n<section class=\"cb-entry-content entry-content clearfix\">\n<section class=\"cb-entry-content entry-content clearfix\">\n<section class=\"cb-entry-content entry-content clearfix\">\n<p data-start=\"2135\" data-end=\"2458\"><span><strong>Drag\u0103 turistule, aceea\u0219i Bucovin\u0103 de odinioar\u0103 te a\u0219teapt\u0103 s\u0103 \u00ee\u021bi \u00eencarci din nou bateriile din acest loc plin de istorie \u0219i spiritualitate.<\/strong><\/span><\/p>\n<\/section>\n<\/section>\n<\/section>\n<\/section>\n<\/section>\n<\/section>\n<\/section>\n<\/section>\n<\/section>\n<\/section>\n<\/section>\n<\/section>\n<\/section>\n<\/section>\n<\/section>\n<\/section>\n<\/section>\n<section class=\"cb-entry-content entry-content clearfix\">\n<header id=\"cb-standard-featured\">\n<div id=\"cb-fis-wrap\" class=\"cb-entry-header cb-fis cb-style-standard\">\n<div class=\"cb-byline cb-font-header\">\n<div class=\"cb-date cb-byline-element\"><span><strong>Bucovina nu este doar o zon\u0103 geografic\u0103, Bucovina este o stare de spirit pe care o simt to\u021bi locuitorii jude\u021bului Suceava, indiferent dac\u0103 localit\u0103\u021bile lor au apar\u021binut Regatului sau Bucovinei mam\u0103.<\/strong><\/span><\/div>\n<\/div>\n<\/div>\n<\/header>\n<section class=\"cb-entry-content entry-content clearfix\">\n<section class=\"cb-entry-content entry-content clearfix\">\n<section class=\"cb-entry-content entry-content clearfix\">\n<section class=\"cb-entry-content entry-content clearfix\">\n<section class=\"cb-entry-content entry-content clearfix\">\n<section class=\"cb-entry-content entry-content clearfix\">\n<section class=\"cb-entry-content entry-content clearfix\">\n<section class=\"cb-entry-content entry-content clearfix\">\n<section class=\"cb-entry-content entry-content clearfix\">\n<section class=\"cb-entry-content entry-content clearfix\">\n<section class=\"cb-entry-content entry-content clearfix\"><span><b>M\u0103n\u0103stirea C\u0103m\u00e2rzani<\/b>\u00a0este o m\u0103n\u0103stire de maici amplasat\u0103 \u00een satul\u00a0C\u0103m\u00e2rzani\u00a0(din\u00a0comuna Vadu Moldovei), la o distan\u021b\u0103 de circa 7 kilometri de ora\u0219ul\u00a0F\u0103lticeni. Aici a fost construit\u0103 o biseric\u0103 \u00een cea de-a doua jum\u0103tate a secolului al XIX-lea, de c\u0103tre boierul Mor\u021bun, pe proprietatea sa.<\/span><span>Devenit\u0103 schit dup\u0103 cel de-Al Doilea R\u0103zboi Mondial \u0219i apoi redus\u0103 la rangul de biseric\u0103 parohial\u0103, a fost redeschis\u0103 \u00een anul 1992 ca m\u0103n\u0103stire de maici.<\/span><\/p>\n<p data-start=\"400\" data-end=\"631\"><span>Biserica m\u0103n\u0103stirii poart\u0103 hramul <strong data-start=\"434\" data-end=\"463\">Adormirea Maicii Domnului<\/strong>. Construc\u021bia reflect\u0103 stilul tradi\u021bional al bisericilor din nordul Moldovei, cu plan triconc \u0219i elemente simple de lemn sau zid\u0103rie, adaptate activit\u0103\u021bilor monahale.<\/span><\/p>\n<p data-start=\"633\" data-end=\"834\"><span>Ansamblul m\u0103n\u0103stiresc include chiliile pentru maici, curtea interioar\u0103 \u0219i dependin\u021bele necesare func\u021bion\u0103rii comunit\u0103\u021bii. Locul este folosit pentru rug\u0103ciune zilnic\u0103, slujbe \u0219i pelerinaje ocazionale.<\/span><\/p>\n<p data-start=\"836\" data-end=\"1030\" data-is-last-node data-is-only-node><span>M\u0103n\u0103stirea C\u0103m\u00e2rzani p\u0103streaz\u0103 tradi\u021bia ortodox\u0103 \u0219i me\u0219te\u0219ugul religios al zonei, oferind vizitatorilor \u0219i pelerinilor o experien\u021b\u0103 a vie\u021bii monahale autentice, \u00eentr-un cadru lini\u0219tit \u0219i retras.<\/span><\/p>\n<section class=\"cb-entry-content entry-content clearfix\">\n<section class=\"cb-entry-content entry-content clearfix\">\n<section class=\"cb-entry-content entry-content clearfix\">\n<section class=\"cb-entry-content entry-content clearfix\">\n<p data-start=\"2135\" data-end=\"2458\"><span><strong>Drag\u0103 turistule, aceea\u0219i Bucovin\u0103 de odinioar\u0103 te a\u0219teapt\u0103 s\u0103 \u00ee\u021bi \u00eencarci din nou bateriile din acest loc plin de istorie \u0219i spiritualitate.<\/strong><\/span><\/p>\n<\/section>\n<\/section>\n<\/section>\n<\/section>\n<\/section>\n<\/section>\n<\/section>\n<\/section>\n<\/section>\n<\/section>\n<\/section>\n<\/section>\n<\/section>\n<\/section>\n<\/section>\n<\/section>\n<section class=\"cb-entry-content entry-content clearfix\">\n<header id=\"cb-standard-featured\">\n<div id=\"cb-fis-wrap\" class=\"cb-entry-header cb-fis cb-style-standard\">\n<div class=\"cb-byline cb-font-header\">\n<div class=\"cb-date cb-byline-element\"><span><strong>Bucovina nu este doar o zon\u0103 geografic\u0103, Bucovina este o stare de spirit pe care o simt to\u021bi locuitorii jude\u021bului Suceava, indiferent dac\u0103 localit\u0103\u021bile lor au apar\u021binut Regatului sau Bucovinei mam\u0103.<\/strong><\/span><\/div>\n<\/div>\n<\/div>\n<\/header>\n<section class=\"cb-entry-content entry-content clearfix\">\n<section class=\"cb-entry-content entry-content clearfix\">\n<section class=\"cb-entry-content entry-content clearfix\">\n<section class=\"cb-entry-content entry-content clearfix\">\n<section class=\"cb-entry-content entry-content clearfix\">\n<section class=\"cb-entry-content entry-content clearfix\">\n<section class=\"cb-entry-content entry-content clearfix\">\n<section class=\"cb-entry-content entry-content clearfix\">\n<section class=\"cb-entry-content entry-content clearfix\">\n<section class=\"cb-entry-content entry-content clearfix\">\n<section class=\"cb-entry-content entry-content clearfix\"><span><b>M\u0103n\u0103stirea C\u0103m\u00e2rzani<\/b>\u00a0este o m\u0103n\u0103stire de maici amplasat\u0103 \u00een satul\u00a0C\u0103m\u00e2rzani\u00a0(din\u00a0comuna Vadu Moldovei), la o distan\u021b\u0103 de circa 7 kilometri de ora\u0219ul\u00a0F\u0103lticeni. Aici a fost construit\u0103 o biseric\u0103 \u00een cea de-a doua jum\u0103tate a secolului al XIX-lea, de c\u0103tre boierul Mor\u021bun, pe proprietatea sa.<\/span><span>Devenit\u0103 schit dup\u0103 cel de-Al Doilea R\u0103zboi Mondial \u0219i apoi redus\u0103 la rangul de biseric\u0103 parohial\u0103, a fost redeschis\u0103 \u00een anul 1992 ca m\u0103n\u0103stire de maici.<\/span><\/p>\n<p data-start=\"400\" data-end=\"631\"><span>Biserica m\u0103n\u0103stirii poart\u0103 hramul <strong data-start=\"434\" data-end=\"463\">Adormirea Maicii Domnului<\/strong>. Construc\u021bia reflect\u0103 stilul tradi\u021bional al bisericilor din nordul Moldovei, cu plan triconc \u0219i elemente simple de lemn sau zid\u0103rie, adaptate activit\u0103\u021bilor monahale.<\/span><\/p>\n<p data-start=\"633\" data-end=\"834\"><span>Ansamblul m\u0103n\u0103stiresc include chiliile pentru maici, curtea interioar\u0103 \u0219i dependin\u021bele necesare func\u021bion\u0103rii comunit\u0103\u021bii. Locul este folosit pentru rug\u0103ciune zilnic\u0103, slujbe \u0219i pelerinaje ocazionale.<\/span><\/p>\n<p data-start=\"836\" data-end=\"1030\" data-is-last-node data-is-only-node><span>M\u0103n\u0103stirea C\u0103m\u00e2rzani p\u0103streaz\u0103 tradi\u021bia ortodox\u0103 \u0219i me\u0219te\u0219ugul religios al zonei, oferind vizitatorilor \u0219i pelerinilor o experien\u021b\u0103 a vie\u021bii monahale autentice, \u00eentr-un cadru lini\u0219tit \u0219i retras.<\/span><\/p>\n<section class=\"cb-entry-content entry-content clearfix\">\n<section class=\"cb-entry-content entry-content clearfix\">\n<section class=\"cb-entry-content entry-content clearfix\">\n<section class=\"cb-entry-content entry-content clearfix\">\n<p data-start=\"2135\" data-end=\"2458\"><span><strong>Drag\u0103 turistule, aceea\u0219i Bucovin\u0103 de odinioar\u0103 te a\u0219teapt\u0103 s\u0103 \u00ee\u021bi \u00eencarci din nou bateriile din acest loc plin de istorie \u0219i spiritualitate.<\/strong><\/span><\/p>\n<\/section>\n<\/section>\n<\/section>\n<\/section>\n<\/section>\n<\/section>\n<\/section>\n<\/section>\n<\/section>\n<\/section>\n<\/section>\n<\/section>\n<\/section>\n<\/section>\n<\/section>\n<\/section>\n<section class=\"cb-entry-content entry-content clearfix\">\n<section class=\"cb-entry-content entry-content clearfix\">\n<section class=\"cb-entry-content entry-content clearfix\">\n<section class=\"cb-entry-content entry-content clearfix\">\n<section class=\"cb-entry-content entry-content clearfix\">\n<section class=\"cb-entry-content entry-content clearfix\">\n<section class=\"cb-entry-content entry-content clearfix\">\n<section class=\"cb-entry-content entry-content clearfix\">\n<section class=\"cb-entry-content entry-content clearfix\">\n<section class=\"cb-entry-content entry-content clearfix\">\n<section class=\"cb-entry-content entry-content clearfix\"><span><b>M\u0103n\u0103stirea C\u0103m\u00e2rzani<\/b>\u00a0este o m\u0103n\u0103stire de maici amplasat\u0103 \u00een satul\u00a0C\u0103m\u00e2rzani\u00a0(din\u00a0comuna Vadu Moldovei), la o distan\u021b\u0103 de circa 7 kilometri de ora\u0219ul\u00a0F\u0103lticeni. Aici a fost construit\u0103 o biseric\u0103 \u00een cea de-a doua jum\u0103tate a secolului al XIX-lea, de c\u0103tre boierul Mor\u021bun, pe proprietatea sa.<\/span><span>Devenit\u0103 schit dup\u0103 cel de-Al Doilea R\u0103zboi Mondial \u0219i apoi redus\u0103 la rangul de biseric\u0103 parohial\u0103, a fost redeschis\u0103 \u00een anul 1992 ca m\u0103n\u0103stire de maici.<\/span><\/p>\n<p data-start=\"400\" data-end=\"631\"><span>Biserica m\u0103n\u0103stirii poart\u0103 hramul <strong data-start=\"434\" data-end=\"463\">Adormirea Maicii Domnului<\/strong>. Construc\u021bia reflect\u0103 stilul tradi\u021bional al bisericilor din nordul Moldovei, cu plan triconc \u0219i elemente simple de lemn sau zid\u0103rie, adaptate activit\u0103\u021bilor monahale.<\/span><\/p>\n<p data-start=\"633\" data-end=\"834\"><span>Ansamblul m\u0103n\u0103stiresc include chiliile pentru maici, curtea interioar\u0103 \u0219i dependin\u021bele necesare func\u021bion\u0103rii comunit\u0103\u021bii. Locul este folosit pentru rug\u0103ciune zilnic\u0103, slujbe \u0219i pelerinaje ocazionale.<\/span><\/p>\n<p data-start=\"836\" data-end=\"1030\" data-is-last-node data-is-only-node><span>M\u0103n\u0103stirea C\u0103m\u00e2rzani p\u0103streaz\u0103 tradi\u021bia ortodox\u0103 \u0219i me\u0219te\u0219ugul religios al zonei, oferind vizitatorilor \u0219i pelerinilor o experien\u021b\u0103 a vie\u021bii monahale autentice, \u00eentr-un cadru lini\u0219tit \u0219i retras.<\/span><\/p>\n<section class=\"cb-entry-content entry-content clearfix\">\n<section class=\"cb-entry-content entry-content clearfix\">\n<section class=\"cb-entry-content entry-content clearfix\">\n<section class=\"cb-entry-content entry-content clearfix\">\n<p data-start=\"2135\" data-end=\"2458\"><span><strong>Drag\u0103 turistule, aceea\u0219i Bucovin\u0103 de odinioar\u0103 te a\u0219teapt\u0103 s\u0103 \u00ee\u021bi \u00eencarci din nou bateriile din acest loc plin de istorie \u0219i spiritualitate.<\/strong><\/span><\/p>\n<\/section>\n<\/section>\n<\/section>\n<\/section>\n<\/section>\n<\/section>\n<\/section>\n<\/section>\n<\/section>\n<\/section>\n<\/section>\n<\/section>\n<\/section>\n<\/section>\n<\/section>\n<section class=\"cb-entry-content entry-content clearfix\">\n<section class=\"cb-entry-content entry-content clearfix\">\n<section class=\"cb-entry-content entry-content clearfix\">\n<section class=\"cb-entry-content entry-content clearfix\">\n<section class=\"cb-entry-content entry-content clearfix\">\n<section class=\"cb-entry-content entry-content clearfix\">\n<section class=\"cb-entry-content entry-content clearfix\">\n<section class=\"cb-entry-content entry-content clearfix\">\n<section class=\"cb-entry-content entry-content clearfix\">\n<section class=\"cb-entry-content entry-content clearfix\">\n<section class=\"cb-entry-content entry-content clearfix\"><span><b>M\u0103n\u0103stirea C\u0103m\u00e2rzani<\/b>\u00a0este o m\u0103n\u0103stire de maici amplasat\u0103 \u00een satul\u00a0C\u0103m\u00e2rzani\u00a0(din\u00a0comuna Vadu Moldovei), la o distan\u021b\u0103 de circa 7 kilometri de ora\u0219ul\u00a0F\u0103lticeni. Aici a fost construit\u0103 o biseric\u0103 \u00een cea de-a doua jum\u0103tate a secolului al XIX-lea, de c\u0103tre boierul Mor\u021bun, pe proprietatea sa.<\/span><span>Devenit\u0103 schit dup\u0103 cel de-Al Doilea R\u0103zboi Mondial \u0219i apoi redus\u0103 la rangul de biseric\u0103 parohial\u0103, a fost redeschis\u0103 \u00een anul 1992 ca m\u0103n\u0103stire de maici.<\/span><\/p>\n<p data-start=\"400\" data-end=\"631\"><span>Biserica m\u0103n\u0103stirii poart\u0103 hramul <strong data-start=\"434\" data-end=\"463\">Adormirea Maicii Domnului<\/strong>. Construc\u021bia reflect\u0103 stilul tradi\u021bional al bisericilor din nordul Moldovei, cu plan triconc \u0219i elemente simple de lemn sau zid\u0103rie, adaptate activit\u0103\u021bilor monahale.<\/span><\/p>\n<p data-start=\"633\" data-end=\"834\"><span>Ansamblul m\u0103n\u0103stiresc include chiliile pentru maici, curtea interioar\u0103 \u0219i dependin\u021bele necesare func\u021bion\u0103rii comunit\u0103\u021bii. Locul este folosit pentru rug\u0103ciune zilnic\u0103, slujbe \u0219i pelerinaje ocazionale.<\/span><\/p>\n<p data-start=\"836\" data-end=\"1030\" data-is-last-node data-is-only-node><span>M\u0103n\u0103stirea C\u0103m\u00e2rzani p\u0103streaz\u0103 tradi\u021bia ortodox\u0103 \u0219i me\u0219te\u0219ugul religios al zonei, oferind vizitatorilor \u0219i pelerinilor o experien\u021b\u0103 a vie\u021bii monahale autentice, \u00eentr-un cadru lini\u0219tit \u0219i retras.<\/span><\/p>\n<section class=\"cb-entry-content entry-content clearfix\">\n<section class=\"cb-entry-content entry-content clearfix\">\n<section class=\"cb-entry-content entry-content clearfix\">\n<section class=\"cb-entry-content entry-content clearfix\">\n<p data-start=\"2135\" data-end=\"2458\"><span><strong>Drag\u0103 turistule, aceea\u0219i Bucovin\u0103 de odinioar\u0103 te a\u0219teapt\u0103 s\u0103 \u00ee\u021bi \u00eencarci din nou bateriile din acest loc plin de istorie \u0219i spiritualitate.<\/strong><\/span><\/p>\n<\/section>\n<\/section>\n<\/section>\n<\/section>\n<\/section>\n<\/section>\n<\/section>\n<\/section>\n<\/section>\n<\/section>\n<\/section>\n<\/section>\n<\/section>\n<\/section>\n<\/section>\n<section class=\"cb-entry-content entry-content clearfix\">\n<section class=\"cb-entry-content entry-content clearfix\">\n<section class=\"cb-entry-content entry-content clearfix\">\n<section class=\"cb-entry-content entry-content clearfix\">\n<section class=\"cb-entry-content entry-content clearfix\">\n<section class=\"cb-entry-content entry-content clearfix\">\n<section class=\"cb-entry-content entry-content clearfix\">\n<section class=\"cb-entry-content entry-content clearfix\">\n<section class=\"cb-entry-content entry-content clearfix\">\n<section class=\"cb-entry-content entry-content clearfix\"><span><b>M\u0103n\u0103stirea C\u0103m\u00e2rzani<\/b>\u00a0este o m\u0103n\u0103stire de maici amplasat\u0103 \u00een satul\u00a0C\u0103m\u00e2rzani\u00a0(din\u00a0comuna Vadu Moldovei), la o distan\u021b\u0103 de circa 7 kilometri de ora\u0219ul\u00a0F\u0103lticeni. Aici a fost construit\u0103 o biseric\u0103 \u00een cea de-a doua jum\u0103tate a secolului al XIX-lea, de c\u0103tre boierul Mor\u021bun, pe proprietatea sa.<\/span><span>Devenit\u0103 schit dup\u0103 cel de-Al Doilea R\u0103zboi Mondial \u0219i apoi redus\u0103 la rangul de biseric\u0103 parohial\u0103, a fost redeschis\u0103 \u00een anul 1992 ca m\u0103n\u0103stire de maici.<\/span><\/p>\n<p data-start=\"400\" data-end=\"631\"><span>Biserica m\u0103n\u0103stirii poart\u0103 hramul <strong data-start=\"434\" data-end=\"463\">Adormirea Maicii Domnului<\/strong>. Construc\u021bia reflect\u0103 stilul tradi\u021bional al bisericilor din nordul Moldovei, cu plan triconc \u0219i elemente simple de lemn sau zid\u0103rie, adaptate activit\u0103\u021bilor monahale.<\/span><\/p>\n<p data-start=\"633\" data-end=\"834\"><span>Ansamblul m\u0103n\u0103stiresc include chiliile pentru maici, curtea interioar\u0103 \u0219i dependin\u021bele necesare func\u021bion\u0103rii comunit\u0103\u021bii. Locul este folosit pentru rug\u0103ciune zilnic\u0103, slujbe \u0219i pelerinaje ocazionale.<\/span><\/p>\n<p data-start=\"836\" data-end=\"1030\" data-is-last-node data-is-only-node><span>M\u0103n\u0103stirea C\u0103m\u00e2rzani p\u0103streaz\u0103 tradi\u021bia ortodox\u0103 \u0219i me\u0219te\u0219ugul religios al zonei, oferind vizitatorilor \u0219i pelerinilor o experien\u021b\u0103 a vie\u021bii monahale autentice, \u00eentr-un cadru lini\u0219tit \u0219i retras.<\/span><\/p>\n<section class=\"cb-entry-content entry-content clearfix\">\n<section class=\"cb-entry-content entry-content clearfix\">\n<section class=\"cb-entry-content entry-content clearfix\">\n<section class=\"cb-entry-content entry-content clearfix\">\n<p data-start=\"2135\" data-end=\"2458\"><span><strong>Drag\u0103 turistule, aceea\u0219i Bucovin\u0103 de odinioar\u0103 te a\u0219teapt\u0103 s\u0103 \u00ee\u021bi \u00eencarci din nou bateriile din acest loc plin de istorie \u0219i spiritualitate.<\/strong><\/span><\/p>\n<\/section>\n<\/section>\n<\/section>\n<\/section>\n<\/section>\n<\/section>\n<\/section>\n<\/section>\n<\/section>\n<\/section>\n<\/section>\n<\/section>\n<\/section>\n<\/section>\n<section class=\"cb-entry-content entry-content clearfix\">\n<section class=\"cb-entry-content entry-content clearfix\">\n<section class=\"cb-entry-content entry-content clearfix\">\n<section class=\"cb-entry-content entry-content clearfix\">\n<section class=\"cb-entry-content entry-content clearfix\">\n<section class=\"cb-entry-content entry-content clearfix\">\n<section class=\"cb-entry-content entry-content clearfix\">\n<section class=\"cb-entry-content entry-content clearfix\">\n<section class=\"cb-entry-content entry-content clearfix\">\n<section class=\"cb-entry-content entry-content clearfix\"><span><b>M\u0103n\u0103stirea C\u0103m\u00e2rzani<\/b>\u00a0este o m\u0103n\u0103stire de maici amplasat\u0103 \u00een satul\u00a0C\u0103m\u00e2rzani\u00a0(din\u00a0comuna Vadu Moldovei), la o distan\u021b\u0103 de circa 7 kilometri de ora\u0219ul\u00a0F\u0103lticeni. Aici a fost construit\u0103 o biseric\u0103 \u00een cea de-a doua jum\u0103tate a secolului al XIX-lea, de c\u0103tre boierul Mor\u021bun, pe proprietatea sa.<\/span><span>Devenit\u0103 schit dup\u0103 cel de-Al Doilea R\u0103zboi Mondial \u0219i apoi redus\u0103 la rangul de biseric\u0103 parohial\u0103, a fost redeschis\u0103 \u00een anul 1992 ca m\u0103n\u0103stire de maici.<\/span><\/p>\n<p data-start=\"400\" data-end=\"631\"><span>Biserica m\u0103n\u0103stirii poart\u0103 hramul <strong data-start=\"434\" data-end=\"463\">Adormirea Maicii Domnului<\/strong>. Construc\u021bia reflect\u0103 stilul tradi\u021bional al bisericilor din nordul Moldovei, cu plan triconc \u0219i elemente simple de lemn sau zid\u0103rie, adaptate activit\u0103\u021bilor monahale.<\/span><\/p>\n<p data-start=\"633\" data-end=\"834\"><span>Ansamblul m\u0103n\u0103stiresc include chiliile pentru maici, curtea interioar\u0103 \u0219i dependin\u021bele necesare func\u021bion\u0103rii comunit\u0103\u021bii. Locul este folosit pentru rug\u0103ciune zilnic\u0103, slujbe \u0219i pelerinaje ocazionale.<\/span><\/p>\n<p data-start=\"836\" data-end=\"1030\" data-is-last-node data-is-only-node><span>M\u0103n\u0103stirea C\u0103m\u00e2rzani p\u0103streaz\u0103 tradi\u021bia ortodox\u0103 \u0219i me\u0219te\u0219ugul religios al zonei, oferind vizitatorilor \u0219i pelerinilor o experien\u021b\u0103 a vie\u021bii monahale autentice, \u00eentr-un cadru lini\u0219tit \u0219i retras.<\/span><\/p>\n<section class=\"cb-entry-content entry-content clearfix\">\n<section class=\"cb-entry-content entry-content clearfix\">\n<section class=\"cb-entry-content entry-content clearfix\">\n<section class=\"cb-entry-content entry-content clearfix\">\n<p data-start=\"2135\" data-end=\"2458\"><span><strong>Drag\u0103 turistule, aceea\u0219i Bucovin\u0103 de odinioar\u0103 te a\u0219teapt\u0103 s\u0103 \u00ee\u021bi \u00eencarci din nou bateriile din acest loc plin de istorie \u0219i spiritualitate.<\/strong><\/span><\/p>\n<\/section>\n<\/section>\n<\/section>\n<\/section>\n<\/section>\n<\/section>\n<\/section>\n<\/section>\n<\/section>\n<\/section>\n<\/section>\n<\/section>\n<\/section>\n<\/section>\n<section class=\"cb-entry-content entry-content clearfix\">\n<section class=\"cb-entry-content entry-content clearfix\">\n<section class=\"cb-entry-content entry-content clearfix\">\n<section class=\"cb-entry-content entry-content clearfix\">\n<section class=\"cb-entry-content entry-content clearfix\">\n<section class=\"cb-entry-content entry-content clearfix\">\n<section class=\"cb-entry-content entry-content clearfix\">\n<section class=\"cb-entry-content entry-content clearfix\">\n<section class=\"cb-entry-content entry-content clearfix\"><span><b>M\u0103n\u0103stirea C\u0103m\u00e2rzani<\/b>\u00a0este o m\u0103n\u0103stire de maici amplasat\u0103 \u00een satul\u00a0C\u0103m\u00e2rzani\u00a0(din\u00a0comuna Vadu Moldovei), la o distan\u021b\u0103 de circa 7 kilometri de ora\u0219ul\u00a0F\u0103lticeni. Aici a fost construit\u0103 o biseric\u0103 \u00een cea de-a doua jum\u0103tate a secolului al XIX-lea, de c\u0103tre boierul Mor\u021bun, pe proprietatea sa.<\/span><span>Devenit\u0103 schit dup\u0103 cel de-Al Doilea R\u0103zboi Mondial \u0219i apoi redus\u0103 la rangul de biseric\u0103 parohial\u0103, a fost redeschis\u0103 \u00een anul 1992 ca m\u0103n\u0103stire de maici.<\/span><\/p>\n<p data-start=\"400\" data-end=\"631\"><span>Biserica m\u0103n\u0103stirii poart\u0103 hramul <strong data-start=\"434\" data-end=\"463\">Adormirea Maicii Domnului<\/strong>. Construc\u021bia reflect\u0103 stilul tradi\u021bional al bisericilor din nordul Moldovei, cu plan triconc \u0219i elemente simple de lemn sau zid\u0103rie, adaptate activit\u0103\u021bilor monahale.<\/span><\/p>\n<p data-start=\"633\" data-end=\"834\"><span>Ansamblul m\u0103n\u0103stiresc include chiliile pentru maici, curtea interioar\u0103 \u0219i dependin\u021bele necesare func\u021bion\u0103rii comunit\u0103\u021bii. Locul este folosit pentru rug\u0103ciune zilnic\u0103, slujbe \u0219i pelerinaje ocazionale.<\/span><\/p>\n<p data-start=\"836\" data-end=\"1030\" data-is-last-node data-is-only-node><span>M\u0103n\u0103stirea C\u0103m\u00e2rzani p\u0103streaz\u0103 tradi\u021bia ortodox\u0103 \u0219i me\u0219te\u0219ugul religios al zonei, oferind vizitatorilor \u0219i pelerinilor o experien\u021b\u0103 a vie\u021bii monahale autentice, \u00eentr-un cadru lini\u0219tit \u0219i retras.<\/span><\/p>\n<section class=\"cb-entry-content entry-content clearfix\">\n<section class=\"cb-entry-content entry-content clearfix\">\n<section class=\"cb-entry-content entry-content clearfix\">\n<section class=\"cb-entry-content entry-content clearfix\">\n<p data-start=\"2135\" data-end=\"2458\"><span><strong>Drag\u0103 turistule, aceea\u0219i Bucovin\u0103 de odinioar\u0103 te a\u0219teapt\u0103 s\u0103 \u00ee\u021bi \u00eencarci din nou bateriile din acest loc plin de istorie \u0219i spiritualitate.<\/strong><\/span><\/p>\n<\/section>\n<\/section>\n<\/section>\n<\/section>\n<\/section>\n<\/section>\n<\/section>\n<\/section>\n<\/section>\n<\/section>\n<\/section>\n<\/section>\n<\/section>\n<section class=\"cb-entry-content entry-content clearfix\">\n<section class=\"cb-entry-content entry-content clearfix\">\n<section class=\"cb-entry-content entry-content clearfix\">\n<section class=\"cb-entry-content entry-content clearfix\">\n<section class=\"cb-entry-content entry-content clearfix\">\n<section class=\"cb-entry-content entry-content clearfix\">\n<section class=\"cb-entry-content entry-content clearfix\">\n<section class=\"cb-entry-content entry-content clearfix\">\n<section class=\"cb-entry-content entry-content clearfix\"><span><b>M\u0103n\u0103stirea C\u0103m\u00e2rzani<\/b>\u00a0este o m\u0103n\u0103stire de maici amplasat\u0103 \u00een satul\u00a0C\u0103m\u00e2rzani\u00a0(din\u00a0comuna Vadu Moldovei), la o distan\u021b\u0103 de circa 7 kilometri de ora\u0219ul\u00a0F\u0103lticeni. Aici a fost construit\u0103 o biseric\u0103 \u00een cea de-a doua jum\u0103tate a secolului al XIX-lea, de c\u0103tre boierul Mor\u021bun, pe proprietatea sa.<\/span><span>Devenit\u0103 schit dup\u0103 cel de-Al Doilea R\u0103zboi Mondial \u0219i apoi redus\u0103 la rangul de biseric\u0103 parohial\u0103, a fost redeschis\u0103 \u00een anul 1992 ca m\u0103n\u0103stire de maici.<\/span><\/p>\n<p data-start=\"400\" data-end=\"631\"><span>Biserica m\u0103n\u0103stirii poart\u0103 hramul <strong data-start=\"434\" data-end=\"463\">Adormirea Maicii Domnului<\/strong>. Construc\u021bia reflect\u0103 stilul tradi\u021bional al bisericilor din nordul Moldovei, cu plan triconc \u0219i elemente simple de lemn sau zid\u0103rie, adaptate activit\u0103\u021bilor monahale.<\/span><\/p>\n<p data-start=\"633\" data-end=\"834\"><span>Ansamblul m\u0103n\u0103stiresc include chiliile pentru maici, curtea interioar\u0103 \u0219i dependin\u021bele necesare func\u021bion\u0103rii comunit\u0103\u021bii. Locul este folosit pentru rug\u0103ciune zilnic\u0103, slujbe \u0219i pelerinaje ocazionale.<\/span><\/p>\n<p data-start=\"836\" data-end=\"1030\" data-is-last-node data-is-only-node><span>M\u0103n\u0103stirea C\u0103m\u00e2rzani p\u0103streaz\u0103 tradi\u021bia ortodox\u0103 \u0219i me\u0219te\u0219ugul religios al zonei, oferind vizitatorilor \u0219i pelerinilor o experien\u021b\u0103 a vie\u021bii monahale autentice, \u00eentr-un cadru lini\u0219tit \u0219i retras.<\/span><\/p>\n<section class=\"cb-entry-content entry-content clearfix\">\n<section class=\"cb-entry-content entry-content clearfix\">\n<section class=\"cb-entry-content entry-content clearfix\">\n<section class=\"cb-entry-content entry-content clearfix\">\n<p data-start=\"2135\" data-end=\"2458\"><span><strong>Drag\u0103 turistule, aceea\u0219i Bucovin\u0103 de odinioar\u0103 te a\u0219teapt\u0103 s\u0103 \u00ee\u021bi \u00eencarci din nou bateriile din acest loc plin de istorie \u0219i spiritualitate.<\/strong><\/span><\/p>\n<\/section>\n<\/section>\n<\/section>\n<\/section>\n<\/section>\n<\/section>\n<\/section>\n<\/section>\n<\/section>\n<\/section>\n<\/section>\n<\/section>\n<\/section>\n<section class=\"cb-entry-content entry-content clearfix\">\n<section class=\"cb-entry-content entry-content clearfix\">\n<section class=\"cb-entry-content entry-content clearfix\">\n<section class=\"cb-entry-content entry-content clearfix\">\n<section class=\"cb-entry-content entry-content clearfix\">\n<section class=\"cb-entry-content entry-content clearfix\">\n<section class=\"cb-entry-content entry-content clearfix\">\n<section class=\"cb-entry-content entry-content clearfix\"><span><b>M\u0103n\u0103stirea C\u0103m\u00e2rzani<\/b>\u00a0este o m\u0103n\u0103stire de maici amplasat\u0103 \u00een satul\u00a0C\u0103m\u00e2rzani\u00a0(din\u00a0comuna Vadu Moldovei), la o distan\u021b\u0103 de circa 7 kilometri de ora\u0219ul\u00a0F\u0103lticeni. Aici a fost construit\u0103 o biseric\u0103 \u00een cea de-a doua jum\u0103tate a secolului al XIX-lea, de c\u0103tre boierul Mor\u021bun, pe proprietatea sa.<\/span><span>Devenit\u0103 schit dup\u0103 cel de-Al Doilea R\u0103zboi Mondial \u0219i apoi redus\u0103 la rangul de biseric\u0103 parohial\u0103, a fost redeschis\u0103 \u00een anul 1992 ca m\u0103n\u0103stire de maici.<\/span><\/p>\n<p data-start=\"400\" data-end=\"631\"><span>Biserica m\u0103n\u0103stirii poart\u0103 hramul <strong data-start=\"434\" data-end=\"463\">Adormirea Maicii Domnului<\/strong>. Construc\u021bia reflect\u0103 stilul tradi\u021bional al bisericilor din nordul Moldovei, cu plan triconc \u0219i elemente simple de lemn sau zid\u0103rie, adaptate activit\u0103\u021bilor monahale.<\/span><\/p>\n<p data-start=\"633\" data-end=\"834\"><span>Ansamblul m\u0103n\u0103stiresc include chiliile pentru maici, curtea interioar\u0103 \u0219i dependin\u021bele necesare func\u021bion\u0103rii comunit\u0103\u021bii. Locul este folosit pentru rug\u0103ciune zilnic\u0103, slujbe \u0219i pelerinaje ocazionale.<\/span><\/p>\n<p data-start=\"836\" data-end=\"1030\" data-is-last-node data-is-only-node><span>M\u0103n\u0103stirea C\u0103m\u00e2rzani p\u0103streaz\u0103 tradi\u021bia ortodox\u0103 \u0219i me\u0219te\u0219ugul religios al zonei, oferind vizitatorilor \u0219i pelerinilor o experien\u021b\u0103 a vie\u021bii monahale autentice, \u00eentr-un cadru lini\u0219tit \u0219i retras.<\/span><\/p>\n<section class=\"cb-entry-content entry-content clearfix\">\n<section class=\"cb-entry-content entry-content clearfix\">\n<section class=\"cb-entry-content entry-content clearfix\">\n<section class=\"cb-entry-content entry-content clearfix\">\n<p data-start=\"2135\" data-end=\"2458\"><span><strong>Drag\u0103 turistule, aceea\u0219i Bucovin\u0103 de odinioar\u0103 te a\u0219teapt\u0103 s\u0103 \u00ee\u021bi \u00eencarci din nou bateriile din acest loc plin de istorie \u0219i spiritualitate.<\/strong><\/span><\/p>\n<\/section>\n<\/section>\n<\/section>\n<\/section>\n<\/section>\n<\/section>\n<\/section>\n<\/section>\n<\/section>\n<\/section>\n<\/section>\n<\/section>\n<section class=\"cb-entry-content entry-content clearfix\">\n<section class=\"cb-entry-content entry-content clearfix\">\n<section class=\"cb-entry-content entry-content clearfix\">\n<section class=\"cb-entry-content entry-content clearfix\">\n<section class=\"cb-entry-content entry-content clearfix\">\n<section class=\"cb-entry-content entry-content clearfix\">\n<section class=\"cb-entry-content entry-content clearfix\">\n<section class=\"cb-entry-content entry-content clearfix\"><span><b>M\u0103n\u0103stirea C\u0103m\u00e2rzani<\/b>\u00a0este o m\u0103n\u0103stire de maici amplasat\u0103 \u00een satul\u00a0C\u0103m\u00e2rzani\u00a0(din\u00a0comuna Vadu Moldovei), la o distan\u021b\u0103 de circa 7 kilometri de ora\u0219ul\u00a0F\u0103lticeni. Aici a fost construit\u0103 o biseric\u0103 \u00een cea de-a doua jum\u0103tate a secolului al XIX-lea, de c\u0103tre boierul Mor\u021bun, pe proprietatea sa.<\/span><span>Devenit\u0103 schit dup\u0103 cel de-Al Doilea R\u0103zboi Mondial \u0219i apoi redus\u0103 la rangul de biseric\u0103 parohial\u0103, a fost redeschis\u0103 \u00een anul 1992 ca m\u0103n\u0103stire de maici.<\/span><\/p>\n<p data-start=\"400\" data-end=\"631\"><span>Biserica m\u0103n\u0103stirii poart\u0103 hramul <strong data-start=\"434\" data-end=\"463\">Adormirea Maicii Domnului<\/strong>. Construc\u021bia reflect\u0103 stilul tradi\u021bional al bisericilor din nordul Moldovei, cu plan triconc \u0219i elemente simple de lemn sau zid\u0103rie, adaptate activit\u0103\u021bilor monahale.<\/span><\/p>\n<p data-start=\"633\" data-end=\"834\"><span>Ansamblul m\u0103n\u0103stiresc include chiliile pentru maici, curtea interioar\u0103 \u0219i dependin\u021bele necesare func\u021bion\u0103rii comunit\u0103\u021bii. Locul este folosit pentru rug\u0103ciune zilnic\u0103, slujbe \u0219i pelerinaje ocazionale.<\/span><\/p>\n<p data-start=\"836\" data-end=\"1030\" data-is-last-node data-is-only-node><span>M\u0103n\u0103stirea C\u0103m\u00e2rzani p\u0103streaz\u0103 tradi\u021bia ortodox\u0103 \u0219i me\u0219te\u0219ugul religios al zonei, oferind vizitatorilor \u0219i pelerinilor o experien\u021b\u0103 a vie\u021bii monahale autentice, \u00eentr-un cadru lini\u0219tit \u0219i retras.<\/span><\/p>\n<section class=\"cb-entry-content entry-content clearfix\">\n<section class=\"cb-entry-content entry-content clearfix\">\n<section class=\"cb-entry-content entry-content clearfix\">\n<section class=\"cb-entry-content entry-content clearfix\">\n<p data-start=\"2135\" data-end=\"2458\"><span><strong>Drag\u0103 turistule, aceea\u0219i Bucovin\u0103 de odinioar\u0103 te a\u0219teapt\u0103 s\u0103 \u00ee\u021bi \u00eencarci din nou bateriile din acest loc plin de istorie \u0219i spiritualitate.<\/strong><\/span><\/p>\n<\/section>\n<\/section>\n<\/section>\n<\/section>\n<\/section>\n<\/section>\n<\/section>\n<\/section>\n<\/section>\n<\/section>\n<\/section>\n<\/section>\n<section class=\"cb-entry-content entry-content clearfix\">\n<section class=\"cb-entry-content entry-content clearfix\">\n<section class=\"cb-entry-content entry-content clearfix\">\n<section class=\"cb-entry-content entry-content clearfix\">\n<section class=\"cb-entry-content entry-content clearfix\">\n<section class=\"cb-entry-content entry-content clearfix\">\n<section class=\"cb-entry-content entry-content clearfix\"><span><b>M\u0103n\u0103stirea C\u0103m\u00e2rzani<\/b>\u00a0este o m\u0103n\u0103stire de maici amplasat\u0103 \u00een satul\u00a0C\u0103m\u00e2rzani\u00a0(din\u00a0comuna Vadu Moldovei), la o distan\u021b\u0103 de circa 7 kilometri de ora\u0219ul\u00a0F\u0103lticeni. Aici a fost construit\u0103 o biseric\u0103 \u00een cea de-a doua jum\u0103tate a secolului al XIX-lea, de c\u0103tre boierul Mor\u021bun, pe proprietatea sa.<\/span><span>Devenit\u0103 schit dup\u0103 cel de-Al Doilea R\u0103zboi Mondial \u0219i apoi redus\u0103 la rangul de biseric\u0103 parohial\u0103, a fost redeschis\u0103 \u00een anul 1992 ca m\u0103n\u0103stire de maici.<\/span><\/p>\n<p data-start=\"400\" data-end=\"631\"><span>Biserica m\u0103n\u0103stirii poart\u0103 hramul <strong data-start=\"434\" data-end=\"463\">Adormirea Maicii Domnului<\/strong>. Construc\u021bia reflect\u0103 stilul tradi\u021bional al bisericilor din nordul Moldovei, cu plan triconc \u0219i elemente simple de lemn sau zid\u0103rie, adaptate activit\u0103\u021bilor monahale.<\/span><\/p>\n<p data-start=\"633\" data-end=\"834\"><span>Ansamblul m\u0103n\u0103stiresc include chiliile pentru maici, curtea interioar\u0103 \u0219i dependin\u021bele necesare func\u021bion\u0103rii comunit\u0103\u021bii. Locul este folosit pentru rug\u0103ciune zilnic\u0103, slujbe \u0219i pelerinaje ocazionale.<\/span><\/p>\n<p data-start=\"836\" data-end=\"1030\" data-is-last-node data-is-only-node><span>M\u0103n\u0103stirea C\u0103m\u00e2rzani p\u0103streaz\u0103 tradi\u021bia ortodox\u0103 \u0219i me\u0219te\u0219ugul religios al zonei, oferind vizitatorilor \u0219i pelerinilor o experien\u021b\u0103 a vie\u021bii monahale autentice, \u00eentr-un cadru lini\u0219tit \u0219i retras.<\/span><\/p>\n<section class=\"cb-entry-content entry-content clearfix\">\n<section class=\"cb-entry-content entry-content clearfix\">\n<section class=\"cb-entry-content entry-content clearfix\">\n<section class=\"cb-entry-content entry-content clearfix\">\n<p data-start=\"2135\" data-end=\"2458\"><span><strong>Drag\u0103 turistule, aceea\u0219i Bucovin\u0103 de odinioar\u0103 te a\u0219teapt\u0103 s\u0103 \u00ee\u021bi \u00eencarci din nou bateriile din acest loc plin de istorie \u0219i spiritualitate.<\/strong><\/span><\/p>\n<\/section>\n<\/section>\n<\/section>\n<\/section>\n<\/section>\n<\/section>\n<\/section>\n<\/section>\n<\/section>\n<\/section>\n<\/section>\n<section class=\"cb-entry-content entry-content clearfix\">\n<section class=\"cb-entry-content entry-content clearfix\">\n<section class=\"cb-entry-content entry-content clearfix\">\n<section class=\"cb-entry-content entry-content clearfix\">\n<section class=\"cb-entry-content entry-content clearfix\">\n<section class=\"cb-entry-content entry-content clearfix\">\n<section class=\"cb-entry-content entry-content clearfix\"><span><b>M\u0103n\u0103stirea C\u0103m\u00e2rzani<\/b>\u00a0este o m\u0103n\u0103stire de maici amplasat\u0103 \u00een satul\u00a0C\u0103m\u00e2rzani\u00a0(din\u00a0comuna Vadu Moldovei), la o distan\u021b\u0103 de circa 7 kilometri de ora\u0219ul\u00a0F\u0103lticeni. Aici a fost construit\u0103 o biseric\u0103 \u00een cea de-a doua jum\u0103tate a secolului al XIX-lea, de c\u0103tre boierul Mor\u021bun, pe proprietatea sa.<\/span><span>Devenit\u0103 schit dup\u0103 cel de-Al Doilea R\u0103zboi Mondial \u0219i apoi redus\u0103 la rangul de biseric\u0103 parohial\u0103, a fost redeschis\u0103 \u00een anul 1992 ca m\u0103n\u0103stire de maici.<\/span><\/p>\n<p data-start=\"400\" data-end=\"631\"><span>Biserica m\u0103n\u0103stirii poart\u0103 hramul <strong data-start=\"434\" data-end=\"463\">Adormirea Maicii Domnului<\/strong>. Construc\u021bia reflect\u0103 stilul tradi\u021bional al bisericilor din nordul Moldovei, cu plan triconc \u0219i elemente simple de lemn sau zid\u0103rie, adaptate activit\u0103\u021bilor monahale.<\/span><\/p>\n<p data-start=\"633\" data-end=\"834\"><span>Ansamblul m\u0103n\u0103stiresc include chiliile pentru maici, curtea interioar\u0103 \u0219i dependin\u021bele necesare func\u021bion\u0103rii comunit\u0103\u021bii. Locul este folosit pentru rug\u0103ciune zilnic\u0103, slujbe \u0219i pelerinaje ocazionale.<\/span><\/p>\n<p data-start=\"836\" data-end=\"1030\" data-is-last-node data-is-only-node><span>M\u0103n\u0103stirea C\u0103m\u00e2rzani p\u0103streaz\u0103 tradi\u021bia ortodox\u0103 \u0219i me\u0219te\u0219ugul religios al zonei, oferind vizitatorilor \u0219i pelerinilor o experien\u021b\u0103 a vie\u021bii monahale autentice, \u00eentr-un cadru lini\u0219tit \u0219i retras.<\/span><\/p>\n<section class=\"cb-entry-content entry-content clearfix\">\n<section class=\"cb-entry-content entry-content clearfix\">\n<section class=\"cb-entry-content entry-content clearfix\">\n<section class=\"cb-entry-content entry-content clearfix\">\n<p data-start=\"2135\" data-end=\"2458\"><span><strong>Drag\u0103 turistule, aceea\u0219i Bucovin\u0103 de odinioar\u0103 te a\u0219teapt\u0103 s\u0103 \u00ee\u021bi \u00eencarci din nou bateriile din acest loc plin de istorie \u0219i spiritualitate.<\/strong><\/span><\/p>\n<\/section>\n<\/section>\n<\/section>\n<\/section>\n<\/section>\n<\/section>\n<\/section>\n<\/section>\n<\/section>\n<\/section>\n<\/section>\n<section class=\"cb-entry-content entry-content clearfix\">\n<section class=\"cb-entry-content entry-content clearfix\">\n<section class=\"cb-entry-content entry-content clearfix\">\n<section class=\"cb-entry-content entry-content clearfix\">\n<section class=\"cb-entry-content entry-content clearfix\">\n<section class=\"cb-entry-content entry-content clearfix\"><span><b>M\u0103n\u0103stirea C\u0103m\u00e2rzani<\/b>\u00a0este o m\u0103n\u0103stire de maici amplasat\u0103 \u00een satul\u00a0C\u0103m\u00e2rzani\u00a0(din\u00a0comuna Vadu Moldovei), la o distan\u021b\u0103 de circa 7 kilometri de ora\u0219ul\u00a0F\u0103lticeni. Aici a fost construit\u0103 o biseric\u0103 \u00een cea de-a doua jum\u0103tate a secolului al XIX-lea, de c\u0103tre boierul Mor\u021bun, pe proprietatea sa.<\/span><span>Devenit\u0103 schit dup\u0103 cel de-Al Doilea R\u0103zboi Mondial \u0219i apoi redus\u0103 la rangul de biseric\u0103 parohial\u0103, a fost redeschis\u0103 \u00een anul 1992 ca m\u0103n\u0103stire de maici.<\/span><\/p>\n<p data-start=\"400\" data-end=\"631\"><span>Biserica m\u0103n\u0103stirii poart\u0103 hramul <strong data-start=\"434\" data-end=\"463\">Adormirea Maicii Domnului<\/strong>. Construc\u021bia reflect\u0103 stilul tradi\u021bional al bisericilor din nordul Moldovei, cu plan triconc \u0219i elemente simple de lemn sau zid\u0103rie, adaptate activit\u0103\u021bilor monahale.<\/span><\/p>\n<p data-start=\"633\" data-end=\"834\"><span>Ansamblul m\u0103n\u0103stiresc include chiliile pentru maici, curtea interioar\u0103 \u0219i dependin\u021bele necesare func\u021bion\u0103rii comunit\u0103\u021bii. Locul este folosit pentru rug\u0103ciune zilnic\u0103, slujbe \u0219i pelerinaje ocazionale.<\/span><\/p>\n<p data-start=\"836\" data-end=\"1030\" data-is-last-node data-is-only-node><span>M\u0103n\u0103stirea C\u0103m\u00e2rzani p\u0103streaz\u0103 tradi\u021bia ortodox\u0103 \u0219i me\u0219te\u0219ugul religios al zonei, oferind vizitatorilor \u0219i pelerinilor o experien\u021b\u0103 a vie\u021bii monahale autentice, \u00eentr-un cadru lini\u0219tit \u0219i retras.<\/span><\/p>\n<section class=\"cb-entry-content entry-content clearfix\">\n<section class=\"cb-entry-content entry-content clearfix\">\n<section class=\"cb-entry-content entry-content clearfix\">\n<section class=\"cb-entry-content entry-content clearfix\">\n<p data-start=\"2135\" data-end=\"2458\"><span><strong>Drag\u0103 turistule, aceea\u0219i Bucovin\u0103 de odinioar\u0103 te a\u0219teapt\u0103 s\u0103 \u00ee\u021bi \u00eencarci din nou bateriile din acest loc plin de istorie \u0219i spiritualitate.<\/strong><\/span><\/p>\n<\/section>\n<\/section>\n<\/section>\n<\/section>\n<\/section>\n<\/section>\n<\/section>\n<\/section>\n<\/section>\n<\/section>\n<section class=\"cb-entry-content entry-content clearfix\">\n<section class=\"cb-entry-content entry-content clearfix\">\n<section class=\"cb-entry-content entry-content clearfix\">\n<section class=\"cb-entry-content entry-content clearfix\">\n<section class=\"cb-entry-content entry-content clearfix\">\n<section class=\"cb-entry-content entry-content clearfix\"><span><b>M\u0103n\u0103stirea C\u0103m\u00e2rzani<\/b>\u00a0este o m\u0103n\u0103stire de maici amplasat\u0103 \u00een satul\u00a0C\u0103m\u00e2rzani\u00a0(din\u00a0comuna Vadu Moldovei), la o distan\u021b\u0103 de circa 7 kilometri de ora\u0219ul\u00a0F\u0103lticeni. Aici a fost construit\u0103 o biseric\u0103 \u00een cea de-a doua jum\u0103tate a secolului al XIX-lea, de c\u0103tre boierul Mor\u021bun, pe proprietatea sa.<\/span><span>Devenit\u0103 schit dup\u0103 cel de-Al Doilea R\u0103zboi Mondial \u0219i apoi redus\u0103 la rangul de biseric\u0103 parohial\u0103, a fost redeschis\u0103 \u00een anul 1992 ca m\u0103n\u0103stire de maici.<\/span><\/p>\n<p data-start=\"400\" data-end=\"631\"><span>Biserica m\u0103n\u0103stirii poart\u0103 hramul <strong data-start=\"434\" data-end=\"463\">Adormirea Maicii Domnului<\/strong>. Construc\u021bia reflect\u0103 stilul tradi\u021bional al bisericilor din nordul Moldovei, cu plan triconc \u0219i elemente simple de lemn sau zid\u0103rie, adaptate activit\u0103\u021bilor monahale.<\/span><\/p>\n<p data-start=\"633\" data-end=\"834\"><span>Ansamblul m\u0103n\u0103stiresc include chiliile pentru maici, curtea interioar\u0103 \u0219i dependin\u021bele necesare func\u021bion\u0103rii comunit\u0103\u021bii. Locul este folosit pentru rug\u0103ciune zilnic\u0103, slujbe \u0219i pelerinaje ocazionale.<\/span><\/p>\n<p data-start=\"836\" data-end=\"1030\" data-is-last-node data-is-only-node><span>M\u0103n\u0103stirea C\u0103m\u00e2rzani p\u0103streaz\u0103 tradi\u021bia ortodox\u0103 \u0219i me\u0219te\u0219ugul religios al zonei, oferind vizitatorilor \u0219i pelerinilor o experien\u021b\u0103 a vie\u021bii monahale autentice, \u00eentr-un cadru lini\u0219tit \u0219i retras.<\/span><\/p>\n<section class=\"cb-entry-content entry-content clearfix\">\n<section class=\"cb-entry-content entry-content clearfix\">\n<section class=\"cb-entry-content entry-content clearfix\">\n<section class=\"cb-entry-content entry-content clearfix\">\n<p data-start=\"2135\" data-end=\"2458\"><span><strong>Drag\u0103 turistule, aceea\u0219i Bucovin\u0103 de odinioar\u0103 te a\u0219teapt\u0103 s\u0103 \u00ee\u021bi \u00eencarci din nou bateriile din acest loc plin de istorie \u0219i spiritualitate.<\/strong><\/span><\/p>\n<\/section>\n<\/section>\n<\/section>\n<\/section>\n<\/section>\n<\/section>\n<\/section>\n<\/section>\n<\/section>\n<\/section>\n<section class=\"cb-entry-content entry-content clearfix\">\n<section class=\"cb-entry-content entry-content clearfix\">\n<section class=\"cb-entry-content entry-content clearfix\">\n<section class=\"cb-entry-content entry-content clearfix\">\n<section class=\"cb-entry-content entry-content clearfix\"><span><b>M\u0103n\u0103stirea C\u0103m\u00e2rzani<\/b>\u00a0este o m\u0103n\u0103stire de maici amplasat\u0103 \u00een satul\u00a0C\u0103m\u00e2rzani\u00a0(din\u00a0comuna Vadu Moldovei), la o distan\u021b\u0103 de circa 7 kilometri de ora\u0219ul\u00a0F\u0103lticeni. Aici a fost construit\u0103 o biseric\u0103 \u00een cea de-a doua jum\u0103tate a secolului al XIX-lea, de c\u0103tre boierul Mor\u021bun, pe proprietatea sa.<\/span><span>Devenit\u0103 schit dup\u0103 cel de-Al Doilea R\u0103zboi Mondial \u0219i apoi redus\u0103 la rangul de biseric\u0103 parohial\u0103, a fost redeschis\u0103 \u00een anul 1992 ca m\u0103n\u0103stire de maici.<\/span><\/p>\n<p data-start=\"400\" data-end=\"631\"><span>Biserica m\u0103n\u0103stirii poart\u0103 hramul <strong data-start=\"434\" data-end=\"463\">Adormirea Maicii Domnului<\/strong>. Construc\u021bia reflect\u0103 stilul tradi\u021bional al bisericilor din nordul Moldovei, cu plan triconc \u0219i elemente simple de lemn sau zid\u0103rie, adaptate activit\u0103\u021bilor monahale.<\/span><\/p>\n<p data-start=\"633\" data-end=\"834\"><span>Ansamblul m\u0103n\u0103stiresc include chiliile pentru maici, curtea interioar\u0103 \u0219i dependin\u021bele necesare func\u021bion\u0103rii comunit\u0103\u021bii. Locul este folosit pentru rug\u0103ciune zilnic\u0103, slujbe \u0219i pelerinaje ocazionale.<\/span><\/p>\n<p data-start=\"836\" data-end=\"1030\" data-is-last-node data-is-only-node><span>M\u0103n\u0103stirea C\u0103m\u00e2rzani p\u0103streaz\u0103 tradi\u021bia ortodox\u0103 \u0219i me\u0219te\u0219ugul religios al zonei, oferind vizitatorilor \u0219i pelerinilor o experien\u021b\u0103 a vie\u021bii monahale autentice, \u00eentr-un cadru lini\u0219tit \u0219i retras.<\/span><\/p>\n<section class=\"cb-entry-content entry-content clearfix\">\n<section class=\"cb-entry-content entry-content clearfix\">\n<section class=\"cb-entry-content entry-content clearfix\">\n<section class=\"cb-entry-content entry-content clearfix\">\n<p data-start=\"2135\" data-end=\"2458\"><span><strong>Drag\u0103 turistule, aceea\u0219i Bucovin\u0103 de odinioar\u0103 te a\u0219teapt\u0103 s\u0103 \u00ee\u021bi \u00eencarci din nou bateriile din acest loc plin de istorie \u0219i spiritualitate.<\/strong><\/span><\/p>\n<\/section>\n<\/section>\n<\/section>\n<\/section>\n<\/section>\n<\/section>\n<\/section>\n<\/section>\n<\/section>\n<section class=\"cb-entry-content entry-content clearfix\">\n<section class=\"cb-entry-content entry-content clearfix\">\n<section class=\"cb-entry-content entry-content clearfix\">\n<section class=\"cb-entry-content entry-content clearfix\">\n<section class=\"cb-entry-content entry-content clearfix\"><span><b>M\u0103n\u0103stirea C\u0103m\u00e2rzani<\/b>\u00a0este o m\u0103n\u0103stire de maici amplasat\u0103 \u00een satul\u00a0C\u0103m\u00e2rzani\u00a0(din\u00a0comuna Vadu Moldovei), la o distan\u021b\u0103 de circa 7 kilometri de ora\u0219ul\u00a0F\u0103lticeni. Aici a fost construit\u0103 o biseric\u0103 \u00een cea de-a doua jum\u0103tate a secolului al XIX-lea, de c\u0103tre boierul Mor\u021bun, pe proprietatea sa.<\/span><span>Devenit\u0103 schit dup\u0103 cel de-Al Doilea R\u0103zboi Mondial \u0219i apoi redus\u0103 la rangul de biseric\u0103 parohial\u0103, a fost redeschis\u0103 \u00een anul 1992 ca m\u0103n\u0103stire de maici.<\/span><\/p>\n<p data-start=\"400\" data-end=\"631\"><span>Biserica m\u0103n\u0103stirii poart\u0103 hramul <strong data-start=\"434\" data-end=\"463\">Adormirea Maicii Domnului<\/strong>. Construc\u021bia reflect\u0103 stilul tradi\u021bional al bisericilor din nordul Moldovei, cu plan triconc \u0219i elemente simple de lemn sau zid\u0103rie, adaptate activit\u0103\u021bilor monahale.<\/span><\/p>\n<p data-start=\"633\" data-end=\"834\"><span>Ansamblul m\u0103n\u0103stiresc include chiliile pentru maici, curtea interioar\u0103 \u0219i dependin\u021bele necesare func\u021bion\u0103rii comunit\u0103\u021bii. Locul este folosit pentru rug\u0103ciune zilnic\u0103, slujbe \u0219i pelerinaje ocazionale.<\/span><\/p>\n<p data-start=\"836\" data-end=\"1030\" data-is-last-node data-is-only-node><span>M\u0103n\u0103stirea C\u0103m\u00e2rzani p\u0103streaz\u0103 tradi\u021bia ortodox\u0103 \u0219i me\u0219te\u0219ugul religios al zonei, oferind vizitatorilor \u0219i pelerinilor o experien\u021b\u0103 a vie\u021bii monahale autentice, \u00eentr-un cadru lini\u0219tit \u0219i retras.<\/span><\/p>\n<section class=\"cb-entry-content entry-content clearfix\">\n<section class=\"cb-entry-content entry-content clearfix\">\n<section class=\"cb-entry-content entry-content clearfix\">\n<section class=\"cb-entry-content entry-content clearfix\">\n<p data-start=\"2135\" data-end=\"2458\"><span><strong>Drag\u0103 turistule, aceea\u0219i Bucovin\u0103 de odinioar\u0103 te a\u0219teapt\u0103 s\u0103 \u00ee\u021bi \u00eencarci din nou bateriile din acest loc plin de istorie \u0219i spiritualitate.<\/strong><\/span><\/p>\n<\/section>\n<\/section>\n<\/section>\n<\/section>\n<\/section>\n<\/section>\n<\/section>\n<\/section>\n<\/section>\n<section class=\"cb-entry-content entry-content clearfix\">\n<section class=\"cb-entry-content entry-content clearfix\">\n<section class=\"cb-entry-content entry-content clearfix\">\n<section class=\"cb-entry-content entry-content clearfix\"><span><b>M\u0103n\u0103stirea C\u0103m\u00e2rzani<\/b>\u00a0este o m\u0103n\u0103stire de maici amplasat\u0103 \u00een satul\u00a0C\u0103m\u00e2rzani\u00a0(din\u00a0comuna Vadu Moldovei), la o distan\u021b\u0103 de circa 7 kilometri de ora\u0219ul\u00a0F\u0103lticeni. Aici a fost construit\u0103 o biseric\u0103 \u00een cea de-a doua jum\u0103tate a secolului al XIX-lea, de c\u0103tre boierul Mor\u021bun, pe proprietatea sa.<\/span><span>Devenit\u0103 schit dup\u0103 cel de-Al Doilea R\u0103zboi Mondial \u0219i apoi redus\u0103 la rangul de biseric\u0103 parohial\u0103, a fost redeschis\u0103 \u00een anul 1992 ca m\u0103n\u0103stire de maici.<\/span><\/p>\n<p data-start=\"400\" data-end=\"631\"><span>Biserica m\u0103n\u0103stirii poart\u0103 hramul <strong data-start=\"434\" data-end=\"463\">Adormirea Maicii Domnului<\/strong>. Construc\u021bia reflect\u0103 stilul tradi\u021bional al bisericilor din nordul Moldovei, cu plan triconc \u0219i elemente simple de lemn sau zid\u0103rie, adaptate activit\u0103\u021bilor monahale.<\/span><\/p>\n<p data-start=\"633\" data-end=\"834\"><span>Ansamblul m\u0103n\u0103stiresc include chiliile pentru maici, curtea interioar\u0103 \u0219i dependin\u021bele necesare func\u021bion\u0103rii comunit\u0103\u021bii. Locul este folosit pentru rug\u0103ciune zilnic\u0103, slujbe \u0219i pelerinaje ocazionale.<\/span><\/p>\n<p data-start=\"836\" data-end=\"1030\" data-is-last-node data-is-only-node><span>M\u0103n\u0103stirea C\u0103m\u00e2rzani p\u0103streaz\u0103 tradi\u021bia ortodox\u0103 \u0219i me\u0219te\u0219ugul religios al zonei, oferind vizitatorilor \u0219i pelerinilor o experien\u021b\u0103 a vie\u021bii monahale autentice, \u00eentr-un cadru lini\u0219tit \u0219i retras.<\/span><\/p>\n<section class=\"cb-entry-content entry-content clearfix\">\n<section class=\"cb-entry-content entry-content clearfix\">\n<section class=\"cb-entry-content entry-content clearfix\">\n<section class=\"cb-entry-content entry-content clearfix\">\n<p data-start=\"2135\" data-end=\"2458\"><span><strong>Drag\u0103 turistule, aceea\u0219i Bucovin\u0103 de odinioar\u0103 te a\u0219teapt\u0103 s\u0103 \u00ee\u021bi \u00eencarci din nou bateriile din acest loc plin de istorie \u0219i spiritualitate.<\/strong><\/span><\/p>\n<\/section>\n<\/section>\n<\/section>\n<\/section>\n<\/section>\n<\/section>\n<\/section>\n<\/section>\n<section class=\"cb-entry-content entry-content clearfix\">\n<section class=\"cb-entry-content entry-content clearfix\">\n<section class=\"cb-entry-content entry-content clearfix\">\n<section class=\"cb-entry-content entry-content clearfix\"><span><b>M\u0103n\u0103stirea C\u0103m\u00e2rzani<\/b>\u00a0este o m\u0103n\u0103stire de maici amplasat\u0103 \u00een satul\u00a0C\u0103m\u00e2rzani\u00a0(din\u00a0comuna Vadu Moldovei), la o distan\u021b\u0103 de circa 7 kilometri de ora\u0219ul\u00a0F\u0103lticeni. Aici a fost construit\u0103 o biseric\u0103 \u00een cea de-a doua jum\u0103tate a secolului al XIX-lea, de c\u0103tre boierul Mor\u021bun, pe proprietatea sa.<\/span><span>Devenit\u0103 schit dup\u0103 cel de-Al Doilea R\u0103zboi Mondial \u0219i apoi redus\u0103 la rangul de biseric\u0103 parohial\u0103, a fost redeschis\u0103 \u00een anul 1992 ca m\u0103n\u0103stire de maici.<\/span><\/p>\n<p data-start=\"400\" data-end=\"631\"><span>Biserica m\u0103n\u0103stirii poart\u0103 hramul <strong data-start=\"434\" data-end=\"463\">Adormirea Maicii Domnului<\/strong>. Construc\u021bia reflect\u0103 stilul tradi\u021bional al bisericilor din nordul Moldovei, cu plan triconc \u0219i elemente simple de lemn sau zid\u0103rie, adaptate activit\u0103\u021bilor monahale.<\/span><\/p>\n<p data-start=\"633\" data-end=\"834\"><span>Ansamblul m\u0103n\u0103stiresc include chiliile pentru maici, curtea interioar\u0103 \u0219i dependin\u021bele necesare func\u021bion\u0103rii comunit\u0103\u021bii. Locul este folosit pentru rug\u0103ciune zilnic\u0103, slujbe \u0219i pelerinaje ocazionale.<\/span><\/p>\n<p data-start=\"836\" data-end=\"1030\" data-is-last-node data-is-only-node><span>M\u0103n\u0103stirea C\u0103m\u00e2rzani p\u0103streaz\u0103 tradi\u021bia ortodox\u0103 \u0219i me\u0219te\u0219ugul religios al zonei, oferind vizitatorilor \u0219i pelerinilor o experien\u021b\u0103 a vie\u021bii monahale autentice, \u00eentr-un cadru lini\u0219tit \u0219i retras.<\/span><\/p>\n<section class=\"cb-entry-content entry-content clearfix\">\n<section class=\"cb-entry-content entry-content clearfix\">\n<section class=\"cb-entry-content entry-content clearfix\">\n<section class=\"cb-entry-content entry-content clearfix\">\n<p data-start=\"2135\" data-end=\"2458\"><span><strong>Drag\u0103 turistule, aceea\u0219i Bucovin\u0103 de odinioar\u0103 te a\u0219teapt\u0103 s\u0103 \u00ee\u021bi \u00eencarci din nou bateriile din acest loc plin de istorie \u0219i spiritualitate.<\/strong><\/span><\/p>\n<\/section>\n<\/section>\n<\/section>\n<\/section>\n<\/section>\n<\/section>\n<\/section>\n<\/section>\n<section class=\"cb-entry-content entry-content clearfix\">\n<section class=\"cb-entry-content entry-content clearfix\">\n<section class=\"cb-entry-content entry-content clearfix\"><span><b>M\u0103n\u0103stirea C\u0103m\u00e2rzani<\/b>\u00a0este o m\u0103n\u0103stire de maici amplasat\u0103 \u00een satul\u00a0C\u0103m\u00e2rzani\u00a0(din\u00a0comuna Vadu Moldovei), la o distan\u021b\u0103 de circa 7 kilometri de ora\u0219ul\u00a0F\u0103lticeni. Aici a fost construit\u0103 o biseric\u0103 \u00een cea de-a doua jum\u0103tate a secolului al XIX-lea, de c\u0103tre boierul Mor\u021bun, pe proprietatea sa.<\/span><span>Devenit\u0103 schit dup\u0103 cel de-Al Doilea R\u0103zboi Mondial \u0219i apoi redus\u0103 la rangul de biseric\u0103 parohial\u0103, a fost redeschis\u0103 \u00een anul 1992 ca m\u0103n\u0103stire de maici.<\/span><\/p>\n<p data-start=\"400\" data-end=\"631\"><span>Biserica m\u0103n\u0103stirii poart\u0103 hramul <strong data-start=\"434\" data-end=\"463\">Adormirea Maicii Domnului<\/strong>. Construc\u021bia reflect\u0103 stilul tradi\u021bional al bisericilor din nordul Moldovei, cu plan triconc \u0219i elemente simple de lemn sau zid\u0103rie, adaptate activit\u0103\u021bilor monahale.<\/span><\/p>\n<p data-start=\"633\" data-end=\"834\"><span>Ansamblul m\u0103n\u0103stiresc include chiliile pentru maici, curtea interioar\u0103 \u0219i dependin\u021bele necesare func\u021bion\u0103rii comunit\u0103\u021bii. Locul este folosit pentru rug\u0103ciune zilnic\u0103, slujbe \u0219i pelerinaje ocazionale.<\/span><\/p>\n<p data-start=\"836\" data-end=\"1030\" data-is-last-node data-is-only-node><span>M\u0103n\u0103stirea C\u0103m\u00e2rzani p\u0103streaz\u0103 tradi\u021bia ortodox\u0103 \u0219i me\u0219te\u0219ugul religios al zonei, oferind vizitatorilor \u0219i pelerinilor o experien\u021b\u0103 a vie\u021bii monahale autentice, \u00eentr-un cadru lini\u0219tit \u0219i retras.<\/span><\/p>\n<section class=\"cb-entry-content entry-content clearfix\">\n<section class=\"cb-entry-content entry-content clearfix\">\n<section class=\"cb-entry-content entry-content clearfix\">\n<section class=\"cb-entry-content entry-content clearfix\">\n<p data-start=\"2135\" data-end=\"2458\"><span><strong>Drag\u0103 turistule, aceea\u0219i Bucovin\u0103 de odinioar\u0103 te a\u0219teapt\u0103 s\u0103 \u00ee\u021bi \u00eencarci din nou bateriile din acest loc plin de istorie \u0219i spiritualitate.<\/strong><\/span><\/p>\n<\/section>\n<\/section>\n<\/section>\n<\/section>\n<\/section>\n<\/section>\n<\/section>\n<section class=\"cb-entry-content entry-content clearfix\">\n<section class=\"cb-entry-content entry-content clearfix\">\n<section class=\"cb-entry-content entry-content clearfix\"><span><b>M\u0103n\u0103stirea C\u0103m\u00e2rzani<\/b>\u00a0este o m\u0103n\u0103stire de maici amplasat\u0103 \u00een satul\u00a0C\u0103m\u00e2rzani\u00a0(din\u00a0comuna Vadu Moldovei), la o distan\u021b\u0103 de circa 7 kilometri de ora\u0219ul\u00a0F\u0103lticeni. Aici a fost construit\u0103 o biseric\u0103 \u00een cea de-a doua jum\u0103tate a secolului al XIX-lea, de c\u0103tre boierul Mor\u021bun, pe proprietatea sa.<\/span><span>Devenit\u0103 schit dup\u0103 cel de-Al Doilea R\u0103zboi Mondial \u0219i apoi redus\u0103 la rangul de biseric\u0103 parohial\u0103, a fost redeschis\u0103 \u00een anul 1992 ca m\u0103n\u0103stire de maici.<\/span><\/p>\n<p data-start=\"400\" data-end=\"631\"><span>Biserica m\u0103n\u0103stirii poart\u0103 hramul <strong data-start=\"434\" data-end=\"463\">Adormirea Maicii Domnului<\/strong>. Construc\u021bia reflect\u0103 stilul tradi\u021bional al bisericilor din nordul Moldovei, cu plan triconc \u0219i elemente simple de lemn sau zid\u0103rie, adaptate activit\u0103\u021bilor monahale.<\/span><\/p>\n<p data-start=\"633\" data-end=\"834\"><span>Ansamblul m\u0103n\u0103stiresc include chiliile pentru maici, curtea interioar\u0103 \u0219i dependin\u021bele necesare func\u021bion\u0103rii comunit\u0103\u021bii. Locul este folosit pentru rug\u0103ciune zilnic\u0103, slujbe \u0219i pelerinaje ocazionale.<\/span><\/p>\n<p data-start=\"836\" data-end=\"1030\" data-is-last-node data-is-only-node><span>M\u0103n\u0103stirea C\u0103m\u00e2rzani p\u0103streaz\u0103 tradi\u021bia ortodox\u0103 \u0219i me\u0219te\u0219ugul religios al zonei, oferind vizitatorilor \u0219i pelerinilor o experien\u021b\u0103 a vie\u021bii monahale autentice, \u00eentr-un cadru lini\u0219tit \u0219i retras.<\/span><\/p>\n<section class=\"cb-entry-content entry-content clearfix\">\n<section class=\"cb-entry-content entry-content clearfix\">\n<section class=\"cb-entry-content entry-content clearfix\">\n<section class=\"cb-entry-content entry-content clearfix\">\n<p data-start=\"2135\" data-end=\"2458\"><span><strong>Drag\u0103 turistule, aceea\u0219i Bucovin\u0103 de odinioar\u0103 te a\u0219teapt\u0103 s\u0103 \u00ee\u021bi \u00eencarci din nou bateriile din acest loc plin de istorie \u0219i spiritualitate.<\/strong><\/span><\/p>\n<\/section>\n<\/section>\n<\/section>\n<\/section>\n<\/section>\n<\/section>\n<\/section>\n<section class=\"cb-entry-content entry-content clearfix\">\n<section class=\"cb-entry-content entry-content clearfix\"><span><b>M\u0103n\u0103stirea C\u0103m\u00e2rzani<\/b>\u00a0este o m\u0103n\u0103stire de maici amplasat\u0103 \u00een satul\u00a0C\u0103m\u00e2rzani\u00a0(din\u00a0comuna Vadu Moldovei), la o distan\u021b\u0103 de circa 7 kilometri de ora\u0219ul\u00a0F\u0103lticeni. Aici a fost construit\u0103 o biseric\u0103 \u00een cea de-a doua jum\u0103tate a secolului al XIX-lea, de c\u0103tre boierul Mor\u021bun, pe proprietatea sa.<\/span><span>Devenit\u0103 schit dup\u0103 cel de-Al Doilea R\u0103zboi Mondial \u0219i apoi redus\u0103 la rangul de biseric\u0103 parohial\u0103, a fost redeschis\u0103 \u00een anul 1992 ca m\u0103n\u0103stire de maici.<\/span><\/p>\n<p data-start=\"400\" data-end=\"631\"><span>Biserica m\u0103n\u0103stirii poart\u0103 hramul <strong data-start=\"434\" data-end=\"463\">Adormirea Maicii Domnului<\/strong>. Construc\u021bia reflect\u0103 stilul tradi\u021bional al bisericilor din nordul Moldovei, cu plan triconc \u0219i elemente simple de lemn sau zid\u0103rie, adaptate activit\u0103\u021bilor monahale.<\/span><\/p>\n<p data-start=\"633\" data-end=\"834\"><span>Ansamblul m\u0103n\u0103stiresc include chiliile pentru maici, curtea interioar\u0103 \u0219i dependin\u021bele necesare func\u021bion\u0103rii comunit\u0103\u021bii. Locul este folosit pentru rug\u0103ciune zilnic\u0103, slujbe \u0219i pelerinaje ocazionale.<\/span><\/p>\n<p data-start=\"836\" data-end=\"1030\" data-is-last-node data-is-only-node><span>M\u0103n\u0103stirea C\u0103m\u00e2rzani p\u0103streaz\u0103 tradi\u021bia ortodox\u0103 \u0219i me\u0219te\u0219ugul religios al zonei, oferind vizitatorilor \u0219i pelerinilor o experien\u021b\u0103 a vie\u021bii monahale autentice, \u00eentr-un cadru lini\u0219tit \u0219i retras.<\/span><\/p>\n<section class=\"cb-entry-content entry-content clearfix\">\n<section class=\"cb-entry-content entry-content clearfix\">\n<section class=\"cb-entry-content entry-content clearfix\">\n<section class=\"cb-entry-content entry-content clearfix\">\n<p data-start=\"2135\" data-end=\"2458\"><span><strong>Drag\u0103 turistule, aceea\u0219i Bucovin\u0103 de odinioar\u0103 te a\u0219teapt\u0103 s\u0103 \u00ee\u021bi \u00eencarci din nou bateriile din acest loc plin de istorie \u0219i spiritualitate.<\/strong><\/span><\/p>\n<\/section>\n<\/section>\n<\/section>\n<\/section>\n<\/section>\n<\/section>\n<section class=\"cb-entry-content entry-content clearfix\">\n<section class=\"cb-entry-content entry-content clearfix\"><span><b>M\u0103n\u0103stirea C\u0103m\u00e2rzani<\/b>\u00a0este o m\u0103n\u0103stire de maici amplasat\u0103 \u00een satul\u00a0C\u0103m\u00e2rzani\u00a0(din\u00a0comuna Vadu Moldovei), la o distan\u021b\u0103 de circa 7 kilometri de ora\u0219ul\u00a0F\u0103lticeni. Aici a fost construit\u0103 o biseric\u0103 \u00een cea de-a doua jum\u0103tate a secolului al XIX-lea, de c\u0103tre boierul Mor\u021bun, pe proprietatea sa.<\/span><span>Devenit\u0103 schit dup\u0103 cel de-Al Doilea R\u0103zboi Mondial \u0219i apoi redus\u0103 la rangul de biseric\u0103 parohial\u0103, a fost redeschis\u0103 \u00een anul 1992 ca m\u0103n\u0103stire de maici.<\/span><\/p>\n<p data-start=\"400\" data-end=\"631\"><span>Biserica m\u0103n\u0103stirii poart\u0103 hramul <strong data-start=\"434\" data-end=\"463\">Adormirea Maicii Domnului<\/strong>. Construc\u021bia reflect\u0103 stilul tradi\u021bional al bisericilor din nordul Moldovei, cu plan triconc \u0219i elemente simple de lemn sau zid\u0103rie, adaptate activit\u0103\u021bilor monahale.<\/span><\/p>\n<p data-start=\"633\" data-end=\"834\"><span>Ansamblul m\u0103n\u0103stiresc include chiliile pentru maici, curtea interioar\u0103 \u0219i dependin\u021bele necesare func\u021bion\u0103rii comunit\u0103\u021bii. Locul este folosit pentru rug\u0103ciune zilnic\u0103, slujbe \u0219i pelerinaje ocazionale.<\/span><\/p>\n<p data-start=\"836\" data-end=\"1030\" data-is-last-node data-is-only-node><span>M\u0103n\u0103stirea C\u0103m\u00e2rzani p\u0103streaz\u0103 tradi\u021bia ortodox\u0103 \u0219i me\u0219te\u0219ugul religios al zonei, oferind vizitatorilor \u0219i pelerinilor o experien\u021b\u0103 a vie\u021bii monahale autentice, \u00eentr-un cadru lini\u0219tit \u0219i retras.<\/span><\/p>\n<section class=\"cb-entry-content entry-content clearfix\">\n<section class=\"cb-entry-content entry-content clearfix\">\n<section class=\"cb-entry-content entry-content clearfix\">\n<section class=\"cb-entry-content entry-content clearfix\">\n<p data-start=\"2135\" data-end=\"2458\"><span><strong>Drag\u0103 turistule, aceea\u0219i Bucovin\u0103 de odinioar\u0103 te a\u0219teapt\u0103 s\u0103 \u00ee\u021bi \u00eencarci din nou bateriile din acest loc plin de istorie \u0219i spiritualitate.<\/strong><\/span><\/p>\n<\/section>\n<\/section>\n<\/section>\n<\/section>\n<\/section>\n<\/section>\n<section class=\"cb-entry-content entry-content clearfix\"><span><b>M\u0103n\u0103stirea C\u0103m\u00e2rzani<\/b>\u00a0este o m\u0103n\u0103stire de maici amplasat\u0103 \u00een satul\u00a0C\u0103m\u00e2rzani\u00a0(din\u00a0comuna Vadu Moldovei), la o distan\u021b\u0103 de circa 7 kilometri de ora\u0219ul\u00a0F\u0103lticeni. Aici a fost construit\u0103 o biseric\u0103 \u00een cea de-a doua jum\u0103tate a secolului al XIX-lea, de c\u0103tre boierul Mor\u021bun, pe proprietatea sa.<\/span><span>Devenit\u0103 schit dup\u0103 cel de-Al Doilea R\u0103zboi Mondial \u0219i apoi redus\u0103 la rangul de biseric\u0103 parohial\u0103, a fost redeschis\u0103 \u00een anul 1992 ca m\u0103n\u0103stire de maici.<\/span><\/p>\n<p data-start=\"400\" data-end=\"631\"><span>Biserica m\u0103n\u0103stirii poart\u0103 hramul <strong data-start=\"434\" data-end=\"463\">Adormirea Maicii Domnului<\/strong>. Construc\u021bia reflect\u0103 stilul tradi\u021bional al bisericilor din nordul Moldovei, cu plan triconc \u0219i elemente simple de lemn sau zid\u0103rie, adaptate activit\u0103\u021bilor monahale.<\/span><\/p>\n<p data-start=\"633\" data-end=\"834\"><span>Ansamblul m\u0103n\u0103stiresc include chiliile pentru maici, curtea interioar\u0103 \u0219i dependin\u021bele necesare func\u021bion\u0103rii comunit\u0103\u021bii. Locul este folosit pentru rug\u0103ciune zilnic\u0103, slujbe \u0219i pelerinaje ocazionale.<\/span><\/p>\n<p data-start=\"836\" data-end=\"1030\" data-is-last-node data-is-only-node><span>M\u0103n\u0103stirea C\u0103m\u00e2rzani p\u0103streaz\u0103 tradi\u021bia ortodox\u0103 \u0219i me\u0219te\u0219ugul religios al zonei, oferind vizitatorilor \u0219i pelerinilor o experien\u021b\u0103 a vie\u021bii monahale autentice, \u00eentr-un cadru lini\u0219tit \u0219i retras.<\/span><\/p>\n<section class=\"cb-entry-content entry-content clearfix\">\n<section class=\"cb-entry-content entry-content clearfix\">\n<section class=\"cb-entry-content entry-content clearfix\">\n<section class=\"cb-entry-content entry-content clearfix\">\n<p data-start=\"2135\" data-end=\"2458\"><span><strong>Drag\u0103 turistule, aceea\u0219i Bucovin\u0103 de odinioar\u0103 te a\u0219teapt\u0103 s\u0103 \u00ee\u021bi \u00eencarci din nou bateriile din acest loc plin de istorie \u0219i spiritualitate.<\/strong><\/span><\/p>\n<\/section>\n<\/section>\n<\/section>\n<\/section>\n<\/section>\n<section class=\"cb-entry-content entry-content clearfix\"><span><b>M\u0103n\u0103stirea C\u0103m\u00e2rzani<\/b>\u00a0este o m\u0103n\u0103stire de maici amplasat\u0103 \u00een satul\u00a0C\u0103m\u00e2rzani\u00a0(din\u00a0comuna Vadu Moldovei), la o distan\u021b\u0103 de circa 7 kilometri de ora\u0219ul\u00a0F\u0103lticeni. Aici a fost construit\u0103 o biseric\u0103 \u00een cea de-a doua jum\u0103tate a secolului al XIX-lea, de c\u0103tre boierul Mor\u021bun, pe proprietatea sa.<\/span><span>Devenit\u0103 schit dup\u0103 cel de-Al Doilea R\u0103zboi Mondial \u0219i apoi redus\u0103 la rangul de biseric\u0103 parohial\u0103, a fost redeschis\u0103 \u00een anul 1992 ca m\u0103n\u0103stire de maici.<\/span><\/p>\n<p data-start=\"400\" data-end=\"631\"><span>Biserica m\u0103n\u0103stirii poart\u0103 hramul <strong data-start=\"434\" data-end=\"463\">Adormirea Maicii Domnului<\/strong>. Construc\u021bia reflect\u0103 stilul tradi\u021bional al bisericilor din nordul Moldovei, cu plan triconc \u0219i elemente simple de lemn sau zid\u0103rie, adaptate activit\u0103\u021bilor monahale.<\/span><\/p>\n<p data-start=\"633\" data-end=\"834\"><span>Ansamblul m\u0103n\u0103stiresc include chiliile pentru maici, curtea interioar\u0103 \u0219i dependin\u021bele necesare func\u021bion\u0103rii comunit\u0103\u021bii. Locul este folosit pentru rug\u0103ciune zilnic\u0103, slujbe \u0219i pelerinaje ocazionale.<\/span><\/p>\n<p data-start=\"836\" data-end=\"1030\" data-is-last-node data-is-only-node><span>M\u0103n\u0103stirea C\u0103m\u00e2rzani p\u0103streaz\u0103 tradi\u021bia ortodox\u0103 \u0219i me\u0219te\u0219ugul religios al zonei, oferind vizitatorilor \u0219i pelerinilor o experien\u021b\u0103 a vie\u021bii monahale autentice, \u00eentr-un cadru lini\u0219tit \u0219i retras.<\/span><\/p>\n<section class=\"cb-entry-content entry-content clearfix\">\n<section class=\"cb-entry-content entry-content clearfix\">\n<section class=\"cb-entry-content entry-content clearfix\">\n<section class=\"cb-entry-content entry-content clearfix\">\n<p data-start=\"2135\" data-end=\"2458\"><span><strong>Drag\u0103 turistule, aceea\u0219i Bucovin\u0103 de odinioar\u0103 te a\u0219teapt\u0103 s\u0103 \u00ee\u021bi \u00eencarci din nou bateriile din acest loc plin de istorie \u0219i spiritualitate.<\/strong><\/span><\/p>\n<\/section>\n<\/section>\n<\/section>\n<\/section>\n<\/section>\n<section class=\"cb-entry-content entry-content clearfix\">\n<section class=\"cb-entry-content entry-content clearfix\">\n<section class=\"cb-entry-content entry-content clearfix\">\n<section class=\"cb-entry-content entry-content clearfix\">\n<p data-start=\"2135\" data-end=\"2458\"><span><strong>Drag\u0103 turistule, aceea\u0219i Bucovin\u0103 de odinioar\u0103 te a\u0219teapt\u0103 s\u0103 \u00ee\u021bi \u00eencarci din nou bateriile din acest loc plin de istorie \u0219i spiritualitate.<\/strong><\/span><\/p>\n<\/section>\n<\/section>\n<\/section>\n<\/section>\n<section class=\"cb-entry-content entry-content clearfix\">\n<section class=\"cb-entry-content entry-content clearfix\">\n<section class=\"cb-entry-content entry-content clearfix\">\n<section class=\"cb-entry-content entry-content clearfix\">\n<p data-start=\"2135\" data-end=\"2458\"><span><strong>Drag\u0103 turistule, aceea\u0219i Bucovin\u0103 de odinioar\u0103 te a\u0219teapt\u0103 s\u0103 \u00ee\u021bi \u00eencarci din nou bateriile din acest loc plin de istorie \u0219i spiritualitate.<\/strong><\/span><\/p>\n<\/section>\n<\/section>\n<\/section>\n<\/section>\n<section class=\"cb-entry-content entry-content clearfix\">\n<section class=\"cb-entry-content entry-content clearfix\">\n<section class=\"cb-entry-content entry-content clearfix\">\n<p data-start=\"2135\" data-end=\"2458\"><span><strong>Drag\u0103 turistule, aceea\u0219i Bucovin\u0103 de odinioar\u0103 te a\u0219teapt\u0103 s\u0103 \u00ee\u021bi \u00eencarci din nou bateriile din acest loc plin de istorie \u0219i spiritualitate.<\/strong><\/span><\/p>\n<\/section>\n<\/section>\n<\/section>\n<section class=\"cb-entry-content entry-content clearfix\">\n<section class=\"cb-entry-content entry-content clearfix\">\n<section class=\"cb-entry-content entry-content clearfix\">\n<p data-start=\"2135\" data-end=\"2458\"><span><strong>Drag\u0103 turistule, aceea\u0219i Bucovin\u0103 de odinioar\u0103 te a\u0219teapt\u0103 s\u0103 \u00ee\u021bi \u00eencarci din nou bateriile din acest loc plin de istorie \u0219i spiritualitate.<\/strong><\/span><\/p>\n<\/section>\n<\/section>\n<\/section>\n<section class=\"cb-entry-content entry-content clearfix\">\n<section class=\"cb-entry-content entry-content clearfix\">\n<p data-start=\"2135\" data-end=\"2458\"><span><strong>Drag\u0103 turistule, aceea\u0219i Bucovin\u0103 de odinioar\u0103 te a\u0219teapt\u0103 s\u0103 \u00ee\u021bi \u00eencarci din nou bateriile din acest loc plin de istorie \u0219i spiritualitate.<\/strong><\/span><\/p>\n<\/section>\n<\/section>\n<section class=\"cb-entry-content entry-content clearfix\">\n<section class=\"cb-entry-content entry-content clearfix\">\n<p data-start=\"2135\" data-end=\"2458\"><span><strong>Drag\u0103 turistule, aceea\u0219i Bucovin\u0103 de odinioar\u0103 te a\u0219teapt\u0103 s\u0103 \u00ee\u021bi \u00eencarci din nou bateriile din acest loc plin de istorie \u0219i spiritualitate.<\/strong><\/span><\/p>\n<\/section>\n<\/section>\n<section class=\"cb-entry-content entry-content clearfix\">\n<p data-start=\"2135\" data-end=\"2458\"><span><strong>Drag\u0103 turistule, aceea\u0219i Bucovin\u0103 de odinioar\u0103 te a\u0219teapt\u0103 s\u0103 \u00ee\u021bi \u00eencarci din nou bateriile din acest loc plin de istorie \u0219i spiritualitate.<\/strong><\/span><\/p>\n<\/section>\n<section class=\"cb-entry-content entry-content clearfix\">\n<p data-start=\"2135\" data-end=\"2458\"><span><strong>Drag\u0103 turistule, aceea\u0219i Bucovin\u0103 de odinioar\u0103 te a\u0219teapt\u0103 s\u0103 \u00ee\u021bi \u00eencarci din nou bateriile din acest loc plin de istorie \u0219i spiritualitate.<\/strong><\/span><\/p>\n<\/section>\n<p>[analyse_source url=&#8221;https:\/\/suceavalive.ro\/draga-turistule-de-pasii-te-vor-purta-in-bucovina-nu-uita-de-manastirea-camarzani-2\/&#8221;]<\/p>\n","protected":false},"excerpt":{"rendered":"<p>[analyse_image type=&#8221;featured&#8221; src=&#8221;https:\/\/suceavalive.ro\/wp-content\/uploads\/2026\/03\/Romania_Manastirea_Camarzani_Main_Church4.jpghttps:\/\/suceavalive.ro\/wp-content\/uploads\/2026\/03\/Romania_Manastirea_Camarzani_Main_Church4.jpg&#8221;] Drag\u0103 turistule, de pa\u0219ii te vor purta \u00een Bucovina, nu uita de M\u0103n\u0103stirea C\u0103m\u00e2rzani\u00a0 6 martie 2026 Bucovina nu este doar o zon\u0103 geografic\u0103, Bucovina este o stare de spirit pe care o simt to\u021bi locuitorii jude\u021bului Suceava, indiferent dac\u0103 localit\u0103\u021bile lor au apar\u021binut Regatului sau Bucovinei mam\u0103. M\u0103n\u0103stirea C\u0103m\u00e2rzani\u00a0este o m\u0103n\u0103stire [&hellip;]<\/p>\n","protected":false},"author":1,"featured_media":0,"comment_status":"open","ping_status":"","sticky":false,"template":"","format":"standard","meta":{"footnotes":""},"categories":[89],"tags":[226,173],"class_list":["post-1818943","post","type-post","status-publish","format-standard","hentry","category-romania","tag-crawlmanager","tag-suceavalive-ro"],"_links":{"self":[{"href":"https:\/\/analyse.optim.biz\/index.php?rest_route=\/wp\/v2\/posts\/1818943","targetHints":{"allow":["GET"]}}],"collection":[{"href":"https:\/\/analyse.optim.biz\/index.php?rest_route=\/wp\/v2\/posts"}],"about":[{"href":"https:\/\/analyse.optim.biz\/index.php?rest_route=\/wp\/v2\/types\/post"}],"author":[{"embeddable":true,"href":"https:\/\/analyse.optim.biz\/index.php?rest_route=\/wp\/v2\/users\/1"}],"replies":[{"embeddable":true,"href":"https:\/\/analyse.optim.biz\/index.php?rest_route=%2Fwp%2Fv2%2Fcomments&post=1818943"}],"version-history":[{"count":0,"href":"https:\/\/analyse.optim.biz\/index.php?rest_route=\/wp\/v2\/posts\/1818943\/revisions"}],"wp:attachment":[{"href":"https:\/\/analyse.optim.biz\/index.php?rest_route=%2Fwp%2Fv2%2Fmedia&parent=1818943"}],"wp:term":[{"taxonomy":"category","embeddable":true,"href":"https:\/\/analyse.optim.biz\/index.php?rest_route=%2Fwp%2Fv2%2Fcategories&post=1818943"},{"taxonomy":"post_tag","embeddable":true,"href":"https:\/\/analyse.optim.biz\/index.php?rest_route=%2Fwp%2Fv2%2Ftags&post=1818943"}],"curies":[{"name":"wp","href":"https:\/\/api.w.org\/{rel}","templated":true}]}}