{"id":1818487,"date":"2026-03-10T20:34:51","date_gmt":"2026-03-10T17:34:51","guid":{"rendered":"https:\/\/analyse.optim.biz\/?p=1818487"},"modified":"2026-03-10T20:34:51","modified_gmt":"2026-03-10T17:34:51","slug":"politistii-au-impartit-in-loc-de-amenzi-flori","status":"publish","type":"post","link":"https:\/\/analyse.optim.biz\/?p=1818487","title":{"rendered":"Poli\u0163i\u015ftii au \u00eemp\u0103r\u0163it \u00een loc de amenzi, flori"},"content":{"rendered":"<p>[analyse_image type=&#8221;featured&#8221; src=&#8221;https:\/\/www.tvbuzau.ro\/wp-content\/uploads\/2026\/03\/hqdefault-15.jpghttps:\/\/www.tvbuzau.ro\/wp-content\/uploads\/2026\/03\/hqdefault-15.jpg&#8221;]<\/p>\n<div class=\"td-ss-main-content\">\n<article id=\"post-118307\" class=\"post-118307 post type-post status-publish format-video has-post-thumbnail hentry category-actualitate post_format-post-format-video\">\n<div class=\"td-post-header\">\n<ul class=\"td-category\">\n<li class=\"entry-category\"><a href=\"https:\/\/www.tvbuzau.ro\/category\/actualitate\/\">Actualitate<\/a><\/li>\n<\/ul>\n<header class=\"td-post-title\">\n<h1 class=\"entry-title\">Poli\u0163i\u015ftii au \u00eemp\u0103r\u0163it \u00een loc de amenzi, flori<\/h1>\n<div class=\"td-module-meta-info\">\n<div class=\"td-post-author-name\">De c\u0103tre <a href=\"https:\/\/www.tvbuzau.ro\/author\/mihai-vasilescu\/\">TV Buz\u0103u<\/a> &#8211; <\/div>\n<p><span class=\"td-post-date\"><time class=\"entry-date updated td-module-date\" datetime=\"2026-03-10T20:34:51+00:00\">martie 10, 2026<\/time><\/span><\/p>\n<div class=\"td-post-comments\"><a href=\"https:\/\/www.tvbuzau.ro\/politistii-au-impartit-in-loc-de-amenzi-flori\/#respond\">0<\/a><\/div>\n<div class=\"td-post-views\"><span class=\"td-nr-views-118307\">13<\/span><\/div>\n<\/div>\n<\/header>\n<\/div>\n<div class=\"td-post-sharing td-post-sharing-top td-with-like\">\n<div class=\"td-default-sharing\"><a class=\"td-social-sharing-buttons td-social-facebook\" href=\"http:\/\/www.facebook.com\/sharer.php?u=https%3A%2F%2Fwww.tvbuzau.ro%2Fpolitistii-au-impartit-in-loc-de-amenzi-flori%2F\"><\/p>\n<div class=\"td-social-but-text\">Distribui\u021bi pe Facebook<\/div>\n<p><\/a><a class=\"td-social-sharing-buttons td-social-twitter\" href=\"https:\/\/twitter.com\/intent\/tweet?text=Poli%C5%A3i%C5%9Ftii+au+%C3%AEmp%C4%83r%C5%A3it+%C3%AEn+loc+de+amenzi%2C+flori&amp;url=https%3A%2F%2Fwww.tvbuzau.ro%2Fpolitistii-au-impartit-in-loc-de-amenzi-flori%2F&amp;via=TV+Buz%C4%83u\"><\/p>\n<div class=\"td-social-but-text\">Distribui\u021bi pe Twitter<\/div>\n<p><\/a><\/div>\n<div class=\"td-classic-sharing\">\n<ul>\n<li class=\"td-classic-facebook\"><iframe frameborder src=\"https:\/\/www.facebook.com\/plugins\/like.php?href=https:\/\/www.tvbuzau.ro\/politistii-au-impartit-in-loc-de-amenzi-flori\/&amp;layout=button_count&amp;show_faces=false&amp;width=105&amp;action=like&amp;colorscheme=light&amp;height=21\"><\/iframe><\/li>\n<li class=\"td-classic-twitter\"><a href=\"https:\/\/twitter.com\/share\" class=\"twitter-share-button\" data-url=\"https:\/\/www.tvbuzau.ro\/politistii-au-impartit-in-loc-de-amenzi-flori\/\" data-text=\"Poli\u0163i\u015ftii au \u00eemp\u0103r\u0163it \u00een loc de amenzi, flori\" data-via data-lang=\"en\">tweet<\/a><\/li>\n<\/ul>\n<\/div>\n<\/div>\n<div class=\"td-post-content\">\n<div class=\"td-featured-image-rec\">\n<div class=\"wpb_video_wrapper\">\n                    <iframe loading=\"lazy\" id=\"td_youtube_player\" width=\"600\" height=\"560\" src=\"https:\/\/www.youtube.com\/embed\/9BXWeAwt6ZU?enablejsapi=1&amp;feature=oembed&amp;wmode=opaque&amp;vq=hd720\" frameborder allowfullscreen><\/iframe><\/p><\/div>\n<\/div>\n<p>Un martie cu z\u00e2mbete \u015fi sfaturi preventive<br \/>\nCu prilejul Zilei Interna\u021bionale a Femeii, poli\u021bi\u0219tii rutieri din municipiul Buz\u0103u \u0219i poli\u021bi\u0219tii Sec\u021biei de poli\u021bie rural\u0103 Cisl\u0103u au \u00eemp\u0103r\u0163it  flori, felicit\u0103ri,  \u0219i recomand\u0103ri preventive. Oprite \u00een trafic sau \u00een calitate de pietoni, femeile au fost  \u00eent\u00e2mpinate cu flori \u0219i cu cele mai bune ur\u0103ri de c\u0103tre oamenii legii.<br \/>\nUn gest simbolic prin care poli\u0163i\u015ftii au dorit s\u0103 le transmit\u0103 doamnelor \u015fi domni\u015foarelor, aprecierea \u015fi respectul lor, dar \u015fi s\u0103 aduc\u0103 un z\u00e2mbet \u00een mijlocul zilei ce le este dedicat\u0103.<\/p>\n<div class=\"post-views post-118307 entry-meta\"><span class=\"post-views-label\">Post Views: <\/span><span class=\"post-views-count\">83<\/span><\/div>\n<\/div>\n<footer>\n<div class=\"td-post-sharing td-post-sharing-bottom td-with-like\"><span class=\"td-post-share-title\">DISTRIBUI\u021aI<\/span><\/p>\n<div class=\"td-default-sharing\"><a class=\"td-social-sharing-buttons td-social-facebook\" href=\"http:\/\/www.facebook.com\/sharer.php?u=https%3A%2F%2Fwww.tvbuzau.ro%2Fpolitistii-au-impartit-in-loc-de-amenzi-flori%2F\"><\/p>\n<div class=\"td-social-but-text\">Facebook<\/div>\n<p><\/a><a class=\"td-social-sharing-buttons td-social-twitter\" href=\"https:\/\/twitter.com\/intent\/tweet?text=Poli%C5%A3i%C5%9Ftii+au+%C3%AEmp%C4%83r%C5%A3it+%C3%AEn+loc+de+amenzi%2C+flori&amp;url=https%3A%2F%2Fwww.tvbuzau.ro%2Fpolitistii-au-impartit-in-loc-de-amenzi-flori%2F&amp;via=TV+Buz%C4%83u\"><\/p>\n<div class=\"td-social-but-text\">Twitter<\/div>\n<p><\/a><\/div>\n<div class=\"td-classic-sharing\">\n<ul>\n<li class=\"td-classic-facebook\"><iframe frameborder src=\"https:\/\/www.facebook.com\/plugins\/like.php?href=https:\/\/www.tvbuzau.ro\/politistii-au-impartit-in-loc-de-amenzi-flori\/&amp;layout=button_count&amp;show_faces=false&amp;width=105&amp;action=like&amp;colorscheme=light&amp;height=21\"><\/iframe><\/li>\n<li class=\"td-classic-twitter\"><a href=\"https:\/\/twitter.com\/share\" class=\"twitter-share-button\" data-url=\"https:\/\/www.tvbuzau.ro\/politistii-au-impartit-in-loc-de-amenzi-flori\/\" data-text=\"Poli\u0163i\u015ftii au \u00eemp\u0103r\u0163it \u00een loc de amenzi, flori\" data-via data-lang=\"en\">tweet<\/a><\/li>\n<\/ul>\n<\/div>\n<\/div>\n<div class=\"td-author-name vcard author\"><span class=\"fn\"><a href=\"https:\/\/www.tvbuzau.ro\/author\/mihai-vasilescu\/\">TV Buz\u0103u<\/a><\/span><\/div>\n<p><span><\/span><span><span><\/span><\/span><span><\/span><\/footer>\n<\/article>\n<div class=\"td_block_wrap td_block_related_posts td_uid_1_69b09b0c240c9_rand td_with_ajax_pagination td-pb-border-top\" data-td-block-uid=\"td_uid_1_69b09b0c240c9\">\n<h4 class=\"td-related-title\"><a id=\"td_uid_2_69b09b0c2949f\" class=\"td-related-left td-cur-simple-item\" data-td_filter_value data-td_block_id=\"td_uid_1_69b09b0c240c9\" href=\"https:\/\/www.tvbuzau.ro\/politistii-au-impartit-in-loc-de-amenzi-flori\/\">ARTICOLE SIMILARE<\/a><a id=\"td_uid_3_69b09b0c294d9\" class=\"td-related-right\" data-td_filter_value=\"td_related_more_from_author\" data-td_block_id=\"td_uid_1_69b09b0c240c9\" href=\"https:\/\/www.tvbuzau.ro\/politistii-au-impartit-in-loc-de-amenzi-flori\/\">DE LA ACELA\u0218I AUTOR<\/a><\/h4>\n<div id=\"td_uid_1_69b09b0c240c9\" class=\"td_block_inner\">\n<div class=\"td-related-row\">\n<div class=\"td-related-span4\">\n<div class=\"td_module_related_posts td-animation-stack td_mod_related_posts\">\n<div class=\"td-module-image\">\n<div class=\"td-module-thumb\"><a href=\"https:\/\/www.tvbuzau.ro\/cercetati-pentru-trafic-de-droguri-de-mare-risc-2\/\" rel=\"bookmark\" title=\"Cerceta\u0163i pentru trafic de droguri de mare risc\"><img loading=\"lazy\" decoding=\"async\" width=\"218\" height=\"150\" class=\"entry-thumb\" src=\"https:\/\/www.tvbuzau.ro\/wp-content\/uploads\/2026\/03\/hqdefault-17-218x150.jpg\" alt title=\"Cerceta\u0163i pentru trafic de droguri de mare risc\"><span class=\"td-video-play-ico\"><img loading=\"lazy\" decoding=\"async\" width=\"40\" height=\"40\" class=\"td-retina\" src=\"https:\/\/www.tvbuzau.ro\/wp-content\/themes\/Newspaper\/images\/icons\/ico-video-large.png\" alt=\"video\"><\/span><\/a><\/div>\n<p><a href=\"https:\/\/www.tvbuzau.ro\/category\/actualitate\/\" class=\"td-post-category\">Actualitate<\/a><\/div>\n<div class=\"item-details\">\n<h3 class=\"entry-title td-module-title\"><a href=\"https:\/\/www.tvbuzau.ro\/cercetati-pentru-trafic-de-droguri-de-mare-risc-2\/\" rel=\"bookmark\" title=\"Cerceta\u0163i pentru trafic de droguri de mare risc\">Cerceta\u0163i pentru trafic de droguri de mare risc<\/a><\/h3>\n<\/div>\n<\/div>\n<\/div>\n<div class=\"td-related-span4\">\n<div class=\"td_module_related_posts td-animation-stack td_mod_related_posts\">\n<div class=\"td-module-image\">\n<div class=\"td-module-thumb\"><a href=\"https:\/\/www.tvbuzau.ro\/finantarea-pentru-tabara-arbanasi-blocata\/\" rel=\"bookmark\" title=\"Finan\u0163area pentru tab\u0103ra Arb\u0103na\u015fi blocat\u0103\"><img loading=\"lazy\" decoding=\"async\" width=\"218\" height=\"150\" class=\"entry-thumb\" src=\"https:\/\/www.tvbuzau.ro\/wp-content\/uploads\/2026\/03\/hqdefault-16-218x150.jpg\" alt title=\"Finan\u0163area pentru tab\u0103ra Arb\u0103na\u015fi blocat\u0103\"><span class=\"td-video-play-ico\"><img loading=\"lazy\" decoding=\"async\" width=\"40\" height=\"40\" class=\"td-retina\" src=\"https:\/\/www.tvbuzau.ro\/wp-content\/themes\/Newspaper\/images\/icons\/ico-video-large.png\" alt=\"video\"><\/span><\/a><\/div>\n<p><a href=\"https:\/\/www.tvbuzau.ro\/category\/actualitate\/\" class=\"td-post-category\">Actualitate<\/a><\/div>\n<div class=\"item-details\">\n<h3 class=\"entry-title td-module-title\"><a href=\"https:\/\/www.tvbuzau.ro\/finantarea-pentru-tabara-arbanasi-blocata\/\" rel=\"bookmark\" title=\"Finan\u0163area pentru tab\u0103ra Arb\u0103na\u015fi blocat\u0103\">Finan\u0163area pentru tab\u0103ra Arb\u0103na\u015fi blocat\u0103<\/a><\/h3>\n<\/div>\n<\/div>\n<\/div>\n<div class=\"td-related-span4\">\n<div class=\"td_module_related_posts td-animation-stack td_mod_related_posts\">\n<div class=\"td-module-image\">\n<div class=\"td-module-thumb\"><a href=\"https:\/\/www.tvbuzau.ro\/isi-permit-buzoienii-sa-tina-postul-pastelui\/\" rel=\"bookmark\" title=\"\u00ce\u015fi permit buzoienii s\u0103 \u0163in\u0103 Postul Pa\u015ftelui?\"><img loading=\"lazy\" decoding=\"async\" width=\"218\" height=\"150\" class=\"entry-thumb\" src=\"https:\/\/www.tvbuzau.ro\/wp-content\/uploads\/2026\/03\/sddefault-19-218x150.jpg\" alt title=\"\u00ce\u015fi permit buzoienii s\u0103 \u0163in\u0103 Postul Pa\u015ftelui?\"><span class=\"td-video-play-ico\"><img loading=\"lazy\" decoding=\"async\" width=\"40\" height=\"40\" class=\"td-retina\" src=\"https:\/\/www.tvbuzau.ro\/wp-content\/themes\/Newspaper\/images\/icons\/ico-video-large.png\" alt=\"video\"><\/span><\/a><\/div>\n<p><a href=\"https:\/\/www.tvbuzau.ro\/category\/actualitate\/\" class=\"td-post-category\">Actualitate<\/a><\/div>\n<div class=\"item-details\">\n<h3 class=\"entry-title td-module-title\"><a href=\"https:\/\/www.tvbuzau.ro\/isi-permit-buzoienii-sa-tina-postul-pastelui\/\" rel=\"bookmark\" title=\"\u00ce\u015fi permit buzoienii s\u0103 \u0163in\u0103 Postul Pa\u015ftelui?\">\u00ce\u015fi permit buzoienii s\u0103 \u0163in\u0103 Postul Pa\u015ftelui?<\/a><\/h3>\n<\/div>\n<\/div>\n<\/div>\n<\/div>\n<div class=\"td-related-row\">\n<div class=\"td-related-span4\">\n<div class=\"td_module_related_posts td-animation-stack td_mod_related_posts\">\n<div class=\"td-module-image\">\n<div class=\"td-module-thumb\"><a href=\"https:\/\/www.tvbuzau.ro\/miros-de-paine-calda-painea-in-epoca-regatului-dac-la-muzeu\/\" rel=\"bookmark\" title=\"\u201eMiros de p\u00e2ine cald\u0103. P\u00e2inea \u00een epoca Regatului Dac\u201d la muzeu\"><img loading=\"lazy\" decoding=\"async\" width=\"218\" height=\"150\" class=\"entry-thumb\" src=\"https:\/\/www.tvbuzau.ro\/wp-content\/uploads\/2026\/03\/maxresdefault-2-218x150.jpg\" alt title=\"\u201eMiros de p\u00e2ine cald\u0103. P\u00e2inea \u00een epoca Regatului Dac\u201d la muzeu\"><span class=\"td-video-play-ico\"><img loading=\"lazy\" decoding=\"async\" width=\"40\" height=\"40\" class=\"td-retina\" src=\"https:\/\/www.tvbuzau.ro\/wp-content\/themes\/Newspaper\/images\/icons\/ico-video-large.png\" alt=\"video\"><\/span><\/a><\/div>\n<p><a href=\"https:\/\/www.tvbuzau.ro\/category\/actualitate\/\" class=\"td-post-category\">Actualitate<\/a><\/div>\n<div class=\"item-details\">\n<h3 class=\"entry-title td-module-title\"><a href=\"https:\/\/www.tvbuzau.ro\/miros-de-paine-calda-painea-in-epoca-regatului-dac-la-muzeu\/\" rel=\"bookmark\" title=\"\u201eMiros de p\u00e2ine cald\u0103. P\u00e2inea \u00een epoca Regatului Dac\u201d la muzeu\">\u201eMiros de p\u00e2ine cald\u0103. P\u00e2inea \u00een epoca Regatului Dac\u201d la muzeu<\/a><\/h3>\n<\/div>\n<\/div>\n<\/div>\n<div class=\"td-related-span4\">\n<div class=\"td_module_related_posts td-animation-stack td_mod_related_posts\">\n<div class=\"td-module-image\">\n<div class=\"td-module-thumb\"><a href=\"https:\/\/www.tvbuzau.ro\/ajutorul-pentru-motorina-doar-in-2026\/\" rel=\"bookmark\" title=\"Ajutorul pentru motorin\u0103 doar \u00een 2026\"><img loading=\"lazy\" decoding=\"async\" width=\"218\" height=\"150\" class=\"entry-thumb\" src=\"https:\/\/www.tvbuzau.ro\/wp-content\/uploads\/2026\/03\/hqdefault-14-218x150.jpg\" alt title=\"Ajutorul pentru motorin\u0103 doar \u00een 2026\"><span class=\"td-video-play-ico\"><img loading=\"lazy\" decoding=\"async\" width=\"40\" height=\"40\" class=\"td-retina\" src=\"https:\/\/www.tvbuzau.ro\/wp-content\/themes\/Newspaper\/images\/icons\/ico-video-large.png\" alt=\"video\"><\/span><\/a><\/div>\n<p><a href=\"https:\/\/www.tvbuzau.ro\/category\/actualitate\/\" class=\"td-post-category\">Actualitate<\/a><\/div>\n<div class=\"item-details\">\n<h3 class=\"entry-title td-module-title\"><a href=\"https:\/\/www.tvbuzau.ro\/ajutorul-pentru-motorina-doar-in-2026\/\" rel=\"bookmark\" title=\"Ajutorul pentru motorin\u0103 doar \u00een 2026\">Ajutorul pentru motorin\u0103 doar \u00een 2026<\/a><\/h3>\n<\/div>\n<\/div>\n<\/div>\n<div class=\"td-related-span4\">\n<div class=\"td_module_related_posts td-animation-stack td_mod_related_posts\">\n<div class=\"td-module-image\">\n<div class=\"td-module-thumb\"><a href=\"https:\/\/www.tvbuzau.ro\/date-agrometeorologice-generate-in-timp-real-pentru-fermieri\/\" rel=\"bookmark\" title=\"Date agrometeorologice generate \u00een timp real pentru fermieri\"><img loading=\"lazy\" decoding=\"async\" width=\"218\" height=\"150\" class=\"entry-thumb\" src=\"https:\/\/www.tvbuzau.ro\/wp-content\/uploads\/2026\/03\/sddefault-18-218x150.jpg\" alt title=\"Date agrometeorologice generate \u00een timp real pentru fermieri\"><span class=\"td-video-play-ico\"><img loading=\"lazy\" decoding=\"async\" width=\"40\" height=\"40\" class=\"td-retina\" src=\"https:\/\/www.tvbuzau.ro\/wp-content\/themes\/Newspaper\/images\/icons\/ico-video-large.png\" alt=\"video\"><\/span><\/a><\/div>\n<p><a href=\"https:\/\/www.tvbuzau.ro\/category\/actualitate\/\" class=\"td-post-category\">Actualitate<\/a><\/div>\n<div class=\"item-details\">\n<h3 class=\"entry-title td-module-title\"><a href=\"https:\/\/www.tvbuzau.ro\/date-agrometeorologice-generate-in-timp-real-pentru-fermieri\/\" rel=\"bookmark\" title=\"Date agrometeorologice generate \u00een timp real pentru fermieri\">Date agrometeorologice generate \u00een timp real pentru fermieri<\/a><\/h3>\n<\/div>\n<\/div>\n<\/div>\n<\/div>\n<\/div>\n<\/div>\n<div class=\"comments\" id=\"comments\">\n<div id=\"respond\" class=\"comment-respond\">\n<h3 id=\"reply-title\" class=\"comment-reply-title\">L\u0102SA\u021aI UN MESAJ <small><a rel=\"nofollow\" id=\"cancel-comment-reply-link\" href=\"https:\/\/www.tvbuzau.ro\/politistii-au-impartit-in-loc-de-amenzi-flori\/#respond\">Renun\u021ba\u021bi la r\u0103spuns<\/a><\/small><\/h3>\n<\/div>\n<\/div>\n<\/div>\n<div class=\"td-post-content\">\n<div class=\"td-featured-image-rec\">\n<div class=\"wpb_video_wrapper\">\n                    <iframe loading=\"lazy\" id=\"td_youtube_player\" width=\"600\" height=\"560\" src=\"https:\/\/www.youtube.com\/embed\/9BXWeAwt6ZU?enablejsapi=1&amp;feature=oembed&amp;wmode=opaque&amp;vq=hd720\" frameborder allowfullscreen><\/iframe><\/p><\/div>\n<\/div>\n<p>Un martie cu z\u00e2mbete \u015fi sfaturi preventive<br \/>\nCu prilejul Zilei Interna\u021bionale a Femeii, poli\u021bi\u0219tii rutieri din municipiul Buz\u0103u \u0219i poli\u021bi\u0219tii Sec\u021biei de poli\u021bie rural\u0103 Cisl\u0103u au \u00eemp\u0103r\u0163it  flori, felicit\u0103ri,  \u0219i recomand\u0103ri preventive. Oprite \u00een trafic sau \u00een calitate de pietoni, femeile au fost  \u00eent\u00e2mpinate cu flori \u0219i cu cele mai bune ur\u0103ri de c\u0103tre oamenii legii.<br \/>\nUn gest simbolic prin care poli\u0163i\u015ftii au dorit s\u0103 le transmit\u0103 doamnelor \u015fi domni\u015foarelor, aprecierea \u015fi respectul lor, dar \u015fi s\u0103 aduc\u0103 un z\u00e2mbet \u00een mijlocul zilei ce le este dedicat\u0103.<\/p>\n<div class=\"post-views post-118307 entry-meta\"><span class=\"post-views-label\">Post Views: <\/span><span class=\"post-views-count\">83<\/span><\/div>\n<\/div>\n<p>[analyse_source url=&#8221;https:\/\/www.tvbuzau.ro\/politistii-au-impartit-in-loc-de-amenzi-flori\/&#8221;]<\/p>\n","protected":false},"excerpt":{"rendered":"<p>[analyse_image type=&#8221;featured&#8221; src=&#8221;https:\/\/www.tvbuzau.ro\/wp-content\/uploads\/2026\/03\/hqdefault-15.jpghttps:\/\/www.tvbuzau.ro\/wp-content\/uploads\/2026\/03\/hqdefault-15.jpg&#8221;] Actualitate Poli\u0163i\u015ftii au \u00eemp\u0103r\u0163it \u00een loc de amenzi, flori De c\u0103tre TV Buz\u0103u &#8211; martie 10, 2026 0 13 Distribui\u021bi pe Facebook Distribui\u021bi pe Twitter tweet Un martie cu z\u00e2mbete \u015fi sfaturi preventive Cu prilejul Zilei Interna\u021bionale a Femeii, poli\u021bi\u0219tii rutieri din municipiul Buz\u0103u \u0219i poli\u021bi\u0219tii Sec\u021biei de poli\u021bie rural\u0103 Cisl\u0103u au [&hellip;]<\/p>\n","protected":false},"author":1,"featured_media":0,"comment_status":"open","ping_status":"","sticky":false,"template":"","format":"standard","meta":{"footnotes":""},"categories":[2],"tags":[226,116],"class_list":["post-1818487","post","type-post","status-publish","format-standard","hentry","category-politics","tag-crawlmanager","tag-tvbuzau-ro"],"_links":{"self":[{"href":"https:\/\/analyse.optim.biz\/index.php?rest_route=\/wp\/v2\/posts\/1818487","targetHints":{"allow":["GET"]}}],"collection":[{"href":"https:\/\/analyse.optim.biz\/index.php?rest_route=\/wp\/v2\/posts"}],"about":[{"href":"https:\/\/analyse.optim.biz\/index.php?rest_route=\/wp\/v2\/types\/post"}],"author":[{"embeddable":true,"href":"https:\/\/analyse.optim.biz\/index.php?rest_route=\/wp\/v2\/users\/1"}],"replies":[{"embeddable":true,"href":"https:\/\/analyse.optim.biz\/index.php?rest_route=%2Fwp%2Fv2%2Fcomments&post=1818487"}],"version-history":[{"count":0,"href":"https:\/\/analyse.optim.biz\/index.php?rest_route=\/wp\/v2\/posts\/1818487\/revisions"}],"wp:attachment":[{"href":"https:\/\/analyse.optim.biz\/index.php?rest_route=%2Fwp%2Fv2%2Fmedia&parent=1818487"}],"wp:term":[{"taxonomy":"category","embeddable":true,"href":"https:\/\/analyse.optim.biz\/index.php?rest_route=%2Fwp%2Fv2%2Fcategories&post=1818487"},{"taxonomy":"post_tag","embeddable":true,"href":"https:\/\/analyse.optim.biz\/index.php?rest_route=%2Fwp%2Fv2%2Ftags&post=1818487"}],"curies":[{"name":"wp","href":"https:\/\/api.w.org\/{rel}","templated":true}]}}