{"id":1818307,"date":"2026-03-10T17:21:53","date_gmt":"2026-03-10T14:21:53","guid":{"rendered":"https:\/\/analyse.optim.biz\/?p=1818307"},"modified":"2026-03-10T17:21:53","modified_gmt":"2026-03-10T14:21:53","slug":"directia-silvica-regionala-tulcea-va-gestiona-activitatea-directiilor-silvice-tulcea-si-constanta-care-se-vor-desfiinta","status":"publish","type":"post","link":"https:\/\/analyse.optim.biz\/?p=1818307","title":{"rendered":"Direc\u021bia Silvic\u0103 Regional\u0103 Tulcea va gestiona activitatea Direc\u021biilor Silvice Tulcea \u0219i Constan\u021ba, care se vor desfiin\u021ba"},"content":{"rendered":"<p>[analyse_image type=&#8221;featured&#8221; src=&#8221;https:\/\/dobrogeanews.b-cdn.net\/wp-content\/uploads\/2026\/03\/reforma-Romsilva-harta.jpg&#8221;]<\/p>\n<div id=\"post-68944\" class=\"entry single-default post-68944 post type-post status-publish format-standard has-post-thumbnail hentry category-info\">\n<div>\n<div class=\"ss-follow-wrapper ss-clearfix ss-regular-buttons ss-columns-1 ss-default-style\">\n<div class=\"ss-follow-column\" data-ss-sf-network-id='\"facebook\"'><a href=\"https:\/\/www.facebook.com\/dobrogeanews\" class=\"ss-follow-network ss-facebook-color\" rel=\"nofollow noopener\" aria-label=\"facebook\" target=\"_blank\"><span class=\"ss-follow-network-label\">Urm\u0103re\u015fte-ne \u015fi pe Facebook!<\/span><span class=\"ss-follow-network-count\"><span class=\"ss-follow-network-count-number\">57K<\/span><span class=\"ss-follow-network-count-label\">Followers<\/span><\/span><\/a><\/div>\n<\/div>\n<\/div>\n<p>Guvernul a aprobat reorganizarea Regiei Na\u021bionale a P\u0103durilor (Romsilva). Reorganizarea este parte a angajamentelor asumate prin PNRR, iar respectarea jaloanelor este esen\u021bial\u0103 pentru evitarea riscurilor financiare \u0219i men\u021binerea accesului la fondurile europene. <\/p>\n<figure class=\"wp-block-image size-full is-resized\">\n<source type=\"image\/webp\" data-lazy-srcset=\"https:\/\/dobrogeanews.b-cdn.net\/wp-content\/uploads\/2026\/03\/reforma-Romsilva-harta.jpg.webp 2560w, https:\/\/dobrogeanews.b-cdn.net\/wp-content\/uploads\/2026\/03\/reforma-Romsilva-harta-300x246.jpg.webp 300w, https:\/\/dobrogeanews.b-cdn.net\/wp-content\/uploads\/2026\/03\/reforma-Romsilva-harta-1024x840.jpg.webp 1024w, https:\/\/dobrogeanews.b-cdn.net\/wp-content\/uploads\/2026\/03\/reforma-Romsilva-harta-768x630.jpg.webp 768w, https:\/\/dobrogeanews.b-cdn.net\/wp-content\/uploads\/2026\/03\/reforma-Romsilva-harta-1536x1260.jpg.webp 1536w, https:\/\/dobrogeanews.b-cdn.net\/wp-content\/uploads\/2026\/03\/reforma-Romsilva-harta-2048x1680.jpg.webp 2048w\" sizes=\"(max-width: 640px) 100vw, 640px\" \/><br \/>\n<img loading=\"lazy\" decoding=\"async\" src=\"https:\/\/dobrogeanews.b-cdn.net\/wp-content\/uploads\/2026\/03\/reforma-Romsilva-harta.jpg\" alt=\"Reform\u0103 Romsilva hart\u0103\" width=\"640\" height=\"525\"><\/figure>\n<p>Din cele 41 de Direc\u021bii Silvice r\u0103m\u00e2n 19 structuri regionale. De exemplu, cele dou\u0103 direc\u021bii silvice de la Tulcea \u0219i Constan\u021ba se desfiin\u021beaz\u0103 iar \u00eentreaga activitate din Dobrogea va fi gestionat\u0103 de Direc\u021bia Silvic\u0103 Regional\u0103 Tulcea. Cu sediul la Tulcea.<\/p>\n<p>\u201eVa exista un birou \u0219i la Constan\u021ba dar activitatea va fi gestionat\u0103 de la Tulcea. Directorii vor fi desemna\u021bi prin concurs cu mandate de 5 ani, cu posibilitatea de prelungire sau schimbare, \u00een func\u021bie de performan\u021b\u0103. Da, vor fi introdu\u0219i ni\u0219te indicatori de performan\u021b\u0103, financiari dar nu numai at\u00e2t pentru directorii acestor structuri regionale c\u00e2t \u0219i pentru \u0219efii de ocoale silvice. \u00cen dou\u0103-trei s\u0103pt\u0103m\u00e2ni vom avea Normele metodologice \u0219i vom vorbi despre noua structur\u0103 \u00een termini concre\u021bi\u201d ne-a spus Costel Petcu, director tehnic al Direc\u021biei Silvice Tulcea.<\/p>\n<h3>Ce schimb\u0103ri aduce reorganizarea?<\/h3>\n<p>Reorganizare teritorial\u0103<\/p>\n<p>*reducerea num\u0103rului direc\u021biilor silvice de la 41 la 19 structuri regionale<\/p>\n<p>*eliminarea suprapunerilor administrative<\/p>\n<p>*concentrarea competen\u021belor la nivel regional<\/p>\n<p>*optimizarea procesului decizional<\/p>\n<h3>Management bazat pe performan\u021b\u0103<\/h3>\n<p>*directorii structurilor silvice regionale vor fi desemna\u021bi prin concurs cu mandate de 5 ani, cu prelungire condi\u021bionat\u0103 de rezultate<\/p>\n<p>*introducerea unor indicatori de performan\u021b\u0103 financiari \u0219i nefinanciari pentru directori \u0219i \u0219efii de ocoale silvice<\/p>\n<p>*evaluare anual\u0103, care condi\u021bioneaz\u0103 men\u021binerea \u00een func\u021bie<\/p>\n<h3>Disciplin\u0103 financiar\u0103 \u0219i clarificarea responsabilit\u0103\u021bilor<\/h3>\n<p>*atribu\u021bii clar definite pentru fiecare structur\u0103 din cadrul Romsilva<\/p>\n<p>*eviden\u021b\u0103 separat\u0103 pentru exploatarea masei lemnoase, produc\u021bie \u0219i alte servicii<\/p>\n<p>*responsabilitate managerial\u0103 distinct\u0103 pentru fiecare activitate<\/p>\n<p>*reguli clare privind acoperirea cheltuielilor administrative \u0219i repartizarea costurilor<\/p>\n<p>Prin aceast\u0103 reform\u0103, Guvernul creeaz\u0103 cadrul pentru o structur\u0103 administrativ\u0103 mai supl\u0103, mai responsabil\u0103 \u0219i mai performant\u0103, care separ\u0103 clar atribu\u021biile, consolideaz\u0103 disciplina financiar\u0103 \u0219i cre\u0219te eficien\u021ba economic\u0103 \u00een administrarea durabil\u0103 a fondului forestier al Rom\u00e2niei.<\/p>\n<div class=\"monsterinsights-inline-popular-posts monsterinsights-inline-popular-posts-charlie monsterinsights-popular-posts-styled\">\n<div class=\"monsterinsights-inline-popular-posts-text\"><span class=\"monsterinsights-inline-popular-posts-label\">Vezi \u0219i:<\/span><\/p>\n<div class=\"monsterinsights-inline-popular-posts-post\"><a class=\"monsterinsights-inline-popular-posts-title\" href=\"https:\/\/www.dobrogeanews.ro\/tulcea-impozitul-pentru-mijloacele-de-transport-2026-pe-intelesul-tuturor-cine-beneficiaza-de-reducere-sau-scutire\/\">Tulcea: Impozitul pentru mijloacele de transport\/2026 pe \u00een\u021belesul tuturor. Cine beneficiaz\u0103 de reducere sau scutire<\/a><\/div>\n<div class=\"monsterinsights-inline-popular-posts-post\"><a class=\"monsterinsights-inline-popular-posts-title\" href=\"https:\/\/www.dobrogeanews.ro\/municipiul-tulcea-a-adoptat-o-crestere-minima-a-taxelor-locale-taxa-de-habitat-creste-cu-3-lei-iar-pentru-impozitul-auto-trebuie-sa-depuneti-declaratie\/\">Municipiul Tulcea a adoptat o cre\u0219tere minim\u0103 a taxelor locale. Taxa de habitat cre\u0219te cu 3 lei iar pentru impozitul auto trebuie s\u0103 depune\u021bi declara\u021bie<\/a><\/div>\n<div class=\"monsterinsights-inline-popular-posts-post\"><a class=\"monsterinsights-inline-popular-posts-title\" href=\"https:\/\/www.dobrogeanews.ro\/tulcea-noile-tarife-pentru-transport-public-rutier-si-naval\/\">Tulcea: Noile tarife pentru transport public (rutier \u0219i naval)<\/a><\/div>\n<\/div>\n<\/div>\n<p class=\"has-text-align-center has-white-color has-text-color has-background\"><span><a href=\"https:\/\/news.google.com\/publications\/CAAqBwgKMIu5pgsw88O-Aw?ceid=RO:ro&amp;oc=3\">Urm\u0103ri\u0163i \u015etirile Dobrogeanews \u015fi pe Google News<\/a><\/span><\/p>\n<\/div>\n<div id=\"post-68944\" class=\"entry single-default post-68944 post type-post status-publish format-standard has-post-thumbnail hentry category-info\">\n<div>\n<div class=\"ss-follow-wrapper ss-clearfix ss-regular-buttons ss-columns-1 ss-default-style\">\n<div class=\"ss-follow-column\" data-ss-sf-network-id='\"facebook\"'><a href=\"https:\/\/www.facebook.com\/dobrogeanews\" class=\"ss-follow-network ss-facebook-color\" rel=\"nofollow noopener\" aria-label=\"facebook\" target=\"_blank\"><span class=\"ss-follow-network-label\">Urm\u0103re\u015fte-ne \u015fi pe Facebook!<\/span><span class=\"ss-follow-network-count\"><span class=\"ss-follow-network-count-number\">57K<\/span><span class=\"ss-follow-network-count-label\">Followers<\/span><\/span><\/a><\/div>\n<\/div>\n<\/div>\n<p>Guvernul a aprobat reorganizarea Regiei Na\u021bionale a P\u0103durilor (Romsilva). Reorganizarea este parte a angajamentelor asumate prin PNRR, iar respectarea jaloanelor este esen\u021bial\u0103 pentru evitarea riscurilor financiare \u0219i men\u021binerea accesului la fondurile europene. <\/p>\n<figure class=\"wp-block-image size-full is-resized\">\n<source type=\"image\/webp\" data-lazy-srcset=\"https:\/\/dobrogeanews.b-cdn.net\/wp-content\/uploads\/2026\/03\/reforma-Romsilva-harta.jpg.webp 2560w, https:\/\/dobrogeanews.b-cdn.net\/wp-content\/uploads\/2026\/03\/reforma-Romsilva-harta-300x246.jpg.webp 300w, https:\/\/dobrogeanews.b-cdn.net\/wp-content\/uploads\/2026\/03\/reforma-Romsilva-harta-1024x840.jpg.webp 1024w, https:\/\/dobrogeanews.b-cdn.net\/wp-content\/uploads\/2026\/03\/reforma-Romsilva-harta-768x630.jpg.webp 768w, https:\/\/dobrogeanews.b-cdn.net\/wp-content\/uploads\/2026\/03\/reforma-Romsilva-harta-1536x1260.jpg.webp 1536w, https:\/\/dobrogeanews.b-cdn.net\/wp-content\/uploads\/2026\/03\/reforma-Romsilva-harta-2048x1680.jpg.webp 2048w\" sizes=\"(max-width: 640px) 100vw, 640px\" \/><br \/>\n<img loading=\"lazy\" decoding=\"async\" src=\"https:\/\/dobrogeanews.b-cdn.net\/wp-content\/uploads\/2026\/03\/reforma-Romsilva-harta.jpg\" alt=\"Reform\u0103 Romsilva hart\u0103\" width=\"640\" height=\"525\"><\/figure>\n<p>Din cele 41 de Direc\u021bii Silvice r\u0103m\u00e2n 19 structuri regionale. De exemplu, cele dou\u0103 direc\u021bii silvice de la Tulcea \u0219i Constan\u021ba se desfiin\u021beaz\u0103 iar \u00eentreaga activitate din Dobrogea va fi gestionat\u0103 de Direc\u021bia Silvic\u0103 Regional\u0103 Tulcea. Cu sediul la Tulcea.<\/p>\n<p>\u201eVa exista un birou \u0219i la Constan\u021ba dar activitatea va fi gestionat\u0103 de la Tulcea. Directorii vor fi desemna\u021bi prin concurs cu mandate de 5 ani, cu posibilitatea de prelungire sau schimbare, \u00een func\u021bie de performan\u021b\u0103. Da, vor fi introdu\u0219i ni\u0219te indicatori de performan\u021b\u0103, financiari dar nu numai at\u00e2t pentru directorii acestor structuri regionale c\u00e2t \u0219i pentru \u0219efii de ocoale silvice. \u00cen dou\u0103-trei s\u0103pt\u0103m\u00e2ni vom avea Normele metodologice \u0219i vom vorbi despre noua structur\u0103 \u00een termini concre\u021bi\u201d ne-a spus Costel Petcu, director tehnic al Direc\u021biei Silvice Tulcea.<\/p>\n<h3>Ce schimb\u0103ri aduce reorganizarea?<\/h3>\n<p>Reorganizare teritorial\u0103<\/p>\n<p>*reducerea num\u0103rului direc\u021biilor silvice de la 41 la 19 structuri regionale<\/p>\n<p>*eliminarea suprapunerilor administrative<\/p>\n<p>*concentrarea competen\u021belor la nivel regional<\/p>\n<p>*optimizarea procesului decizional<\/p>\n<h3>Management bazat pe performan\u021b\u0103<\/h3>\n<p>*directorii structurilor silvice regionale vor fi desemna\u021bi prin concurs cu mandate de 5 ani, cu prelungire condi\u021bionat\u0103 de rezultate<\/p>\n<p>*introducerea unor indicatori de performan\u021b\u0103 financiari \u0219i nefinanciari pentru directori \u0219i \u0219efii de ocoale silvice<\/p>\n<p>*evaluare anual\u0103, care condi\u021bioneaz\u0103 men\u021binerea \u00een func\u021bie<\/p>\n<h3>Disciplin\u0103 financiar\u0103 \u0219i clarificarea responsabilit\u0103\u021bilor<\/h3>\n<p>*atribu\u021bii clar definite pentru fiecare structur\u0103 din cadrul Romsilva<\/p>\n<p>*eviden\u021b\u0103 separat\u0103 pentru exploatarea masei lemnoase, produc\u021bie \u0219i alte servicii<\/p>\n<p>*responsabilitate managerial\u0103 distinct\u0103 pentru fiecare activitate<\/p>\n<p>*reguli clare privind acoperirea cheltuielilor administrative \u0219i repartizarea costurilor<\/p>\n<p>Prin aceast\u0103 reform\u0103, Guvernul creeaz\u0103 cadrul pentru o structur\u0103 administrativ\u0103 mai supl\u0103, mai responsabil\u0103 \u0219i mai performant\u0103, care separ\u0103 clar atribu\u021biile, consolideaz\u0103 disciplina financiar\u0103 \u0219i cre\u0219te eficien\u021ba economic\u0103 \u00een administrarea durabil\u0103 a fondului forestier al Rom\u00e2niei.<\/p>\n<div class=\"monsterinsights-inline-popular-posts monsterinsights-inline-popular-posts-charlie monsterinsights-popular-posts-styled\">\n<div class=\"monsterinsights-inline-popular-posts-text\"><span class=\"monsterinsights-inline-popular-posts-label\">Vezi \u0219i:<\/span><\/p>\n<div class=\"monsterinsights-inline-popular-posts-post\"><a class=\"monsterinsights-inline-popular-posts-title\" href=\"https:\/\/www.dobrogeanews.ro\/tulcea-impozitul-pentru-mijloacele-de-transport-2026-pe-intelesul-tuturor-cine-beneficiaza-de-reducere-sau-scutire\/\">Tulcea: Impozitul pentru mijloacele de transport\/2026 pe \u00een\u021belesul tuturor. Cine beneficiaz\u0103 de reducere sau scutire<\/a><\/div>\n<div class=\"monsterinsights-inline-popular-posts-post\"><a class=\"monsterinsights-inline-popular-posts-title\" href=\"https:\/\/www.dobrogeanews.ro\/municipiul-tulcea-a-adoptat-o-crestere-minima-a-taxelor-locale-taxa-de-habitat-creste-cu-3-lei-iar-pentru-impozitul-auto-trebuie-sa-depuneti-declaratie\/\">Municipiul Tulcea a adoptat o cre\u0219tere minim\u0103 a taxelor locale. Taxa de habitat cre\u0219te cu 3 lei iar pentru impozitul auto trebuie s\u0103 depune\u021bi declara\u021bie<\/a><\/div>\n<div class=\"monsterinsights-inline-popular-posts-post\"><a class=\"monsterinsights-inline-popular-posts-title\" href=\"https:\/\/www.dobrogeanews.ro\/tulcea-noile-tarife-pentru-transport-public-rutier-si-naval\/\">Tulcea: Noile tarife pentru transport public (rutier \u0219i naval)<\/a><\/div>\n<\/div>\n<\/div>\n<p class=\"has-text-align-center has-white-color has-text-color has-background\"><span><a href=\"https:\/\/news.google.com\/publications\/CAAqBwgKMIu5pgsw88O-Aw?ceid=RO:ro&amp;oc=3\">Urm\u0103ri\u0163i \u015etirile Dobrogeanews \u015fi pe Google News<\/a><\/span><\/p>\n<\/div>\n<p>[analyse_source url=&#8221;https:\/\/www.dobrogeanews.ro\/directia-silvica-regionala-tulcea-va-gestiona-activitatea-directiilor-silvice-tulcea-si-constanta-care-se-vor-desfiinta\/&#8221;]<\/p>\n","protected":false},"excerpt":{"rendered":"<p>[analyse_image type=&#8221;featured&#8221; src=&#8221;https:\/\/dobrogeanews.b-cdn.net\/wp-content\/uploads\/2026\/03\/reforma-Romsilva-harta.jpg&#8221;] Urm\u0103re\u015fte-ne \u015fi pe Facebook!57KFollowers Guvernul a aprobat reorganizarea Regiei Na\u021bionale a P\u0103durilor (Romsilva). Reorganizarea este parte a angajamentelor asumate prin PNRR, iar respectarea jaloanelor este esen\u021bial\u0103 pentru evitarea riscurilor financiare \u0219i men\u021binerea accesului la fondurile europene. Din cele 41 de Direc\u021bii Silvice r\u0103m\u00e2n 19 structuri regionale. De exemplu, cele dou\u0103 direc\u021bii silvice [&hellip;]<\/p>\n","protected":false},"author":1,"featured_media":0,"comment_status":"open","ping_status":"","sticky":false,"template":"","format":"standard","meta":{"footnotes":""},"categories":[89],"tags":[226,223],"class_list":["post-1818307","post","type-post","status-publish","format-standard","hentry","category-romania","tag-crawlmanager","tag-dobrogeanews-ro"],"_links":{"self":[{"href":"https:\/\/analyse.optim.biz\/index.php?rest_route=\/wp\/v2\/posts\/1818307","targetHints":{"allow":["GET"]}}],"collection":[{"href":"https:\/\/analyse.optim.biz\/index.php?rest_route=\/wp\/v2\/posts"}],"about":[{"href":"https:\/\/analyse.optim.biz\/index.php?rest_route=\/wp\/v2\/types\/post"}],"author":[{"embeddable":true,"href":"https:\/\/analyse.optim.biz\/index.php?rest_route=\/wp\/v2\/users\/1"}],"replies":[{"embeddable":true,"href":"https:\/\/analyse.optim.biz\/index.php?rest_route=%2Fwp%2Fv2%2Fcomments&post=1818307"}],"version-history":[{"count":0,"href":"https:\/\/analyse.optim.biz\/index.php?rest_route=\/wp\/v2\/posts\/1818307\/revisions"}],"wp:attachment":[{"href":"https:\/\/analyse.optim.biz\/index.php?rest_route=%2Fwp%2Fv2%2Fmedia&parent=1818307"}],"wp:term":[{"taxonomy":"category","embeddable":true,"href":"https:\/\/analyse.optim.biz\/index.php?rest_route=%2Fwp%2Fv2%2Fcategories&post=1818307"},{"taxonomy":"post_tag","embeddable":true,"href":"https:\/\/analyse.optim.biz\/index.php?rest_route=%2Fwp%2Fv2%2Ftags&post=1818307"}],"curies":[{"name":"wp","href":"https:\/\/api.w.org\/{rel}","templated":true}]}}