{"id":1818306,"date":"2026-03-10T15:04:47","date_gmt":"2026-03-10T12:04:47","guid":{"rendered":"https:\/\/analyse.optim.biz\/?p=1818306"},"modified":"2026-03-10T15:04:47","modified_gmt":"2026-03-10T12:04:47","slug":"primaria-tulcea-modernizeaza-atelierele-de-practica-ale-scolii-profesionale-danubius-cu-bani-europeni","status":"publish","type":"post","link":"https:\/\/analyse.optim.biz\/?p=1818306","title":{"rendered":"Prim\u0103ria Tulcea modernizeaz\u0103 atelierele de practic\u0103 ale \u0218colii Profesionale \u201eDanubius\u201d, cu bani europeni"},"content":{"rendered":"<p>[analyse_image type=&#8221;featured&#8221; src=&#8221;https:\/\/dobrogeanews.b-cdn.net\/wp-content\/uploads\/2026\/03\/dotare-mobilier-si-echipament-scala-profesionala-tulcea1.jpg&#8221;]<\/p>\n<div id=\"post-68938\" class=\"entry single-default post-68938 post type-post status-publish format-standard has-post-thumbnail hentry category-info\">\n<div>\n<div class=\"ss-follow-wrapper ss-clearfix ss-regular-buttons ss-columns-1 ss-default-style\">\n<div class=\"ss-follow-column\" data-ss-sf-network-id='\"facebook\"'><a href=\"https:\/\/www.facebook.com\/dobrogeanews\" class=\"ss-follow-network ss-facebook-color\" rel=\"nofollow noopener\" aria-label=\"facebook\" target=\"_blank\"><span class=\"ss-follow-network-label\">Urm\u0103re\u015fte-ne \u015fi pe Facebook!<\/span><span class=\"ss-follow-network-count\"><span class=\"ss-follow-network-count-number\">57K<\/span><span class=\"ss-follow-network-count-label\">Followers<\/span><\/span><\/a><\/div>\n<\/div>\n<\/div>\n<p>Prim\u0103ria Municipiului Tulcea a lansat licita\u021bia public\u0103 ce vizeaz\u0103 modernizarea atelierelor de practic\u0103 ale \u0218colii Profesionale \u201eDanubius\u201d proiectul \u201eDotarea cu mobilier, materiale didactice \u0219i echipamente digitale a unit\u0103\u021bilor de \u00eenv\u0103\u021b\u0103m\u00e2nt preuniversitar din Municipiul Tulcea\u201datelierele de practic\u0103 ale unit\u0103\u021bii de \u00eenv\u0103\u021b\u0103m\u00e2nt \u0218coala Profesional\u0103 \u201eDanubius\u201d.<\/p>\n<figure class=\"wp-block-image size-full is-resized\">\n<source type=\"image\/webp\" data-lazy-srcset=\"https:\/\/dobrogeanews.b-cdn.net\/wp-content\/uploads\/2026\/03\/dotare-mobilier-si-echipament-scala-profesionala-tulcea1.jpg.webp 2560w, https:\/\/dobrogeanews.b-cdn.net\/wp-content\/uploads\/2026\/03\/dotare-mobilier-si-echipament-scala-profesionala-tulcea1-300x246.jpg.webp 300w, https:\/\/dobrogeanews.b-cdn.net\/wp-content\/uploads\/2026\/03\/dotare-mobilier-si-echipament-scala-profesionala-tulcea1-1024x840.jpg.webp 1024w, https:\/\/dobrogeanews.b-cdn.net\/wp-content\/uploads\/2026\/03\/dotare-mobilier-si-echipament-scala-profesionala-tulcea1-768x630.jpg.webp 768w, https:\/\/dobrogeanews.b-cdn.net\/wp-content\/uploads\/2026\/03\/dotare-mobilier-si-echipament-scala-profesionala-tulcea1-1536x1260.jpg.webp 1536w, https:\/\/dobrogeanews.b-cdn.net\/wp-content\/uploads\/2026\/03\/dotare-mobilier-si-echipament-scala-profesionala-tulcea1-2048x1680.jpg.webp 2048w\" sizes=\"(max-width: 640px) 100vw, 640px\" \/><br \/>\n<img loading=\"lazy\" decoding=\"async\" src=\"https:\/\/dobrogeanews.b-cdn.net\/wp-content\/uploads\/2026\/03\/dotare-mobilier-si-echipament-scala-profesionala-tulcea1.jpg\" alt=\"\u0218coala profesional\u0103 Danubius Tulcea\" width=\"640\" height=\"525\"><\/figure>\n<p>Lucr\u0103rile \u0219i dot\u0103rile sunt realizate prin intermediul finan\u021b\u0103rilor atrase de Prim\u0103ria Municipiului Tulcea din fonduri europene nerambursabile \u2013 PNRR.<\/p>\n<p>Pe l\u00e2ng\u0103 lucr\u0103rile de consolidare, modernizare \u0219i reabilitare, \u0218coala Profesional\u0103 \u201eDanubius\u201d va beneficia de dot\u0103ri noi \u2013 mobilier, materiale didactice \u0219i echipamente digitale \u2013 asemenea celorlalte 22 de unit\u0103\u021bi de \u00eenv\u0103\u021b\u0103m\u00e2nt preuniversitar de stat din ora\u0219.<\/p>\n<figure class=\"wp-block-image size-full is-resized\">\n<source type=\"image\/webp\" data-lazy-srcset=\"https:\/\/dobrogeanews.b-cdn.net\/wp-content\/uploads\/2026\/03\/dotare-mobilier-si-echipament-scala-profesionala-tulcea2.jpg.webp 2560w, https:\/\/dobrogeanews.b-cdn.net\/wp-content\/uploads\/2026\/03\/dotare-mobilier-si-echipament-scala-profesionala-tulcea2-300x221.jpg.webp 300w, https:\/\/dobrogeanews.b-cdn.net\/wp-content\/uploads\/2026\/03\/dotare-mobilier-si-echipament-scala-profesionala-tulcea2-1024x753.jpg.webp 1024w, https:\/\/dobrogeanews.b-cdn.net\/wp-content\/uploads\/2026\/03\/dotare-mobilier-si-echipament-scala-profesionala-tulcea2-768x565.jpg.webp 768w, https:\/\/dobrogeanews.b-cdn.net\/wp-content\/uploads\/2026\/03\/dotare-mobilier-si-echipament-scala-profesionala-tulcea2-1536x1129.jpg.webp 1536w, https:\/\/dobrogeanews.b-cdn.net\/wp-content\/uploads\/2026\/03\/dotare-mobilier-si-echipament-scala-profesionala-tulcea2-2048x1506.jpg.webp 2048w\" sizes=\"(max-width: 640px) 100vw, 640px\" \/><br \/>\n<img loading=\"lazy\" decoding=\"async\" src=\"https:\/\/dobrogeanews.b-cdn.net\/wp-content\/uploads\/2026\/03\/dotare-mobilier-si-echipament-scala-profesionala-tulcea2.jpg\" alt=\"\u0218coala profesional\u0103 Danubius Tulcea\" width=\"640\" height=\"471\"><\/figure>\n<p>Prin aceast\u0103 investi\u021bie, atelierele de practic\u0103 vor beneficia de echipamente moderne necesare form\u0103rii profesionale a elevilor. Valoarea estimat\u0103 a contractului: 256.421,75 lei f\u0103r\u0103 TVA <\/p>\n<p>Termen depunere oferte: 24.03.2026, ora 15:00 (prin SEAP) Documenta\u021bia de atribuire este disponibil\u0103 \u00een Anun\u021bul de participare nr. CN1090508 \/ 09.03.2026, publicat \u00een SEAP.<\/p>\n<div class=\"monsterinsights-inline-popular-posts monsterinsights-inline-popular-posts-charlie monsterinsights-popular-posts-styled\">\n<div class=\"monsterinsights-inline-popular-posts-text\"><span class=\"monsterinsights-inline-popular-posts-label\">Vezi \u0219i:<\/span><\/p>\n<div class=\"monsterinsights-inline-popular-posts-post\"><a class=\"monsterinsights-inline-popular-posts-title\" href=\"https:\/\/www.dobrogeanews.ro\/liliana-marinescu-a-fost-semnat-contractul-de-finantare-pentru-alimentare-cu-gaze-la-baia-in-valoare-de-8-075-000-lei\/\">Liliana Marinescu: A fost semnat contractul de finan\u021bare pentru \u201eAlimentare cu gaze\u201d la Baia \u00een valoare de 8.075.000 lei<\/a><\/div>\n<div class=\"monsterinsights-inline-popular-posts-post\"><a class=\"monsterinsights-inline-popular-posts-title\" href=\"https:\/\/www.dobrogeanews.ro\/impozitul-pe-imobile-2026-in-municipiul-tulcea-pe-intelesul-tuturor-cine-benefiaza-de-reduceri-informatii-detaliate\/\">Impozitul pe imobile\/2026 \u00een Municipiul Tulcea, pe \u00een\u021belesul tuturor. Cine benefiaz\u0103 de reduceri. Informa\u021bii detaliate<\/a><\/div>\n<div class=\"monsterinsights-inline-popular-posts-post\"><a class=\"monsterinsights-inline-popular-posts-title\" href=\"https:\/\/www.dobrogeanews.ro\/municipiul-tulcea-a-adoptat-o-crestere-minima-a-taxelor-locale-taxa-de-habitat-creste-cu-3-lei-iar-pentru-impozitul-auto-trebuie-sa-depuneti-declaratie\/\">Municipiul Tulcea a adoptat o cre\u0219tere minim\u0103 a taxelor locale. Taxa de habitat cre\u0219te cu 3 lei iar pentru impozitul auto trebuie s\u0103 depune\u021bi declara\u021bie<\/a><\/div>\n<\/div>\n<\/div>\n<p class=\"has-text-align-center has-white-color has-text-color has-background\"><span><a href=\"https:\/\/news.google.com\/publications\/CAAqBwgKMIu5pgsw88O-Aw?ceid=RO:ro&amp;oc=3\">Urm\u0103ri\u0163i \u015etirile Dobrogeanews \u015fi pe Google News<\/a><\/span><\/p>\n<\/div>\n<div id=\"post-68938\" class=\"entry single-default post-68938 post type-post status-publish format-standard has-post-thumbnail hentry category-info\">\n<div>\n<div class=\"ss-follow-wrapper ss-clearfix ss-regular-buttons ss-columns-1 ss-default-style\">\n<div class=\"ss-follow-column\" data-ss-sf-network-id='\"facebook\"'><a href=\"https:\/\/www.facebook.com\/dobrogeanews\" class=\"ss-follow-network ss-facebook-color\" rel=\"nofollow noopener\" aria-label=\"facebook\" target=\"_blank\"><span class=\"ss-follow-network-label\">Urm\u0103re\u015fte-ne \u015fi pe Facebook!<\/span><span class=\"ss-follow-network-count\"><span class=\"ss-follow-network-count-number\">57K<\/span><span class=\"ss-follow-network-count-label\">Followers<\/span><\/span><\/a><\/div>\n<\/div>\n<\/div>\n<p>Prim\u0103ria Municipiului Tulcea a lansat licita\u021bia public\u0103 ce vizeaz\u0103 modernizarea atelierelor de practic\u0103 ale \u0218colii Profesionale \u201eDanubius\u201d proiectul \u201eDotarea cu mobilier, materiale didactice \u0219i echipamente digitale a unit\u0103\u021bilor de \u00eenv\u0103\u021b\u0103m\u00e2nt preuniversitar din Municipiul Tulcea\u201datelierele de practic\u0103 ale unit\u0103\u021bii de \u00eenv\u0103\u021b\u0103m\u00e2nt \u0218coala Profesional\u0103 \u201eDanubius\u201d.<\/p>\n<figure class=\"wp-block-image size-full is-resized\">\n<source type=\"image\/webp\" data-lazy-srcset=\"https:\/\/dobrogeanews.b-cdn.net\/wp-content\/uploads\/2026\/03\/dotare-mobilier-si-echipament-scala-profesionala-tulcea1.jpg.webp 2560w, https:\/\/dobrogeanews.b-cdn.net\/wp-content\/uploads\/2026\/03\/dotare-mobilier-si-echipament-scala-profesionala-tulcea1-300x246.jpg.webp 300w, https:\/\/dobrogeanews.b-cdn.net\/wp-content\/uploads\/2026\/03\/dotare-mobilier-si-echipament-scala-profesionala-tulcea1-1024x840.jpg.webp 1024w, https:\/\/dobrogeanews.b-cdn.net\/wp-content\/uploads\/2026\/03\/dotare-mobilier-si-echipament-scala-profesionala-tulcea1-768x630.jpg.webp 768w, https:\/\/dobrogeanews.b-cdn.net\/wp-content\/uploads\/2026\/03\/dotare-mobilier-si-echipament-scala-profesionala-tulcea1-1536x1260.jpg.webp 1536w, https:\/\/dobrogeanews.b-cdn.net\/wp-content\/uploads\/2026\/03\/dotare-mobilier-si-echipament-scala-profesionala-tulcea1-2048x1680.jpg.webp 2048w\" sizes=\"(max-width: 640px) 100vw, 640px\" \/><br \/>\n<img loading=\"lazy\" decoding=\"async\" src=\"https:\/\/dobrogeanews.b-cdn.net\/wp-content\/uploads\/2026\/03\/dotare-mobilier-si-echipament-scala-profesionala-tulcea1.jpg\" alt=\"\u0218coala profesional\u0103 Danubius Tulcea\" width=\"640\" height=\"525\"><\/figure>\n<p>Lucr\u0103rile \u0219i dot\u0103rile sunt realizate prin intermediul finan\u021b\u0103rilor atrase de Prim\u0103ria Municipiului Tulcea din fonduri europene nerambursabile \u2013 PNRR.<\/p>\n<p>Pe l\u00e2ng\u0103 lucr\u0103rile de consolidare, modernizare \u0219i reabilitare, \u0218coala Profesional\u0103 \u201eDanubius\u201d va beneficia de dot\u0103ri noi \u2013 mobilier, materiale didactice \u0219i echipamente digitale \u2013 asemenea celorlalte 22 de unit\u0103\u021bi de \u00eenv\u0103\u021b\u0103m\u00e2nt preuniversitar de stat din ora\u0219.<\/p>\n<figure class=\"wp-block-image size-full is-resized\">\n<source type=\"image\/webp\" data-lazy-srcset=\"https:\/\/dobrogeanews.b-cdn.net\/wp-content\/uploads\/2026\/03\/dotare-mobilier-si-echipament-scala-profesionala-tulcea2.jpg.webp 2560w, https:\/\/dobrogeanews.b-cdn.net\/wp-content\/uploads\/2026\/03\/dotare-mobilier-si-echipament-scala-profesionala-tulcea2-300x221.jpg.webp 300w, https:\/\/dobrogeanews.b-cdn.net\/wp-content\/uploads\/2026\/03\/dotare-mobilier-si-echipament-scala-profesionala-tulcea2-1024x753.jpg.webp 1024w, https:\/\/dobrogeanews.b-cdn.net\/wp-content\/uploads\/2026\/03\/dotare-mobilier-si-echipament-scala-profesionala-tulcea2-768x565.jpg.webp 768w, https:\/\/dobrogeanews.b-cdn.net\/wp-content\/uploads\/2026\/03\/dotare-mobilier-si-echipament-scala-profesionala-tulcea2-1536x1129.jpg.webp 1536w, https:\/\/dobrogeanews.b-cdn.net\/wp-content\/uploads\/2026\/03\/dotare-mobilier-si-echipament-scala-profesionala-tulcea2-2048x1506.jpg.webp 2048w\" sizes=\"(max-width: 640px) 100vw, 640px\" \/><br \/>\n<img loading=\"lazy\" decoding=\"async\" src=\"https:\/\/dobrogeanews.b-cdn.net\/wp-content\/uploads\/2026\/03\/dotare-mobilier-si-echipament-scala-profesionala-tulcea2.jpg\" alt=\"\u0218coala profesional\u0103 Danubius Tulcea\" width=\"640\" height=\"471\"><\/figure>\n<p>Prin aceast\u0103 investi\u021bie, atelierele de practic\u0103 vor beneficia de echipamente moderne necesare form\u0103rii profesionale a elevilor. Valoarea estimat\u0103 a contractului: 256.421,75 lei f\u0103r\u0103 TVA <\/p>\n<p>Termen depunere oferte: 24.03.2026, ora 15:00 (prin SEAP) Documenta\u021bia de atribuire este disponibil\u0103 \u00een Anun\u021bul de participare nr. CN1090508 \/ 09.03.2026, publicat \u00een SEAP.<\/p>\n<div class=\"monsterinsights-inline-popular-posts monsterinsights-inline-popular-posts-charlie monsterinsights-popular-posts-styled\">\n<div class=\"monsterinsights-inline-popular-posts-text\"><span class=\"monsterinsights-inline-popular-posts-label\">Vezi \u0219i:<\/span><\/p>\n<div class=\"monsterinsights-inline-popular-posts-post\"><a class=\"monsterinsights-inline-popular-posts-title\" href=\"https:\/\/www.dobrogeanews.ro\/liliana-marinescu-a-fost-semnat-contractul-de-finantare-pentru-alimentare-cu-gaze-la-baia-in-valoare-de-8-075-000-lei\/\">Liliana Marinescu: A fost semnat contractul de finan\u021bare pentru \u201eAlimentare cu gaze\u201d la Baia \u00een valoare de 8.075.000 lei<\/a><\/div>\n<div class=\"monsterinsights-inline-popular-posts-post\"><a class=\"monsterinsights-inline-popular-posts-title\" href=\"https:\/\/www.dobrogeanews.ro\/impozitul-pe-imobile-2026-in-municipiul-tulcea-pe-intelesul-tuturor-cine-benefiaza-de-reduceri-informatii-detaliate\/\">Impozitul pe imobile\/2026 \u00een Municipiul Tulcea, pe \u00een\u021belesul tuturor. Cine benefiaz\u0103 de reduceri. Informa\u021bii detaliate<\/a><\/div>\n<div class=\"monsterinsights-inline-popular-posts-post\"><a class=\"monsterinsights-inline-popular-posts-title\" href=\"https:\/\/www.dobrogeanews.ro\/municipiul-tulcea-a-adoptat-o-crestere-minima-a-taxelor-locale-taxa-de-habitat-creste-cu-3-lei-iar-pentru-impozitul-auto-trebuie-sa-depuneti-declaratie\/\">Municipiul Tulcea a adoptat o cre\u0219tere minim\u0103 a taxelor locale. Taxa de habitat cre\u0219te cu 3 lei iar pentru impozitul auto trebuie s\u0103 depune\u021bi declara\u021bie<\/a><\/div>\n<\/div>\n<\/div>\n<p class=\"has-text-align-center has-white-color has-text-color has-background\"><span><a href=\"https:\/\/news.google.com\/publications\/CAAqBwgKMIu5pgsw88O-Aw?ceid=RO:ro&amp;oc=3\">Urm\u0103ri\u0163i \u015etirile Dobrogeanews \u015fi pe Google News<\/a><\/span><\/p>\n<\/div>\n<p>[analyse_source url=&#8221;https:\/\/www.dobrogeanews.ro\/primaria-tulcea-modernizeaza-atelierele-de-practica-ale-scolii-profesionale-danubius-cu-bani-europeni\/&#8221;]<\/p>\n","protected":false},"excerpt":{"rendered":"<p>[analyse_image type=&#8221;featured&#8221; src=&#8221;https:\/\/dobrogeanews.b-cdn.net\/wp-content\/uploads\/2026\/03\/dotare-mobilier-si-echipament-scala-profesionala-tulcea1.jpg&#8221;] Urm\u0103re\u015fte-ne \u015fi pe Facebook!57KFollowers Prim\u0103ria Municipiului Tulcea a lansat licita\u021bia public\u0103 ce vizeaz\u0103 modernizarea atelierelor de practic\u0103 ale \u0218colii Profesionale \u201eDanubius\u201d proiectul \u201eDotarea cu mobilier, materiale didactice \u0219i echipamente digitale a unit\u0103\u021bilor de \u00eenv\u0103\u021b\u0103m\u00e2nt preuniversitar din Municipiul Tulcea\u201datelierele de practic\u0103 ale unit\u0103\u021bii de \u00eenv\u0103\u021b\u0103m\u00e2nt \u0218coala Profesional\u0103 \u201eDanubius\u201d. Lucr\u0103rile \u0219i dot\u0103rile sunt realizate [&hellip;]<\/p>\n","protected":false},"author":1,"featured_media":0,"comment_status":"open","ping_status":"","sticky":false,"template":"","format":"standard","meta":{"footnotes":""},"categories":[89],"tags":[226,223],"class_list":["post-1818306","post","type-post","status-publish","format-standard","hentry","category-romania","tag-crawlmanager","tag-dobrogeanews-ro"],"_links":{"self":[{"href":"https:\/\/analyse.optim.biz\/index.php?rest_route=\/wp\/v2\/posts\/1818306","targetHints":{"allow":["GET"]}}],"collection":[{"href":"https:\/\/analyse.optim.biz\/index.php?rest_route=\/wp\/v2\/posts"}],"about":[{"href":"https:\/\/analyse.optim.biz\/index.php?rest_route=\/wp\/v2\/types\/post"}],"author":[{"embeddable":true,"href":"https:\/\/analyse.optim.biz\/index.php?rest_route=\/wp\/v2\/users\/1"}],"replies":[{"embeddable":true,"href":"https:\/\/analyse.optim.biz\/index.php?rest_route=%2Fwp%2Fv2%2Fcomments&post=1818306"}],"version-history":[{"count":0,"href":"https:\/\/analyse.optim.biz\/index.php?rest_route=\/wp\/v2\/posts\/1818306\/revisions"}],"wp:attachment":[{"href":"https:\/\/analyse.optim.biz\/index.php?rest_route=%2Fwp%2Fv2%2Fmedia&parent=1818306"}],"wp:term":[{"taxonomy":"category","embeddable":true,"href":"https:\/\/analyse.optim.biz\/index.php?rest_route=%2Fwp%2Fv2%2Fcategories&post=1818306"},{"taxonomy":"post_tag","embeddable":true,"href":"https:\/\/analyse.optim.biz\/index.php?rest_route=%2Fwp%2Fv2%2Ftags&post=1818306"}],"curies":[{"name":"wp","href":"https:\/\/api.w.org\/{rel}","templated":true}]}}