{"id":1818284,"date":"2026-03-10T00:00:00","date_gmt":"2026-03-09T21:00:00","guid":{"rendered":"https:\/\/analyse.optim.biz\/?p=1818284"},"modified":"2026-03-10T00:00:00","modified_gmt":"2026-03-09T21:00:00","slug":"barbat-din-suceava-cautat-de-politie-alexandru-a-disparut-fara-urma","status":"publish","type":"post","link":"https:\/\/analyse.optim.biz\/?p=1818284","title":{"rendered":"B\u0103rbat din Suceava, c\u0103utat de poli\u021bie. Alexandru a disp\u0103rut f\u0103r\u0103 urm\u0103"},"content":{"rendered":"<p>[analyse_image type=&#8221;featured&#8221; src=&#8221;&#8221;]<\/p>\n<div class=\"entry-content\">\n<p><img decoding=\"async\" loading=\"lazy\" class=\"alignright size-medium wp-image-318706\" src=\"https:\/\/suceavanews.ro\/wp-content\/uploads\/2026\/03\/nemesniciuc-alexandru-146x300.jpeg\" alt=\"\" width=\"146\" height=\"300\">Poli\u021bi\u0219tii din cadrul Poli\u021biei Municipiului Suceava desf\u0103\u0219oar\u0103 activit\u0103\u021bi de c\u0103utare a persoanei majore Nemesniciuc Alexandur de 31 de ani, domiciliat \u00een municipiul Suceava.<\/p>\n<p>Acesta a plecat voluntar de la domiciliu f\u0103r\u0103 a mai reveni \u0219i f\u0103r\u0103 a r\u0103spunde apelurilor telefonice din partea membrilor familiei.<\/p>\n<p>\u00cen cadrul activit\u0103\u021bilor de c\u0103utare, autoturismul utilizat de c\u0103tre b\u0103rbat a fost identificat abandonat \u00een zona G\u0103rii Burdujeni din municipiul Suceava, jud. Suceava.<\/p>\n<p>B\u0103rbatul are o \u00een\u0103l\u021bime de cca. 1,90 m, iar la momentul plec\u0103rii de la domiciliu era \u00eembr\u0103cat cu pantaloni de trening de culoare \u00eenchis\u0103 \u0219i o geac\u0103 gri.<\/p>\n<p>\u00cen cazul in care vede\u021bi persoana c\u0103utat\u0103 sau de\u021bine\u021bi date cu privire la aceasta, v\u0103 rugam sa apela\u021bi SNUAU 112 sau sa va adresa\u021bi celei mai apropiate unit\u0103\u021bi de poli\u021bie.<\/p>\n<\/div>\n<div class=\"entry-content\">\n<p><img decoding=\"async\" loading=\"lazy\" class=\"alignright size-medium wp-image-318706\" src=\"https:\/\/suceavanews.ro\/wp-content\/uploads\/2026\/03\/nemesniciuc-alexandru-146x300.jpeg\" alt=\"\" width=\"146\" height=\"300\">Poli\u021bi\u0219tii din cadrul Poli\u021biei Municipiului Suceava desf\u0103\u0219oar\u0103 activit\u0103\u021bi de c\u0103utare a persoanei majore Nemesniciuc Alexandur de 31 de ani, domiciliat \u00een municipiul Suceava.<\/p>\n<p>Acesta a plecat voluntar de la domiciliu f\u0103r\u0103 a mai reveni \u0219i f\u0103r\u0103 a r\u0103spunde apelurilor telefonice din partea membrilor familiei.<\/p>\n<p>\u00cen cadrul activit\u0103\u021bilor de c\u0103utare, autoturismul utilizat de c\u0103tre b\u0103rbat a fost identificat abandonat \u00een zona G\u0103rii Burdujeni din municipiul Suceava, jud. Suceava.<\/p>\n<p>B\u0103rbatul are o \u00een\u0103l\u021bime de cca. 1,90 m, iar la momentul plec\u0103rii de la domiciliu era \u00eembr\u0103cat cu pantaloni de trening de culoare \u00eenchis\u0103 \u0219i o geac\u0103 gri.<\/p>\n<p>\u00cen cazul in care vede\u021bi persoana c\u0103utat\u0103 sau de\u021bine\u021bi date cu privire la aceasta, v\u0103 rugam sa apela\u021bi SNUAU 112 sau sa va adresa\u021bi celei mai apropiate unit\u0103\u021bi de poli\u021bie.<\/p>\n<\/div>\n<p>[analyse_source url=&#8221;https:\/\/suceavanews.ro\/318705\/social\/barbat-din-suceava-cautat-de-politie-alexandru-a-disparut-fara-urma\/&#8221;]<\/p>\n","protected":false},"excerpt":{"rendered":"<p>[analyse_image type=&#8221;featured&#8221; src=&#8221;&#8221;] Poli\u021bi\u0219tii din cadrul Poli\u021biei Municipiului Suceava desf\u0103\u0219oar\u0103 activit\u0103\u021bi de c\u0103utare a persoanei majore Nemesniciuc Alexandur de 31 de ani, domiciliat \u00een municipiul Suceava. Acesta a plecat voluntar de la domiciliu f\u0103r\u0103 a mai reveni \u0219i f\u0103r\u0103 a r\u0103spunde apelurilor telefonice din partea membrilor familiei. \u00cen cadrul activit\u0103\u021bilor de c\u0103utare, autoturismul utilizat de [&hellip;]<\/p>\n","protected":false},"author":1,"featured_media":0,"comment_status":"open","ping_status":"","sticky":false,"template":"","format":"standard","meta":{"footnotes":""},"categories":[89],"tags":[226,174],"class_list":["post-1818284","post","type-post","status-publish","format-standard","hentry","category-romania","tag-crawlmanager","tag-suceavanews-ro"],"_links":{"self":[{"href":"https:\/\/analyse.optim.biz\/index.php?rest_route=\/wp\/v2\/posts\/1818284","targetHints":{"allow":["GET"]}}],"collection":[{"href":"https:\/\/analyse.optim.biz\/index.php?rest_route=\/wp\/v2\/posts"}],"about":[{"href":"https:\/\/analyse.optim.biz\/index.php?rest_route=\/wp\/v2\/types\/post"}],"author":[{"embeddable":true,"href":"https:\/\/analyse.optim.biz\/index.php?rest_route=\/wp\/v2\/users\/1"}],"replies":[{"embeddable":true,"href":"https:\/\/analyse.optim.biz\/index.php?rest_route=%2Fwp%2Fv2%2Fcomments&post=1818284"}],"version-history":[{"count":0,"href":"https:\/\/analyse.optim.biz\/index.php?rest_route=\/wp\/v2\/posts\/1818284\/revisions"}],"wp:attachment":[{"href":"https:\/\/analyse.optim.biz\/index.php?rest_route=%2Fwp%2Fv2%2Fmedia&parent=1818284"}],"wp:term":[{"taxonomy":"category","embeddable":true,"href":"https:\/\/analyse.optim.biz\/index.php?rest_route=%2Fwp%2Fv2%2Fcategories&post=1818284"},{"taxonomy":"post_tag","embeddable":true,"href":"https:\/\/analyse.optim.biz\/index.php?rest_route=%2Fwp%2Fv2%2Ftags&post=1818284"}],"curies":[{"name":"wp","href":"https:\/\/api.w.org\/{rel}","templated":true}]}}