{"id":1818176,"date":"2026-03-10T13:46:00","date_gmt":"2026-03-10T10:46:00","guid":{"rendered":"https:\/\/analyse.optim.biz\/?p=1818176"},"modified":"2026-03-10T13:46:00","modified_gmt":"2026-03-10T10:46:00","slug":"csat-convocat-miercuri-sua-vor-sa-aduca-avioane-in-romania-care-sa-sprijine-operatiunile-din-iran","status":"publish","type":"post","link":"https:\/\/analyse.optim.biz\/?p=1818176","title":{"rendered":"CSAT, convocat miercuri. SUA vor s\u0103 aduc\u0103 avioane \u00een Rom\u00e2nia, care s\u0103 sprijine opera\u0163iunile din Iran"},"content":{"rendered":"<p>[analyse_image type=&#8221;featured&#8221; src=&#8221;https:\/\/img.observatornews.ro\/?u=https%3A%2F%2Fobservatornews.ro%2Fuploads%2Fmodules%2Fnews%2F0%2F2026%2F3%2F10%2F648291%2Fapache-181f4fdc.jpg&#8221;]<\/p>\n<div class=\"articleBody\" data-key=\"articleBody\">Nicu\u015for Dan a convocat CSAT. \u015eedin\u0163a Consiliului Suprem de Ap\u0103rare a \u0162\u0103rii ar fi programat\u0103 pentru m\u00e2ine.\u00a0<\/p>\n<p>Printre subiecte se va num\u0103ra \u015fi cererea SUA de a suplimenta for\u0163elor din regiune. Mai exact, SUA vor s\u0103 aduc\u0103 la baza din Mihail Kog\u0103lniceanu avioane de transport \u015fi alimentare, ca suport pentru opera\u0163iunile din Orientul Mijlociu \u015fi Iran. O solicitare a fost f\u0103cut\u0103 de anul trecut, \u00een luna august, c\u00e2nd SUA au cerut ca baza de la Mihail Kog\u0103lniceanu s\u0103 fie folosit\u0103 pentru prepozi\u021bionarea pe teritoriui Rom\u00e2niei a unor aeronave de realimentare \u00een aer, a unui contingent al Statelor Unite ale Americii \u0219i mijloace de protec\u021bia for\u021bei, precum \u0219i a unor aeronave ISR (Intelligence Surveillance and Reconessaince) \u0219i de supraveghere aerian\u0103.<\/p>\n<p>Solicitare f\u0103cut\u0103 de SUA de anul trecut<\/p>\n<p>Conform documentului transmis atunci de pre\u015fedinte Parlamentului, opera\u0163iunile militare nu ar mai fi avut loc \u015fi Guvernul SUA ar fi transmis \u00eentrebarea dac\u0103 solicitarea de anul trecut se mai bucur\u0103 de acela\u015fi r\u0103spuns din partea Rom\u00e2niei.<\/p>\n<p>R\u0103zboiul din Iran a \u00eenceput pe 28 februarie atunci c\u00e2nd SUA \u015fi Israel au atacat regimul de la Teheran. Dup\u0103 10 zile de r\u0103zboi, mai multe \u0163\u0103ri europene au declarat c\u0103 nu sprijin\u0103 aceast\u0103 opera\u0163iunea militar\u0103, cea mai vocal\u0103 \u00een acest sens fiind Spania. Fran\u0163a, prin vocea pre\u015fedintelui Emmanuel Macron, a declarat c\u0103 nu se va implica militar \u00een r\u0103zboi, dar Marina francez\u0103 se va deplasa \u00een Str\u00e2mtoarea Ormuz pentru opera\u0163iuni &#8220;strict defensive&#8221;. Cu alte cuvinte, portavionul Charles de Gaulle, \u00eenso\u0163it de cel pu\u0163in 8 fregate franceze, vor escorta petrolierele. De\u0219i Londra a spus c\u0103 nu se va al\u0103tura r\u0103zboiului, a autorizat avia\u021bia militar\u0103 american\u0103 s\u0103 foloseasc\u0103 bazele aeriene britanice Fairford, din Anglia, \u0219i Diego Garcia, din Oceanul Indian, pentru atacuri.<\/p>\n<p>Documentul poate fi consultat AICI\n<\/p><\/div>\n<p>[analyse_source url=&#8221;https:\/\/observatornews.ro\/politic\/nicusor-dan-a-convocat-csatul-sedinta-va-avea-loc-miercuri-648291.html&#8221;]<\/p>\n","protected":false},"excerpt":{"rendered":"<p>[analyse_image type=&#8221;featured&#8221; src=&#8221;https:\/\/img.observatornews.ro\/?u=https%3A%2F%2Fobservatornews.ro%2Fuploads%2Fmodules%2Fnews%2F0%2F2026%2F3%2F10%2F648291%2Fapache-181f4fdc.jpg&#8221;] Nicu\u015for Dan a convocat CSAT. \u015eedin\u0163a Consiliului Suprem de Ap\u0103rare a \u0162\u0103rii ar fi programat\u0103 pentru m\u00e2ine.\u00a0 Printre subiecte se va num\u0103ra \u015fi cererea SUA de a suplimenta for\u0163elor din regiune. Mai exact, SUA vor s\u0103 aduc\u0103 la baza din Mihail Kog\u0103lniceanu avioane de transport \u015fi alimentare, ca suport pentru opera\u0163iunile din [&hellip;]<\/p>\n","protected":false},"author":1,"featured_media":0,"comment_status":"open","ping_status":"","sticky":false,"template":"","format":"standard","meta":{"footnotes":""},"categories":[2],"tags":[226,30],"class_list":["post-1818176","post","type-post","status-publish","format-standard","hentry","category-politics","tag-crawlmanager","tag-observatornews-ro"],"_links":{"self":[{"href":"https:\/\/analyse.optim.biz\/index.php?rest_route=\/wp\/v2\/posts\/1818176","targetHints":{"allow":["GET"]}}],"collection":[{"href":"https:\/\/analyse.optim.biz\/index.php?rest_route=\/wp\/v2\/posts"}],"about":[{"href":"https:\/\/analyse.optim.biz\/index.php?rest_route=\/wp\/v2\/types\/post"}],"author":[{"embeddable":true,"href":"https:\/\/analyse.optim.biz\/index.php?rest_route=\/wp\/v2\/users\/1"}],"replies":[{"embeddable":true,"href":"https:\/\/analyse.optim.biz\/index.php?rest_route=%2Fwp%2Fv2%2Fcomments&post=1818176"}],"version-history":[{"count":0,"href":"https:\/\/analyse.optim.biz\/index.php?rest_route=\/wp\/v2\/posts\/1818176\/revisions"}],"wp:attachment":[{"href":"https:\/\/analyse.optim.biz\/index.php?rest_route=%2Fwp%2Fv2%2Fmedia&parent=1818176"}],"wp:term":[{"taxonomy":"category","embeddable":true,"href":"https:\/\/analyse.optim.biz\/index.php?rest_route=%2Fwp%2Fv2%2Fcategories&post=1818176"},{"taxonomy":"post_tag","embeddable":true,"href":"https:\/\/analyse.optim.biz\/index.php?rest_route=%2Fwp%2Fv2%2Ftags&post=1818176"}],"curies":[{"name":"wp","href":"https:\/\/api.w.org\/{rel}","templated":true}]}}