{"id":1818167,"date":"2026-03-10T12:41:00","date_gmt":"2026-03-10T09:41:00","guid":{"rendered":"https:\/\/analyse.optim.biz\/?p=1818167"},"modified":"2026-03-10T12:41:00","modified_gmt":"2026-03-10T09:41:00","slug":"volodimir-zelenski-asteptat-joi-la-bucuresti-pentru-o-intalnire-cu-presedintele-nicusor-dan","status":"publish","type":"post","link":"https:\/\/analyse.optim.biz\/?p=1818167","title":{"rendered":"Volodimir Zelenski, a\u0219teptat joi la Bucure\u0219ti pentru o \u00eent\u00e2lnire cu pre\u0219edintele Nicu\u0219or Dan"},"content":{"rendered":"<p>[analyse_image type=&#8221;featured&#8221; src=&#8221;https:\/\/img.observatornews.ro\/?u=https%3A%2F%2Fobservatornews.ro%2Fuploads%2Fmodules%2Fnews%2F0%2F2026%2F3%2F10%2F648284%2Fsurse-volodimir-zelenski-asteptat-joi-la-bucuresti-pentru-o-694d2ee2.jpg&amp;w=1200&amp;h=630&amp;c=1&#8243;]<\/p>\n<div class=\"articleBody\" data-key=\"articleBody\">Pre\u0219edintele Ucrainei, Volodimir Zelenski, este a\u0219teptat joi \u00een Rom\u00e2nia, \u00een cadrul unei vizite oficiale \u00een timpul c\u0103reia se va \u00eent\u00e2lni cu pre\u0219edintele Nicu\u0219or Dan, au declarat surse diplomatice pentru Observator. Programul nu a fost f\u0103cut public\u00a0din motive de securitate.<\/p>\n<p>Ultima dat\u0103 c\u00e2nd Zelenski a fost la Bucure\u0219ti a fost pe 10 octombrie 2023, c\u00e2nd s-a \u00eent\u00e2lnit cu pre\u0219edintele Klaus Iohannis.<\/p>\n<p>Cei doi pre\u0219edin\u021bi, Nicu\u0219or Dan \u0219i Volodimir Zelenski, s-au \u00eent\u00e2lnit p\u00e2n\u0103 acum \u00een cadrul unor formate interna\u021bionale.<\/p>\n<p>\u015eeful statului a participat \u00een iunie anul trecut la Summitul Ucraina &#8211; Europa de Sud-Est, desf\u0103\u0219urat la Odesa.<\/p>\n<p>Ambasadorul Ucrainei la Bucure\u0219ti a declarat luna trecut\u0103 c\u0103 sper\u0103 ca Nicu\u0219or Dan s\u0103 ajung\u0103 \u00een acest an \u00een vizit\u0103 la Kiev.\n<\/p><\/div>\n<p>[analyse_source url=&#8221;https:\/\/observatornews.ro\/politic\/surse-volodimir-zelenski-asteptat-joi-la-bucuresti-pentru-o-intalnire-cu-presedintele-nicusor-dan-648284.html&#8221;]<\/p>\n","protected":false},"excerpt":{"rendered":"<p>[analyse_image type=&#8221;featured&#8221; src=&#8221;https:\/\/img.observatornews.ro\/?u=https%3A%2F%2Fobservatornews.ro%2Fuploads%2Fmodules%2Fnews%2F0%2F2026%2F3%2F10%2F648284%2Fsurse-volodimir-zelenski-asteptat-joi-la-bucuresti-pentru-o-694d2ee2.jpg&amp;w=1200&amp;h=630&amp;c=1&#8243;] Pre\u0219edintele Ucrainei, Volodimir Zelenski, este a\u0219teptat joi \u00een Rom\u00e2nia, \u00een cadrul unei vizite oficiale \u00een timpul c\u0103reia se va \u00eent\u00e2lni cu pre\u0219edintele Nicu\u0219or Dan, au declarat surse diplomatice pentru Observator. Programul nu a fost f\u0103cut public\u00a0din motive de securitate. Ultima dat\u0103 c\u00e2nd Zelenski a fost la Bucure\u0219ti a fost pe 10 octombrie [&hellip;]<\/p>\n","protected":false},"author":1,"featured_media":0,"comment_status":"open","ping_status":"","sticky":false,"template":"","format":"standard","meta":{"footnotes":""},"categories":[2],"tags":[226,30],"class_list":["post-1818167","post","type-post","status-publish","format-standard","hentry","category-politics","tag-crawlmanager","tag-observatornews-ro"],"_links":{"self":[{"href":"https:\/\/analyse.optim.biz\/index.php?rest_route=\/wp\/v2\/posts\/1818167","targetHints":{"allow":["GET"]}}],"collection":[{"href":"https:\/\/analyse.optim.biz\/index.php?rest_route=\/wp\/v2\/posts"}],"about":[{"href":"https:\/\/analyse.optim.biz\/index.php?rest_route=\/wp\/v2\/types\/post"}],"author":[{"embeddable":true,"href":"https:\/\/analyse.optim.biz\/index.php?rest_route=\/wp\/v2\/users\/1"}],"replies":[{"embeddable":true,"href":"https:\/\/analyse.optim.biz\/index.php?rest_route=%2Fwp%2Fv2%2Fcomments&post=1818167"}],"version-history":[{"count":0,"href":"https:\/\/analyse.optim.biz\/index.php?rest_route=\/wp\/v2\/posts\/1818167\/revisions"}],"wp:attachment":[{"href":"https:\/\/analyse.optim.biz\/index.php?rest_route=%2Fwp%2Fv2%2Fmedia&parent=1818167"}],"wp:term":[{"taxonomy":"category","embeddable":true,"href":"https:\/\/analyse.optim.biz\/index.php?rest_route=%2Fwp%2Fv2%2Fcategories&post=1818167"},{"taxonomy":"post_tag","embeddable":true,"href":"https:\/\/analyse.optim.biz\/index.php?rest_route=%2Fwp%2Fv2%2Ftags&post=1818167"}],"curies":[{"name":"wp","href":"https:\/\/api.w.org\/{rel}","templated":true}]}}