{"id":1817985,"date":"2026-03-09T14:59:17","date_gmt":"2026-03-09T11:59:17","guid":{"rendered":"https:\/\/analyse.optim.biz\/?p=1817985"},"modified":"2026-03-09T14:59:17","modified_gmt":"2026-03-09T11:59:17","slug":"propunere-concreta-aur-vrea-reducerea-tva-la-carburanti","status":"publish","type":"post","link":"https:\/\/analyse.optim.biz\/?p=1817985","title":{"rendered":"Propunere concret\u0103: AUR vrea reducerea TVA la carburan\u021bi"},"content":{"rendered":"<p>[analyse_image type=&#8221;featured&#8221; src=&#8221;https:\/\/gazetadinvest.ro\/wp-content\/uploads\/2026\/01\/AUR.jpg&#8221;]<\/p>\n<div class=\"td-post-content tagdiv-type\">\n<div class=\"td-post-featured-image\"><a href=\"https:\/\/gazetadinvest.ro\/wp-content\/uploads\/2026\/01\/AUR.jpg\" data-caption><img loading=\"lazy\" decoding=\"async\" width=\"696\" height=\"452\" class=\"entry-thumb td-modal-image\" src=\"https:\/\/gazetadinvest.ro\/wp-content\/uploads\/2026\/01\/AUR-696x452.jpg\" alt title=\"AUR\"><\/a><\/div>\n<p><strong>Alian\u021ba pentru Unirea Rom\u00e2nilor (AUR) a anun\u021bat depunerea unei ini\u021biative legislative pentru sc\u0103derea cotei TVA la combustibili. Potrivit ini\u021biatorilor, m\u0103sura propus\u0103 are menirea s\u0103 protejeze agricultorii, antreprenorii, transportatorii \u0219i consumatorii \u00een fa\u021ba scumpirilor \u00een lan\u021b a carburan\u021bilor care se resimt \u00een pre\u021bul alimentelor, serviciilor \u0219i bunurilor.<\/strong><\/p>\n<p>Conform proiectului de lege, prima etap\u0103 care va urma a fi implementat\u0103 \u00een primele trei luni prevede o sc\u0103dere TVA de la 21% la 5%.<\/p>\n<p><em>\u201eAceasta este treapta de urgen\u021b\u0103. D\u0103 un \u0219oc pozitiv economiei exact \u00een momentul de impact maxim. Protejeaz\u0103 imediat consumatorii, fermierii care sunt \u00een plin\u0103 campanie agricol\u0103 de prim\u0103vara \u0219i transportatorii care pl\u0103tesc azi cu 35% mai mult pe motorin\u0103\u201d,<\/em> a declarat deputatul AUR, Florin Popovici.<\/p>\n<p>\u00cencep\u00e2nd din luna a patra, va intra \u00een vigoare ce-a dea doua etap\u0103, respectiv revenirea TVA la 9%.<\/p>\n<p><em>\u201eNu este o scumpire, ci o normalizare. Pre\u021bul r\u0103m\u00e2ne semnificativ sub nivelul cu TVA de 21%. \u00centre timp, boom-ul economic generat de trei luni de TVA la 5% se propag\u0103 deja \u00een economie cu un decalaj de 2-3 luni, deci rom\u00e2nii simt efectul pozitiv tocmai c\u00e2nd se face tranzi\u021bia\u201d,<\/em> a explicat deputatul Florin Popovici.<\/p>\n<p>Deputatul AUR a sus\u021binut, \u00een cadrul unei conferin\u021be de pres\u0103, c\u0103 aceast\u0103 m\u0103sur\u0103 va avea inclusiv un efect anti-infla\u021bionist.<\/p>\n<p><em>\u201eAceast\u0103 m\u0103sur\u0103 are \u0219i un efect anti-infla\u021bionist pentru c\u0103 nu face dec\u00e2t s\u0103 scad\u0103 infla\u021bia cu 0,8 p\u00e2n\u0103 la 2 puncte procentuale, va duce la o cre\u0219tere \u00een PIB de 0,5-0,8% \u00een timp ce datoria r\u0103m\u00e2ne la cota de 56% din PIB\u201d<\/em>, a declarat deputatul AUR.<\/p>\n<p>Acesta a mai atras aten\u021bia c\u0103 \u00een lipsa unei interven\u021bii din partea statului, economia na\u021bional\u0103 risc\u0103 s\u0103 ajung\u0103 \u00een recesiune.<\/p>\n<p><em>\u201eO neinterven\u021bie nu face altceva dec\u00e2t s\u0103 duc\u0103 la o cre\u0219tere a infla\u021biei cu 12-14%,dob\u00e2nzile vor cre\u0219te, implicit, acestea vor antrena o cre\u0219tere a ratelor la credite cu 200 p\u00e2n\u0103 la 400 de lei. Practic, asist\u0103m la o intrare \u00een recesiunea economiei rom\u00e2ne\u0219ti\u201d<\/em>, a ad\u0103ugat Florin Popovici.<\/p>\n<p>Potrivit ini\u021biatorilor, mecanismul propus se reg\u0103se\u0219te aplicat cu succes \u0219i \u00een alte state din Uniunea European\u0103.<\/p>\n<p><em>\u201ePolonia \u00een 2022 a redus TVA la combustibili de la 23% la 8%, o reducere mai agresiv\u0103 dec\u00e2t a noastr\u0103. Germania, Belgia, Spania, Irlanda, toate au aplicat reduceri similare \u00een criza energetic\u0103 din 2022. Comisia Europeana a autorizat fiecare dintre aceste masuri\u201d<\/em>, a mai spus Florin Popovici.<\/p>\n<p><em>\u201eCostul inac\u021biunii este comparabil sau mai mare dec\u00e2t costul acestei m\u0103suri. Dac\u0103 nu se intervine \u0219i barilul ajunge la 120 de dolari, statul economise\u0219te 8-10 miliarde din TVA neredus\u0103, dar pierde tot at\u00e2\u021bia miliarde din \u00eencetinirea economic\u0103\u201d,<\/em> a subliniat deputatul AUR.<\/p>\n<p>Reprezentan\u021bii AUR solicit\u0103 Guvernului Bolojan s\u0103 nu blocheze aceast\u0103 ini\u021biativ\u0103 legislativ\u0103 \u0219i s\u0103 asculte de vocea milioanelor de rom\u00e2ni care pl\u0103tesc aproape 60% din pre\u021bul benzinei doar pe taxe.<\/p>\n<p>Mai multe despre transparen\u021ba acestor articole\u2013&gt;<a href=\"https:\/\/gazetadinvest.ro\/wp-content\/uploads\/2026\/02\/VEDETI-AICI.txt\">VEDE\u021aI AICI<\/a><\/p>\n<\/div>\n<div class=\"td-post-content tagdiv-type\">\n<div class=\"td-post-featured-image\"><a href=\"https:\/\/gazetadinvest.ro\/wp-content\/uploads\/2026\/01\/AUR.jpg\" data-caption><img loading=\"lazy\" decoding=\"async\" width=\"696\" height=\"452\" class=\"entry-thumb td-modal-image\" src=\"https:\/\/gazetadinvest.ro\/wp-content\/uploads\/2026\/01\/AUR-696x452.jpg\" alt title=\"AUR\"><\/a><\/div>\n<p><strong>Alian\u021ba pentru Unirea Rom\u00e2nilor (AUR) a anun\u021bat depunerea unei ini\u021biative legislative pentru sc\u0103derea cotei TVA la combustibili. Potrivit ini\u021biatorilor, m\u0103sura propus\u0103 are menirea s\u0103 protejeze agricultorii, antreprenorii, transportatorii \u0219i consumatorii \u00een fa\u021ba scumpirilor \u00een lan\u021b a carburan\u021bilor care se resimt \u00een pre\u021bul alimentelor, serviciilor \u0219i bunurilor.<\/strong><\/p>\n<p>Conform proiectului de lege, prima etap\u0103 care va urma a fi implementat\u0103 \u00een primele trei luni prevede o sc\u0103dere TVA de la 21% la 5%.<\/p>\n<p><em>\u201eAceasta este treapta de urgen\u021b\u0103. D\u0103 un \u0219oc pozitiv economiei exact \u00een momentul de impact maxim. Protejeaz\u0103 imediat consumatorii, fermierii care sunt \u00een plin\u0103 campanie agricol\u0103 de prim\u0103vara \u0219i transportatorii care pl\u0103tesc azi cu 35% mai mult pe motorin\u0103\u201d,<\/em> a declarat deputatul AUR, Florin Popovici.<\/p>\n<p>\u00cencep\u00e2nd din luna a patra, va intra \u00een vigoare ce-a dea doua etap\u0103, respectiv revenirea TVA la 9%.<\/p>\n<p><em>\u201eNu este o scumpire, ci o normalizare. Pre\u021bul r\u0103m\u00e2ne semnificativ sub nivelul cu TVA de 21%. \u00centre timp, boom-ul economic generat de trei luni de TVA la 5% se propag\u0103 deja \u00een economie cu un decalaj de 2-3 luni, deci rom\u00e2nii simt efectul pozitiv tocmai c\u00e2nd se face tranzi\u021bia\u201d,<\/em> a explicat deputatul Florin Popovici.<\/p>\n<p>Deputatul AUR a sus\u021binut, \u00een cadrul unei conferin\u021be de pres\u0103, c\u0103 aceast\u0103 m\u0103sur\u0103 va avea inclusiv un efect anti-infla\u021bionist.<\/p>\n<p><em>\u201eAceast\u0103 m\u0103sur\u0103 are \u0219i un efect anti-infla\u021bionist pentru c\u0103 nu face dec\u00e2t s\u0103 scad\u0103 infla\u021bia cu 0,8 p\u00e2n\u0103 la 2 puncte procentuale, va duce la o cre\u0219tere \u00een PIB de 0,5-0,8% \u00een timp ce datoria r\u0103m\u00e2ne la cota de 56% din PIB\u201d<\/em>, a declarat deputatul AUR.<\/p>\n<p>Acesta a mai atras aten\u021bia c\u0103 \u00een lipsa unei interven\u021bii din partea statului, economia na\u021bional\u0103 risc\u0103 s\u0103 ajung\u0103 \u00een recesiune.<\/p>\n<p><em>\u201eO neinterven\u021bie nu face altceva dec\u00e2t s\u0103 duc\u0103 la o cre\u0219tere a infla\u021biei cu 12-14%,dob\u00e2nzile vor cre\u0219te, implicit, acestea vor antrena o cre\u0219tere a ratelor la credite cu 200 p\u00e2n\u0103 la 400 de lei. Practic, asist\u0103m la o intrare \u00een recesiunea economiei rom\u00e2ne\u0219ti\u201d<\/em>, a ad\u0103ugat Florin Popovici.<\/p>\n<p>Potrivit ini\u021biatorilor, mecanismul propus se reg\u0103se\u0219te aplicat cu succes \u0219i \u00een alte state din Uniunea European\u0103.<\/p>\n<p><em>\u201ePolonia \u00een 2022 a redus TVA la combustibili de la 23% la 8%, o reducere mai agresiv\u0103 dec\u00e2t a noastr\u0103. Germania, Belgia, Spania, Irlanda, toate au aplicat reduceri similare \u00een criza energetic\u0103 din 2022. Comisia Europeana a autorizat fiecare dintre aceste masuri\u201d<\/em>, a mai spus Florin Popovici.<\/p>\n<p><em>\u201eCostul inac\u021biunii este comparabil sau mai mare dec\u00e2t costul acestei m\u0103suri. Dac\u0103 nu se intervine \u0219i barilul ajunge la 120 de dolari, statul economise\u0219te 8-10 miliarde din TVA neredus\u0103, dar pierde tot at\u00e2\u021bia miliarde din \u00eencetinirea economic\u0103\u201d,<\/em> a subliniat deputatul AUR.<\/p>\n<p>Reprezentan\u021bii AUR solicit\u0103 Guvernului Bolojan s\u0103 nu blocheze aceast\u0103 ini\u021biativ\u0103 legislativ\u0103 \u0219i s\u0103 asculte de vocea milioanelor de rom\u00e2ni care pl\u0103tesc aproape 60% din pre\u021bul benzinei doar pe taxe.<\/p>\n<p>Mai multe despre transparen\u021ba acestor articole\u2013&gt;<a href=\"https:\/\/gazetadinvest.ro\/wp-content\/uploads\/2026\/02\/VEDETI-AICI.txt\">VEDE\u021aI AICI<\/a><\/p>\n<\/div>\n<p>[analyse_source url=&#8221;https:\/\/gazetadinvest.ro\/propunere-concreta-aur-vrea-reducerea-tva-la-carburanti\/&#8221;]<\/p>\n","protected":false},"excerpt":{"rendered":"<p>[analyse_image type=&#8221;featured&#8221; src=&#8221;https:\/\/gazetadinvest.ro\/wp-content\/uploads\/2026\/01\/AUR.jpg&#8221;] Alian\u021ba pentru Unirea Rom\u00e2nilor (AUR) a anun\u021bat depunerea unei ini\u021biative legislative pentru sc\u0103derea cotei TVA la combustibili. Potrivit ini\u021biatorilor, m\u0103sura propus\u0103 are menirea s\u0103 protejeze agricultorii, antreprenorii, transportatorii \u0219i consumatorii \u00een fa\u021ba scumpirilor \u00een lan\u021b a carburan\u021bilor care se resimt \u00een pre\u021bul alimentelor, serviciilor \u0219i bunurilor. Conform proiectului de lege, prima etap\u0103 [&hellip;]<\/p>\n","protected":false},"author":1,"featured_media":0,"comment_status":"open","ping_status":"","sticky":false,"template":"","format":"standard","meta":{"footnotes":""},"categories":[89],"tags":[226,203],"class_list":["post-1817985","post","type-post","status-publish","format-standard","hentry","category-romania","tag-crawlmanager","tag-gazetadinvest-ro"],"_links":{"self":[{"href":"https:\/\/analyse.optim.biz\/index.php?rest_route=\/wp\/v2\/posts\/1817985","targetHints":{"allow":["GET"]}}],"collection":[{"href":"https:\/\/analyse.optim.biz\/index.php?rest_route=\/wp\/v2\/posts"}],"about":[{"href":"https:\/\/analyse.optim.biz\/index.php?rest_route=\/wp\/v2\/types\/post"}],"author":[{"embeddable":true,"href":"https:\/\/analyse.optim.biz\/index.php?rest_route=\/wp\/v2\/users\/1"}],"replies":[{"embeddable":true,"href":"https:\/\/analyse.optim.biz\/index.php?rest_route=%2Fwp%2Fv2%2Fcomments&post=1817985"}],"version-history":[{"count":0,"href":"https:\/\/analyse.optim.biz\/index.php?rest_route=\/wp\/v2\/posts\/1817985\/revisions"}],"wp:attachment":[{"href":"https:\/\/analyse.optim.biz\/index.php?rest_route=%2Fwp%2Fv2%2Fmedia&parent=1817985"}],"wp:term":[{"taxonomy":"category","embeddable":true,"href":"https:\/\/analyse.optim.biz\/index.php?rest_route=%2Fwp%2Fv2%2Fcategories&post=1817985"},{"taxonomy":"post_tag","embeddable":true,"href":"https:\/\/analyse.optim.biz\/index.php?rest_route=%2Fwp%2Fv2%2Ftags&post=1817985"}],"curies":[{"name":"wp","href":"https:\/\/api.w.org\/{rel}","templated":true}]}}