{"id":1817983,"date":"2026-03-09T15:38:37","date_gmt":"2026-03-09T12:38:37","guid":{"rendered":"https:\/\/analyse.optim.biz\/?p=1817983"},"modified":"2026-03-09T15:38:37","modified_gmt":"2026-03-09T12:38:37","slug":"petrisor-peiu-liderul-senatorilor-aur-romania-este-nepregatita-pentru-criza-energetica-care-se-amplifica-pe-fondul-conflictului-din-iran","status":"publish","type":"post","link":"https:\/\/analyse.optim.biz\/?p=1817983","title":{"rendered":"Petri\u0219or Peiu (liderul senatorilor AUR): \u201eRom\u00e2nia este nepreg\u0103tit\u0103 pentru criza energetic\u0103 care se amplific\u0103 pe fondul conflictului din Iran\u201d"},"content":{"rendered":"<p>[analyse_image type=&#8221;featured&#8221; src=&#8221;https:\/\/gazetadinvest.ro\/wp-content\/uploads\/2026\/03\/Petrisor-Peiu-AUR.jpeg&#8221;]<\/p>\n<div class=\"td-post-content tagdiv-type\">\n<div class=\"td-post-featured-image\"><a href=\"https:\/\/gazetadinvest.ro\/wp-content\/uploads\/2026\/03\/Petrisor-Peiu-AUR.jpeg\" data-caption><img loading=\"lazy\" decoding=\"async\" width=\"696\" height=\"734\" class=\"entry-thumb td-modal-image\" src=\"https:\/\/gazetadinvest.ro\/wp-content\/uploads\/2026\/03\/Petrisor-Peiu-AUR-696x734.jpeg\" alt title=\"Petrisor-Peiu AUR\"><\/a><\/div>\n<p><strong>\u00cen cadrul unei conferin\u021be de pres\u0103 sus\u021binute la Parlament, liderul senatorilor AUR, Petri\u0219or Peiu, a avertizat c\u0103 Rom\u00e2nia se confrunt\u0103 cu o nou\u0103 criz\u0103 economic\u0103 \u0219i energetic\u0103 generat\u0103 de escaladarea conflictului din Orientul Mijlociu \u0219i de lipsa de preg\u0103tire a autorit\u0103\u021bilor rom\u00e2ne.<\/strong><\/p>\n<p>Potrivit acestuia, tensiunile din regiune au \u00eenceput deja s\u0103 produc\u0103 efecte pe pie\u021bele interna\u021bionale, unde se \u00eenregistreaz\u0103 cre\u0219teri semnificative ale pre\u021burilor la energie.<\/p>\n<p>\u201eSubiectul central al acestor zile este criza economic\u0103 care se prefigureaz\u0103 \u0219i care \u00eencepe s\u0103 se dezvolte ca urmare a conflictului din Iran. Vedem deja evolu\u021bii foarte clare ale indicatorilor energetici. Pre\u021bul \u021bi\u021beiului Brent a ajuns la 107 dolari pe baril, iar acum se situeaz\u0103 \u00eentre 104 \u0219i 105 dolari. De asemenea, \u021bi\u021beiul Ural era vineri la 91 de dolari pe baril \u0219i probabil c\u0103 ast\u0103zi va fi mult mai mare\u201d, a declarat liderul senatorilor AUR.<\/p>\n<p>Acesta a atras aten\u021bia c\u0103 \u0219i pre\u021bul gazelor naturale tranzac\u021bionate pe bursa de la Amsterdam a crescut rapid, de la 54 de euro pe megawatt\/or\u0103 diminea\u021ba la aproximativ 62\u201363 de euro pe megawatt\/or\u0103 \u00een cursul zilei.<\/p>\n<p>\u00cen opinia lui Petri\u0219or Peiu, aceste evolu\u021bii arat\u0103 c\u0103 o criz\u0103 energetic\u0103 global\u0103 este deja \u00een curs de dezvoltare, \u00eens\u0103 Rom\u00e2nia este prins\u0103 nepreg\u0103tit\u0103.<\/p>\n<p>\u201eAm vrut s\u0103 vedem \u00een acest context ce a f\u0103cut guvernul pentru a se preg\u0103ti de o criz\u0103 care se anun\u021ba de mult timp. De luni de zile se vorbe\u0219te despre posibilitatea unei interven\u021bii americane \u0219i israeliene \u00een Iran, iar acum vedem c\u0103 s-a \u00eent\u00e2mplat. Din p\u0103cate, guvernul nu a f\u0103cut nimic pentru a preg\u0103ti economia rom\u00e2neasc\u0103 pentru aceast\u0103 situa\u021bie\u201d, a afirmat acesta.<\/p>\n<p>Liderul senatorilor AUR a prezentat o serie de \u00eent\u00e2rzieri majore \u00een sectorul energetic care, \u00een opinia sa, vulnerabilizeaz\u0103 Rom\u00e2nia \u00een fa\u021ba unei crize energetice globale. Printre acestea se num\u0103r\u0103 \u00eent\u00e2rzierile la centralele de la Turceni \u0219i I\u0219alni\u021ba, care nu au nici m\u0103car constructorul desemnat dup\u0103 cinci ani, precum \u0219i faptul c\u0103 centrala de la Iernut nu este finalizat\u0103 dup\u0103 o \u00eent\u00e2rziere de \u0219apte ani.<\/p>\n<p>Totodat\u0103, centrala de la Mintia nu este func\u021bional\u0103, de\u0219i turbina pentru primul grup energetic este deja adus\u0103, iar conexiunea la alimentarea cu gaze nu a fost realizat\u0103.<\/p>\n<p>\u201eLa 31 august 2026 dispar toate carierele de lignit \u0219i toate grupurile energetice pe lignit de la Complexul Energetic Oltenia. \u00cen acela\u0219i timp, centralele cu pompaj invers, despre care se vorbe\u0219te de ani de zile, nu au stabilit nici m\u0103car constructorul\u201d, a subliniat senatorul, Petri\u0219or Peiu.<\/p>\n<p>Acesta a atras aten\u021bia c\u0103 situa\u021bia se va complica \u0219i mai mult \u00een perioada urm\u0103toare, deoarece reactorul 1 de la Cernavod\u0103 va intra \u00een modernizare, ceea ce va scoate din sistem aproximativ 740 de megawa\u021bi.<\/p>\n<p>De asemenea, liderul senatorilor AUR a criticat faptul c\u0103 mai multe hidrocentrale aflate \u00eentr-un stadiu de finalizare de peste 90% nu au fost finalizate, inclusiv dou\u0103 pe Jiu \u0219i una pe Mure\u0219.<\/p>\n<p>\u00cen ceea ce prive\u0219te sectorul gazelor naturale, Petri\u0219or Peiu a subliniat c\u0103 exploatarea z\u0103c\u0103m\u00e2ntului Neptun Deep nu a \u00eenceput \u00eenc\u0103, iar licen\u021ba de explorare a fost prelungit\u0103 cu doi ani. Totodat\u0103, produc\u021bia de gaz provenit\u0103 de la Black Sea Oil &amp; Gas este exportat\u0103 \u00een Bulgaria \u00een baza unui contract pe 10 ani, \u00een timp ce pentru z\u0103c\u0103m\u00e2ntul de la Caragele nu a \u00eenceput niciun program de explorare.<\/p>\n<p>Problemele se reg\u0103sesc \u0219i \u00een sectorul rafin\u0103rii. Potrivit liderului senatorilor AUR, rafin\u0103ria Petrotel Lukoil este \u00eenchis\u0103, iar statul rom\u00e2n nu are o solu\u021bie pentru aceast\u0103 situa\u021bie. \u00cen plus, rafin\u0103ria Petromidia este \u0219i ea \u00eenchis\u0103 de mai multe luni \u0219i are datorii de aproximativ 1,6 miliarde de euro.<\/p>\n<p>\u201eRafin\u0103ria de la Pite\u0219ti este \u00eenchis\u0103 din 2010 \u0219i am r\u0103mas practic cu o singur\u0103 rafin\u0103rie func\u021bional\u0103, la Brazi. \u00cen aceste condi\u021bii, criza din Rom\u00e2nia se va manifesta \u00een primul r\u00e2nd pe pia\u021ba motorinei, unde depindem puternic de importuri\u201d, a explicat Peiu.<\/p>\n<p>Acesta a avertizat c\u0103 economia rom\u00e2neasc\u0103 intr\u0103 \u00eentr-o perioad\u0103 extrem de dificil\u0103, \u00een care criza energetic\u0103 global\u0103 se suprapune peste o contrac\u021bie economic\u0103 intern\u0103.<\/p>\n<p>\u201eAvem deja o contrac\u021bie economic\u0103 de 1,9% \u00een trimestrul patru al anului trecut, care se adaug\u0103 altor trimestre cu sc\u0103dere. Suntem din nou \u00een contrac\u021bie \u0219i \u00een primul trimestru al acestui an. Practic, peste criza economic\u0103 intern\u0103 se suprapune acum o criz\u0103 energetic\u0103 interna\u021bional\u0103 extrem de agresiv\u0103\u201d, a spus liderul senatorilor AUR.<\/p>\n<p>\u00cen acest context, AUR consider\u0103 c\u0103 guvernul trebuie s\u0103 adopte urgent m\u0103suri pentru a limita efectele stagfla\u021biei, combina\u021bia periculoas\u0103 dintre recesiune economic\u0103 \u0219i infla\u021bie ridicat\u0103, \u0219i pentru a reduce impactul scumpirilor asupra economiei rom\u00e2ne\u0219ti.<\/p>\n<p>Despre transparen\u021ba acestui articol\u2013&gt;<a href=\"https:\/\/gazetadinvest.ro\/wp-content\/uploads\/2026\/02\/VEDETI-AICI.txt\">VEDE\u021aI AICI<\/a><\/p>\n<\/div>\n<div class=\"td-post-content tagdiv-type\">\n<div class=\"td-post-featured-image\"><a href=\"https:\/\/gazetadinvest.ro\/wp-content\/uploads\/2026\/03\/Petrisor-Peiu-AUR.jpeg\" data-caption><img loading=\"lazy\" decoding=\"async\" width=\"696\" height=\"734\" class=\"entry-thumb td-modal-image\" src=\"https:\/\/gazetadinvest.ro\/wp-content\/uploads\/2026\/03\/Petrisor-Peiu-AUR-696x734.jpeg\" alt title=\"Petrisor-Peiu AUR\"><\/a><\/div>\n<p><strong>\u00cen cadrul unei conferin\u021be de pres\u0103 sus\u021binute la Parlament, liderul senatorilor AUR, Petri\u0219or Peiu, a avertizat c\u0103 Rom\u00e2nia se confrunt\u0103 cu o nou\u0103 criz\u0103 economic\u0103 \u0219i energetic\u0103 generat\u0103 de escaladarea conflictului din Orientul Mijlociu \u0219i de lipsa de preg\u0103tire a autorit\u0103\u021bilor rom\u00e2ne.<\/strong><\/p>\n<p>Potrivit acestuia, tensiunile din regiune au \u00eenceput deja s\u0103 produc\u0103 efecte pe pie\u021bele interna\u021bionale, unde se \u00eenregistreaz\u0103 cre\u0219teri semnificative ale pre\u021burilor la energie.<\/p>\n<p>\u201eSubiectul central al acestor zile este criza economic\u0103 care se prefigureaz\u0103 \u0219i care \u00eencepe s\u0103 se dezvolte ca urmare a conflictului din Iran. Vedem deja evolu\u021bii foarte clare ale indicatorilor energetici. Pre\u021bul \u021bi\u021beiului Brent a ajuns la 107 dolari pe baril, iar acum se situeaz\u0103 \u00eentre 104 \u0219i 105 dolari. De asemenea, \u021bi\u021beiul Ural era vineri la 91 de dolari pe baril \u0219i probabil c\u0103 ast\u0103zi va fi mult mai mare\u201d, a declarat liderul senatorilor AUR.<\/p>\n<p>Acesta a atras aten\u021bia c\u0103 \u0219i pre\u021bul gazelor naturale tranzac\u021bionate pe bursa de la Amsterdam a crescut rapid, de la 54 de euro pe megawatt\/or\u0103 diminea\u021ba la aproximativ 62\u201363 de euro pe megawatt\/or\u0103 \u00een cursul zilei.<\/p>\n<p>\u00cen opinia lui Petri\u0219or Peiu, aceste evolu\u021bii arat\u0103 c\u0103 o criz\u0103 energetic\u0103 global\u0103 este deja \u00een curs de dezvoltare, \u00eens\u0103 Rom\u00e2nia este prins\u0103 nepreg\u0103tit\u0103.<\/p>\n<p>\u201eAm vrut s\u0103 vedem \u00een acest context ce a f\u0103cut guvernul pentru a se preg\u0103ti de o criz\u0103 care se anun\u021ba de mult timp. De luni de zile se vorbe\u0219te despre posibilitatea unei interven\u021bii americane \u0219i israeliene \u00een Iran, iar acum vedem c\u0103 s-a \u00eent\u00e2mplat. Din p\u0103cate, guvernul nu a f\u0103cut nimic pentru a preg\u0103ti economia rom\u00e2neasc\u0103 pentru aceast\u0103 situa\u021bie\u201d, a afirmat acesta.<\/p>\n<p>Liderul senatorilor AUR a prezentat o serie de \u00eent\u00e2rzieri majore \u00een sectorul energetic care, \u00een opinia sa, vulnerabilizeaz\u0103 Rom\u00e2nia \u00een fa\u021ba unei crize energetice globale. Printre acestea se num\u0103r\u0103 \u00eent\u00e2rzierile la centralele de la Turceni \u0219i I\u0219alni\u021ba, care nu au nici m\u0103car constructorul desemnat dup\u0103 cinci ani, precum \u0219i faptul c\u0103 centrala de la Iernut nu este finalizat\u0103 dup\u0103 o \u00eent\u00e2rziere de \u0219apte ani.<\/p>\n<p>Totodat\u0103, centrala de la Mintia nu este func\u021bional\u0103, de\u0219i turbina pentru primul grup energetic este deja adus\u0103, iar conexiunea la alimentarea cu gaze nu a fost realizat\u0103.<\/p>\n<p>\u201eLa 31 august 2026 dispar toate carierele de lignit \u0219i toate grupurile energetice pe lignit de la Complexul Energetic Oltenia. \u00cen acela\u0219i timp, centralele cu pompaj invers, despre care se vorbe\u0219te de ani de zile, nu au stabilit nici m\u0103car constructorul\u201d, a subliniat senatorul, Petri\u0219or Peiu.<\/p>\n<p>Acesta a atras aten\u021bia c\u0103 situa\u021bia se va complica \u0219i mai mult \u00een perioada urm\u0103toare, deoarece reactorul 1 de la Cernavod\u0103 va intra \u00een modernizare, ceea ce va scoate din sistem aproximativ 740 de megawa\u021bi.<\/p>\n<p>De asemenea, liderul senatorilor AUR a criticat faptul c\u0103 mai multe hidrocentrale aflate \u00eentr-un stadiu de finalizare de peste 90% nu au fost finalizate, inclusiv dou\u0103 pe Jiu \u0219i una pe Mure\u0219.<\/p>\n<p>\u00cen ceea ce prive\u0219te sectorul gazelor naturale, Petri\u0219or Peiu a subliniat c\u0103 exploatarea z\u0103c\u0103m\u00e2ntului Neptun Deep nu a \u00eenceput \u00eenc\u0103, iar licen\u021ba de explorare a fost prelungit\u0103 cu doi ani. Totodat\u0103, produc\u021bia de gaz provenit\u0103 de la Black Sea Oil &amp; Gas este exportat\u0103 \u00een Bulgaria \u00een baza unui contract pe 10 ani, \u00een timp ce pentru z\u0103c\u0103m\u00e2ntul de la Caragele nu a \u00eenceput niciun program de explorare.<\/p>\n<p>Problemele se reg\u0103sesc \u0219i \u00een sectorul rafin\u0103rii. Potrivit liderului senatorilor AUR, rafin\u0103ria Petrotel Lukoil este \u00eenchis\u0103, iar statul rom\u00e2n nu are o solu\u021bie pentru aceast\u0103 situa\u021bie. \u00cen plus, rafin\u0103ria Petromidia este \u0219i ea \u00eenchis\u0103 de mai multe luni \u0219i are datorii de aproximativ 1,6 miliarde de euro.<\/p>\n<p>\u201eRafin\u0103ria de la Pite\u0219ti este \u00eenchis\u0103 din 2010 \u0219i am r\u0103mas practic cu o singur\u0103 rafin\u0103rie func\u021bional\u0103, la Brazi. \u00cen aceste condi\u021bii, criza din Rom\u00e2nia se va manifesta \u00een primul r\u00e2nd pe pia\u021ba motorinei, unde depindem puternic de importuri\u201d, a explicat Peiu.<\/p>\n<p>Acesta a avertizat c\u0103 economia rom\u00e2neasc\u0103 intr\u0103 \u00eentr-o perioad\u0103 extrem de dificil\u0103, \u00een care criza energetic\u0103 global\u0103 se suprapune peste o contrac\u021bie economic\u0103 intern\u0103.<\/p>\n<p>\u201eAvem deja o contrac\u021bie economic\u0103 de 1,9% \u00een trimestrul patru al anului trecut, care se adaug\u0103 altor trimestre cu sc\u0103dere. Suntem din nou \u00een contrac\u021bie \u0219i \u00een primul trimestru al acestui an. Practic, peste criza economic\u0103 intern\u0103 se suprapune acum o criz\u0103 energetic\u0103 interna\u021bional\u0103 extrem de agresiv\u0103\u201d, a spus liderul senatorilor AUR.<\/p>\n<p>\u00cen acest context, AUR consider\u0103 c\u0103 guvernul trebuie s\u0103 adopte urgent m\u0103suri pentru a limita efectele stagfla\u021biei, combina\u021bia periculoas\u0103 dintre recesiune economic\u0103 \u0219i infla\u021bie ridicat\u0103, \u0219i pentru a reduce impactul scumpirilor asupra economiei rom\u00e2ne\u0219ti.<\/p>\n<p>Despre transparen\u021ba acestui articol\u2013&gt;<a href=\"https:\/\/gazetadinvest.ro\/wp-content\/uploads\/2026\/02\/VEDETI-AICI.txt\">VEDE\u021aI AICI<\/a><\/p>\n<\/div>\n<p>[analyse_source url=&#8221;https:\/\/gazetadinvest.ro\/petrisor-peiu-liderul-senatorilor-aur-romania-este-nepregatita-pentru-criza-energetica-care-se-amplifica-pe-fondul-conflictului-din-iran\/&#8221;]<\/p>\n","protected":false},"excerpt":{"rendered":"<p>[analyse_image type=&#8221;featured&#8221; src=&#8221;https:\/\/gazetadinvest.ro\/wp-content\/uploads\/2026\/03\/Petrisor-Peiu-AUR.jpeg&#8221;] \u00cen cadrul unei conferin\u021be de pres\u0103 sus\u021binute la Parlament, liderul senatorilor AUR, Petri\u0219or Peiu, a avertizat c\u0103 Rom\u00e2nia se confrunt\u0103 cu o nou\u0103 criz\u0103 economic\u0103 \u0219i energetic\u0103 generat\u0103 de escaladarea conflictului din Orientul Mijlociu \u0219i de lipsa de preg\u0103tire a autorit\u0103\u021bilor rom\u00e2ne. Potrivit acestuia, tensiunile din regiune au \u00eenceput deja s\u0103 produc\u0103 [&hellip;]<\/p>\n","protected":false},"author":1,"featured_media":0,"comment_status":"open","ping_status":"","sticky":false,"template":"","format":"standard","meta":{"footnotes":""},"categories":[89],"tags":[226,203],"class_list":["post-1817983","post","type-post","status-publish","format-standard","hentry","category-romania","tag-crawlmanager","tag-gazetadinvest-ro"],"_links":{"self":[{"href":"https:\/\/analyse.optim.biz\/index.php?rest_route=\/wp\/v2\/posts\/1817983","targetHints":{"allow":["GET"]}}],"collection":[{"href":"https:\/\/analyse.optim.biz\/index.php?rest_route=\/wp\/v2\/posts"}],"about":[{"href":"https:\/\/analyse.optim.biz\/index.php?rest_route=\/wp\/v2\/types\/post"}],"author":[{"embeddable":true,"href":"https:\/\/analyse.optim.biz\/index.php?rest_route=\/wp\/v2\/users\/1"}],"replies":[{"embeddable":true,"href":"https:\/\/analyse.optim.biz\/index.php?rest_route=%2Fwp%2Fv2%2Fcomments&post=1817983"}],"version-history":[{"count":0,"href":"https:\/\/analyse.optim.biz\/index.php?rest_route=\/wp\/v2\/posts\/1817983\/revisions"}],"wp:attachment":[{"href":"https:\/\/analyse.optim.biz\/index.php?rest_route=%2Fwp%2Fv2%2Fmedia&parent=1817983"}],"wp:term":[{"taxonomy":"category","embeddable":true,"href":"https:\/\/analyse.optim.biz\/index.php?rest_route=%2Fwp%2Fv2%2Fcategories&post=1817983"},{"taxonomy":"post_tag","embeddable":true,"href":"https:\/\/analyse.optim.biz\/index.php?rest_route=%2Fwp%2Fv2%2Ftags&post=1817983"}],"curies":[{"name":"wp","href":"https:\/\/api.w.org\/{rel}","templated":true}]}}