{"id":1817742,"date":"2026-03-10T10:56:50","date_gmt":"2026-03-10T07:56:50","guid":{"rendered":"https:\/\/analyse.optim.biz\/?p=1817742"},"modified":"2026-03-10T10:56:50","modified_gmt":"2026-03-10T07:56:50","slug":"bookfest-anunta-un-spectacol-literar-la-timisoara","status":"publish","type":"post","link":"https:\/\/analyse.optim.biz\/?p=1817742","title":{"rendered":"Bookfest anun\u021b\u0103 un spectacol literar la Timi\u0219oara"},"content":{"rendered":"<p>[analyse_image type=&#8221;featured&#8221; src=&#8221;https:\/\/www.banatulazi.ro\/wp-content\/uploads\/2026\/03\/vizual_landscape_Bookfest_TM_2026.png&#8221;]<\/p>\n<div class=\"td_block_wrap tdb_single_content tdi_64 td-pb-border-top td_block_template_1 td-post-content tagdiv-type\" data-td-block-uid=\"tdi_64\">\n<div class=\"tdb-block-inner td-fix-index\">\n<ul>\n<li><strong>Salonul de Carte Bookfest revine la Timi\u0219oara, de pe 19 p\u00e2n\u0103 pe 22 martie, la Centrul Regional de Afaceri (CRAFT)<\/strong><\/li>\n<li><strong>Vizitatorii sunt a\u0219tepta\u021bi cu circa 60 de lans\u0103ri de carte, autori celebri \u0219i cele mai bune c\u0103r\u021bi ale prim\u0103verii, la pre\u021buri promo\u021bionale <\/strong><\/li>\n<li><strong>Ioana P\u00e2rvulescu, Denisa Com\u0103nescu, Gabriel Liiceanu, Radu Paraschivescu, Cristian Preda, Adelin Petri\u0219or, Bogdan-Alexandru St\u0103nescu, Dan-Liviu Boeriu, Dan Alexe, Iulian Bocai, Radu Vancu sunt doar c\u00e2\u021biva dintre scriitorii cu care se vor putea \u00eent\u00e2lni cititorii timi\u0219oreni la Bookfest<\/strong><\/li>\n<\/ul>\n<p><strong>\u00a0<\/strong><\/p>\n<p>Au r\u0103mas doar nou\u0103 zile p\u00e2n\u0103 ce <strong>Salonul de Carte Bookfest Timi\u0219oara<\/strong> va aduce din nou al\u0103turi iubitorii de literatur\u0103: cititori, scriitori, traduc\u0103tori \u0219i editori. Cele <strong>peste 60 de evenimente<\/strong> organizate cu prilejul celei de-<strong>a treisprezecea edi\u021bii<\/strong> Bookfest Timi\u0219oara vor avea loc \u00een acest an \u00een perioada <strong>19 \u2013 22 martie<\/strong>, la <strong>Centrul Regional de Afaceri <\/strong>(CRAFT), <strong>intrarea publicului fiind, ca de obicei, liber\u0103<\/strong>.<\/p>\n<p><strong>Ioana P\u00e2rvulescu, Denisa Com\u0103nescu, Gabriel Liiceanu, Radu Paraschivescu, Cristian Preda, Adelin Petri\u0219or, Bogdan-Alexandru St\u0103nescu, Dan-Liviu Boeriu, Dan Alexe, Iulian Bocai<\/strong> \u0219i <strong>Radu Vancu<\/strong> sunt doar c\u00e2teva dintre cele c\u00e2teva zeci de personalit\u0103\u021bi culturale care \u00eei a\u0219teapt\u0103 pe vizitatorii Bookfest \u00een cele patru zile consacrate s\u0103rb\u0103torii c\u0103r\u021bii \u0219i culturii scrise.<\/p>\n<p>Editurile au preg\u0103tit pachete de reduceri \u0219i oferte speciale pe toat\u0103 durata evenimentului \u0219i multe alte surprize, pentru cei care le vor vizita standurile. Printre editurile reprezentative pe care le ve\u021bi putea \u00eent\u00e2lni la aceast\u0103 edi\u021bie se num\u0103r\u0103: <strong>editura Academiei Rom\u00e2ne, Aranca, ARI, Grupul Editorial ART, Art Encounters &amp; La Dou\u0103 Bufni\u021be, Asocia\u021bia Liga Albanezilor, Asocia\u021bia Macedonenilor, Bookbite, Bookzone, Brumar, Cartego, Casa, Grupul Editorial Corint, Crime Scene Press, Curtea Veche Publishing, Datagroup, Didactica Publishing House, Funda\u021bia GBV Rom\u00e2nia, Gama, Herald, Humanitas \u0219i Humanitas Fiction, Ink Story, Junimea, Leb\u0103da Neagr\u0103, Grupul Editorial Litera, Mega, Nemira Publishing, Niculescu, Nomina, Paralela 45, Polirom, Proema, Ratio et Revelatio, Sens, Trei, editura Universit\u0103\u021bii de Vest, editura Universit\u0103\u021bii de Vest \u201eVasile Goldi\u0219\u201d din Arad, editura Politehnica, Zupia<\/strong>.<\/p>\n<p><a href=\"https:\/\/www.banatulazi.ro\/wp-content\/uploads\/2026\/03\/vizual_portrait_Bookfest_TM_2026.png\"><img loading=\"lazy\" decoding=\"async\" class=\"size-full wp-image-408294 aligncenter\" src=\"https:\/\/www.banatulazi.ro\/wp-content\/uploads\/2026\/03\/vizual_portrait_Bookfest_TM_2026.png\" alt width=\"1369\" height=\"1920\"><\/a><\/p>\n<p><strong><em>De ce privim \u00een direc\u021bia gre\u0219it\u0103?<\/em><\/strong><\/p>\n<p>Chiar din prima zi a Salonului de Carte, de la ora <strong>13<\/strong>, <strong>editura Brumar <\/strong>a invitat elevii de la Colegiul Na\u021bional Pedagogic \u201eCarmen Sylva\u201d s\u0103 participe, \u00een cadrul proiectului <em>Pe urmele Revolu\u021biei,<\/em> la o discu\u021bie cu <strong>Aneta Gabor<\/strong> \u0219i <strong>Sorin Coda\u021b<\/strong>, moderator fiind directoarea editurii, <strong>Loredana T\u00eerzioru<\/strong>. De la ora <strong>17<\/strong>, aceea\u0219i editur\u0103 \u00eel prezint\u0103 pe pre\u0219edintele Societ\u0103\u021bii \u201dTimi\u0219oara\u201d, <strong>Florian Mihalcea,<\/strong> care \u00ee\u0219i va lansa volumele <em>7 povestiri despre sf\u00e2r\u0219itul lumii<\/em> \u0219i <em>Poezie mecanic\u0103<\/em>, av\u00e2ndu-i ca invita\u021bi pe <strong>Viorel Marineasa<\/strong> \u0219i <strong>Marcel Tolcea<\/strong>.<\/p>\n<p>A doua zi a Salonului aduce o agend\u0103 dens\u0103 de evenimente editoriale, primele dintre ele fiind consacrate copiilor. Astfel, de la <strong>12.30<\/strong>, <strong>editura Casa<\/strong> \u00eei a\u0219teapt\u0103 pe cei mici la lansarea volumelor <em>Salut, Maiestate <\/em>\u0219i <em>Hai s\u0103 vede\u021bi minunea, <\/em>scrise de Erzsi Kert\u00e9sz \u0219i traduse \u00een limba rom\u00e2n\u0103 de <strong>Ildik\u00f3 G\u00e1bos-Foar\u021b\u0103<\/strong>. Al\u0103turi de traduc\u0103toare se va afla <strong>Emese Cr\u0103ciun-B\u00f6k\u00f6s<\/strong>, editorul celor dou\u0103 c\u0103r\u021bi din seria <em>\u0218coala din strada \u00cempiedicat\u0103<\/em>. Apoi, de la <strong>13.30<\/strong>, cei mai mici dintre cititori sunt invita\u021bi de <strong>editura Humanitas Junior<\/strong> la lansarea celui mai recent roman al Dorotheei Ko, <em>\u021aara soarelui pe dos. Prim\u0103vara. Mic ghid de cultur\u0103 japonez\u0103, <\/em>eveniment care va fi g\u0103zduit de <strong>Florentina Iv\u0103nescu<\/strong>, <strong>Mircea Dragu <\/strong>\u0219i <strong>Gabriela Maaz<\/strong><em>. <\/em>Copiii vor face cuno\u0219tin\u021b\u0103 cu Maxi, al\u0103turi de care vor descoperi descoperi o mul\u021bime de lucruri interesante despre tradi\u021biile \u0219i obiceiurile din arhipelag, despre cultura urban\u0103, despre ce fac elevii japonezi la \u0219coal\u0103, ce sporturi practic\u0103, care sunt dulciurile lor preferate, ce anime \u0219i manga le plac \u0219i c\u00e2te \u0219i mai c\u00e2te.<\/p>\n<p>\u00cencep\u00e2nd cu ora <strong>16<\/strong>, <strong>editura Humanitas<\/strong> invit\u0103 publicul la o conferin\u021b\u0103 pornind de la cel mai recent volum semnat de <strong>Valentin Constantin<\/strong>, <em>De ce privim \u00een direc\u021bia gre\u0219it\u0103. <\/em>Cu o voce care aminte\u0219te de tradi\u021bia marilor morali\u0219ti europeni, Valentin Constantin prive\u0219te cu luciditate spre mecanismele puterii, spre provincialismele care ne modeleaz\u0103 f\u0103r\u0103 s\u0103 \u0219tim, spre felul \u00een care ne pierdem spiritul critic \u0219i spre fragilitatea valorilor pe care pretindem c\u0103 le ap\u0103r\u0103m.<\/p>\n<p><strong>Radu Paraschivescu, ghid prin istoria F.C. Liverpool<\/strong><\/p>\n<p>De la ora <strong>17.30, editura Leb\u0103da Neagr\u0103 <\/strong>propune un eveniment despre sport \u0219i cultur\u0103 \u2013\u00a0 <em>Anatomia lui Liverpool<\/em> de Jonathan Wilson \u0219i Scott Murray (traducere de Radu Paraschivescu) traseaz\u0103 istoria clubului prin zece meciuri-reper, incluz\u00e2nd at\u00e2t victorii, c\u00e2t \u0219i dramele de la marginea gazonului.<\/p>\n<p>\u00cencep\u00e2nd cu ora <strong>18, editura Humanitas <\/strong>\u00eel aduce \u00een fa\u021ba publicului pe scriitorul <strong>Gabriel Liiceanu, <\/strong>\u00een cadrul unui eveniment special. Acesta va vorbi cu <strong>Cristian Preda<\/strong> despre <em>Condi\u021bia uman\u0103<\/em> de Hannah Arendt, o lucrare esen\u021bial\u0103 despre erodarea intimit\u0103\u021bii \u0219i pierderea libert\u0103\u021bii \u00een lumea contemporan\u0103. Prin fine\u021bea analizei \u0219i actualitatea ideilor, <em>Condi\u021bia uman\u0103<\/em> r\u0103m\u00e2ne o carte indispensabil\u0103 pentru to\u021bi cei care caut\u0103 s\u0103 \u00een\u021beleag\u0103 sensul libert\u0103\u021bii, al ac\u021biunii \u0219i al responsabilit\u0103\u021bii \u00een epoca noastr\u0103. <em>New Republic<\/em> consider\u0103 c\u0103 volumul de fa\u021b\u0103 este cea mai important\u0103 lucrare filozofic\u0103 scris\u0103 de Hannah Arendt.<\/p>\n<p>De la <strong>18.30<\/strong>, tot <strong>editura Humanitas<\/strong> lanseaz\u0103 volumul lui <strong>Cristian Preda<\/strong>, <em>Ideologii \u0219i ideologi \u00een Rom\u00e2nia contemporan\u0103<\/em>, descris de Radu Paraschivescu drept un \u201espectacol de informa\u021bie captivant. Ling\u0103ul \u015fi na\u0163ionalistul cu secera \u015fi ciocanul la br\u00e2u, sceleratul \u015fi incon\u015ftientul, traseistul \u015fi la\u015ful, amnezicul de conjunctur\u0103 \u015fi bufonul, canalia f\u0103r\u0103 scrupule \u015fi prostul ca noaptea, plagiatorul cu ifos \u015fi neostalinistul impenitent \u2013 cu to\u0163ii \u00ee\u015fi g\u0103sesc loc \u00een aceast\u0103 enciclopedie \u00een care gravitatea \u015fi umorul se \u00eeng\u0103duie \u015fi se \u00eentregesc una pe alta.\u201d Autorul va fi \u00eenso\u021bit de criticul literar <strong>Mircea Mih\u0103ie\u0219<\/strong>.<\/p>\n<p>\u00cencep\u00e2nd cu ora <strong>19, editura Trei <\/strong>lanseaz\u0103 cel mai recent volum al<strong> Andreei Ionescu <\/strong>\u2013 <em>Harta invizibil\u0103 a ata\u0219amentului<\/em>, un ghid bazat pe neuro\u0219tiin\u021b\u0103 care ajut\u0103 la \u00een\u021belegerea tiparelor rela\u021bionale formate \u00een copil\u0103rie \u0219i transformarea lor prin compasiune.<\/p>\n<p><strong>\u00a0<\/strong><\/p>\n<p><strong>Ioana P\u00e2rvulescu ini\u021biaz\u0103 \u00een <em>Alfabetul domnilor <\/em><\/strong><\/p>\n<p>S\u00e2mb\u0103t\u0103, de la ora <strong>12<\/strong>,<strong> editura Polirom <\/strong>ne propune s\u0103 r\u0103sfoim cel mai recent volum semnat <strong>Adelin Petri\u0219or<\/strong>. <em>\u00cen direct din linia \u00eent\u00e2i<\/em> ofer\u0103 pove\u0219ti dintr-o carier\u0103 de decenii \u00een zonele de conflict ale lumii, de la Orientul Mijlociu la Africa, oferind o perspectiv\u0103 realist\u0103 asupra trecutului pentru a \u00een\u021belege prezentul. C\u00e2nd o mie de oameni fug \u00eentr-o direc\u021bie \u0219i doar c\u00e2\u021biva aleg s\u0103 alerge spre ceea ce i-a gonit pe semenii lor, o parte dintre cei care \u00eenainteaz\u0103 pe contrasens sunt jurnali\u0219ti. Lansarea de carte se va face \u00een prezen\u021ba autorului \u0219i a jurnalistei<strong> Melania Cincea<\/strong>.<\/p>\n<p>\u00cencep\u00e2nd cu ora <strong>13.15, editura Humanitas <\/strong>a preg\u0103tit publicului o dubl\u0103 lansare de excep\u021bie. Cele mai recente dou\u0103 volume semnate de <strong>Gabriel Liiceanu <\/strong>vor fi prezentate de scriitorul <strong>Radu Paraschivescu <\/strong>\u0219i de jurnalista <strong>Melania Cincea<\/strong>. <em>Strigoii no\u0219tri<\/em> este o medita\u021bie asupra \u201elichelelor\u201d care b\u00e2ntuie istoria recent\u0103 a \u021b\u0103rii \u0219i despre care autorul sper\u0103 c\u0103 \u201cnu ne vor b\u00e2ntui ca ni\u0219te strigoi ie\u0219i\u021bi din groapa istoriei \u00een care am tr\u0103it c\u00e2teva decenii\u201d. Volumul <em>\u00cen singur\u0103tatea min\u021bii mele<\/em> este un elogiu adus puterii cuv\u00e2ntului scris. Autorul se socote\u0219te mai mult dec\u00e2t un cuv\u00e2nt\u0103tor. El este un sacerdot al cuv\u00e2ntului care ridic\u0103 limba pe alt\u0103 treapt\u0103 a ei, d\u00e2ndu-i o putere de care \u00eendeob\u0219te lumea nu are nici cea mai mic\u0103 idee.<\/p>\n<p><strong>Editura Trei<\/strong> lanseaz\u0103 la ora <strong>14<\/strong> volumul de proz\u0103 scurt\u0103 <em>Rev\u0103rsatul zorilor<\/em>, semnat de <strong>Iulian Bocai<\/strong>. Vom descoperi cum \u201e<a href=\"https:\/\/www.libris.ro\/autor\/j-d-salinger\">Salinger<\/a> meets <a href=\"https:\/\/www.libris.ro\/autor\/albert-camus\">Camus<\/a>\u201d, dup\u0103 cum \u00eei caracterizeaz\u0103 stilul narativ scriitorul Adi Schiop. Autorul se va afla \u00een dialog cu jurnalista <strong>Raluca Hatmanu,<\/strong> evenimentul \u00eencheindu-se cu o sesiune de autografe.<\/p>\n<p><strong>Ioana P\u00e2rvulescu<\/strong> ne invit\u0103 la ora <strong>15<\/strong> s\u0103 afl\u0103m care este <em>Alfabetul domnilor<\/em>, aduc\u00e2nd o perspectiv\u0103 feminin\u0103 asupra misterului masculin \u0219i mai mult dec\u00e2t at\u00e2t. Tipologii de poe\u021bi, romancieri, b\u0103rba\u021bi cu bani, cu musta\u021b\u0103, pe cal sau \u00een tren, pro\u0219ti, de\u0219tep\u021bi, talenta\u021bi sau nu prea, \u00eendr\u0103gosti\u021bi, curio\u0219i, de toate felurile: \u201eAlfabetul domnilor\u201d. De la A(rti\u0219ti) la Z(iari\u0219ti), Ioana P\u00e2rvulescu reu\u0219e\u0219te s\u0103-i pun\u0103 pe domni sub lup\u0103, cu ironie \u0219i umor, dup\u0103 o cercetare minu\u021bioas\u0103 a celor scrise de ei vreme de un secol\u201d, a scris Sabina Fati despre volumul pe care fermec\u0103toarea Ioana P\u00e2rvulescu va oferi autografe dup\u0103 lansare.<\/p>\n<p>\u00a0<\/p>\n<p><strong>Mari scriitori prin\u0219i \u00een clasorul lui Bogdan-Alexandru St\u0103nescu<\/strong><\/p>\n<p>De la <strong>15.30<\/strong>, Radu Paraschivescu va citi \u00een avanpremier\u0103 din <em>Noul ghid al nesim\u021bitului<\/em> \u0219i \u00ee\u0219i prezint\u0103 <em>\u00cen virtutea inep\u021biei<\/em>, o antologie de perle ce taxeaz\u0103 dezinvoltura personajelor publice care par \u201eoperate de sim\u021bul ridicolului la o v\u00e2rst\u0103 fraged\u0103 \u015fi pentru care surfingul media pe valul popularit\u0103\u0163ii pare o condi\u0163ie indispensabil\u0103 de via\u0163\u0103\u201d. <em>\u00cen virtutea inep\u0163iei <\/em>nu e doar un catalog de prostioare \u015fi abera\u0163ii, ci \u015fi o dovad\u0103 a nivelului tot mai sc\u0103zut al discursului public. Cotizan\u0163ilor vechi, cu apari\u0163ii consistente \u00een precedentele volume de \u201eperle\u201c, li se adaug\u0103 aici noi exponen\u0163i ai contraselec\u0163iei.<\/p>\n<p>\u00cencep\u00e2nd cu ora <strong>16, editura Trei <\/strong>prezint\u0103 o carte-eveniment: <em>Pe\u0219tii cubanezi. Un secol \u00een eseuri<\/em>, volum semnat de <strong>Bogdan-Alexandru St\u0103nescu<\/strong>. Autorul \u00ee\u0219i descrie cartea ca \u201cdeparte de a fi o \u00eencercare de analiz\u0103 psihobiografic\u0103, cartea aceasta este mai cur\u00e2nd o tentativ\u0103 de unificare a doi versan\u021bi desp\u0103r\u021bi\u021bi aparent de o pr\u0103pastie: via\u021ba \u0219i opera, ca dou\u0103 jum\u0103t\u0103\u021bi ale unui symbolon, ambele la fel de misterioase \u0219i de inepuizabile ca interpretare. Nu se explic\u0103 reciproc, mai cur\u00e2nd ad\u00e2ncesc misterul pe care-l constituie, pentru mine, Autorul. Eroii acestei c\u0103r\u021bi p\u0103trund \u00een clasor purt\u00e2nd solzii plini de culoare ai unei lumi disp\u0103rute, dar a c\u0103rei umbr\u0103 \u00ee\u0219i arunc\u0103 r\u0103ceala asupra celei \u00een care tr\u0103im.\u201d Bogdan-Alexandru St\u0103nescu (n. 1979) este doctor \u00een literatur\u0103, prozator, poet, eseist, traduc\u0103tor \u0219i editor. \u00cen prezent este director editorial al imprintului Anansi. World Fiction, din cadrul Grupului Editorial Trei. Autorul va fi \u00eenso\u021bit de <strong>Adriana Babe\u021bi<\/strong> \u0219i Mircea <strong>Mih\u0103ie\u0219<\/strong>.<\/p>\n<p>\u00cen continuare, <strong>editura Humanitas <\/strong>propune fragmente de confesiuni \u0219i istorie: <strong>Alina \u0219i \u0218erban-Liviu Pavelescu<\/strong> prezint\u0103 <em>Istoria orbilor.<\/em><em>Rom\u00e2nia \u00een r\u0103zboi, 1940\u20131945<\/em>, o poveste despre alegeri morale individuale \u00een timp de criz\u0103. \u201dToate personajele c\u0103r\u021bii noastre \u2013 militari \u0219i civili, femei \u0219i b\u0103rba\u021bi, tineri \u0219i mai pu\u021bin tineri, rom\u00e2ni \u0219i ne-rom\u00e2ni, boga\u021bi \u0219i s\u0103raci, deciden\u021bi sau cet\u0103\u021beni de r\u00e2nd, vedete sau simpli anonimi \u2013 au tr\u0103it \u00eempreun\u0103 \u00een aceea\u0219i Rom\u00e2nie. Pove\u0219tile \u00eensumate ale vie\u021bii lor sunt piesele din care se construie\u0219te istoria epocii\u201d, spun cei doi autori. Lansarea este programat\u0103 pentru <strong>16.45<\/strong>, al\u0103turi de ei fiind invita\u021bi <strong>Daniela Ra\u021biu<\/strong> \u0219i <strong>Cristian Preda<\/strong>.<\/p>\n<p>\u00a0<\/p>\n<p><strong>Dan Alexe se \u00eentoarce <\/strong><strong><em>La apa mor\u021bilor<\/em><\/strong><\/p>\n<p>Urmeaz\u0103 de la <strong>17.30, <\/strong>la Cafeneaua Bookfest, un eveniment dedicat laureatului Premiului Nobel pentru Literatur\u0103 2025 L\u00e1szl\u00f3 Krasznahorkai la care vor participa <strong>Ildik\u00f3 G\u00e1bos-Foar\u021b\u0103 \u0219i Bogdan-Alexandru St\u0103nescu<\/strong>. L\u00e1szl\u00f3 Krasznahorkai (n. 1954) este unul dintre cei mai cunoscu\u021bi prozatori \u0219i scenari\u0219ti maghiari contemporani. Este, \u00een acela\u0219i timp, laureatul unora dintre cele mai importante premii din Ungaria \u0219i str\u0103in\u0103tate, printre care se num\u0103r\u0103 Man Booker International Prize, Best Translated Book Award, National Book Award for Translated Literature sau Europ\u00e4ischer Literaturpreis. \u00cen colec\u021bia Anansi. World Fiction au mai ap\u0103rut romanele<em> \u00centoarcerea acas\u0103 a baronului Wenckheim<\/em> (2021) \u0219i <em>Satantango<\/em> (2022).<\/p>\n<p><strong>Editura Humanitas Fiction<\/strong> prezint\u0103 doi autori de prestigiu, \u00eencep\u00e2nd cu ora <strong>18.30<\/strong>. Mai \u00eent\u00e2i, romanul <em>Nu ne desp\u0103r\u021bim <\/em>semnat de Han Kang, c\u00e2\u0219tig\u0103toarea Premiului Nobel pentru Literatur\u0103 \u00een 2024: un adev\u0103rat imn al prieteniei \u0219i un elogiu adus imagina\u021biei, dar mai ales un recurs zguduitor la persisten\u021ba memoriei. Apoi romanul <em>V\u0103 dedic t\u0103cerea mea <\/em>al laureatului Premiului Nobel pentru Literatur\u0103 Mario Vargas Llosa. \u00cen 2023, la 60 de ani dup\u0103 debutul care l-a consacrat (<em>Ora\u0219ul \u0219i c\u00e2inii<\/em>), Mario Vargas Llosa oferea lumii un ultim roman, al dou\u0103zecilea \u2013 povestea unui mare idealist care imagineaz\u0103 un Peru al reconcilierii \u0219i fraternit\u0103\u021bii, \u00een care muzica vindec\u0103 r\u0103nile trecutului \u0219i dicteaz\u0103 armonia viitorului.<\/p>\n<p>De la ora <strong>19<\/strong>, <strong>Dan Alexe<\/strong> revine \u00een aten\u021bia iubitorilor de carte cu volumul <em>La apa mor\u021bilor<\/em>, un roman-confesiune ce reconstituie via\u021ba \u00eentr-un sat din B\u0103r\u0103ganul comunist. \u00cempletind autobiografia, antropologia \u0219i (auto)ironia, romanul-confesiune al lui Dan Alexe evoc\u0103 \u00een culori vibrante un tablou din via\u021ba cenu\u0219ie a unui sat din B\u0103r\u0103ganul anilor \u201960\u2013\u201970. Dens\u0103, mustind de umor, dar str\u0103b\u0103tut\u0103 de am\u0103r\u0103ciune, La apa mor\u021bilor surprinde esen\u021ba unei Rom\u00e2nii disp\u0103rute<\/p>\n<p>\u00a0<\/p>\n<p><strong><em>Transparen\u021ba <\/em><\/strong><strong>lui Radu Vancu vine dinspre <em>Paradis<\/em><\/strong><\/p>\n<p>\u00cen ultima zi de Bookfest Timi\u0219oara, de la <strong>10.30<\/strong>, <strong>editura Sens<\/strong> d\u0103 \u00eent\u00e2lnire publicului cu <strong>\u0218tefan Pu\u0219ca\u0219u<\/strong> \u0219i <strong>Bogdan Ioja,<\/strong> care vor discuta despre fenomenul <em>cancel culture<\/em> \u00een era cenzurii moderne, pornind de la volumul <em>Psihanaliza Americii<\/em>. <strong>Editura Universit\u0103\u021bii de Vest<\/strong> lanseaz\u0103 la ora<strong> 11<\/strong><em>Limba rom\u00e2n\u0103 pentru copiii no\u0219tri \u0219i ai altora \u2013 Dic\u021bionar ilustrat, cu forme \u0219i cu fond<\/em>. Dic\u021bionarul va fi prezentat de <strong>Simona Constantinovici<\/strong>, <strong>Amalia Seco\u015fan, Giulia Fischer<\/strong> \u0219i <strong>Emina C\u0103p\u0103ln\u0103\u0219an<\/strong>, autoarea acestuia.<\/p>\n<p>\u00cencep\u00e2nd cu ora <strong>12, editura Polirom <\/strong>propune o serie de nout\u0103\u021bi editoriale interna\u021bionale de excep\u021bie: volumul de povestiri <em>Ceasul al unsprezecelea, <\/em>semnat de Salman Rushdie; autobiografia <em>Reg\u0103sire, <\/em>Malala Yousafzai; <em>Curtea blestemat\u0103<\/em><em>\u015fi alte povestiri de <\/em>Ivo Andri\u0107;<em> T\u0103r\u00e2mul dulcii ve\u015fnicii <\/em>al autoarei Harper Lee<em>;<\/em><em>S\u0103 ne r\u0103m\u00e2n\u0103 bucuria, <\/em>Kev Lambert<em>;<\/em><em>Toate numele Felizei <\/em>de Juan Gabriel V\u00e1squez<em>;<\/em><em>Pisici inexistente <\/em>de Yu Yoyo<em>;<\/em><em>Bani de aruncat, <\/em>Asta Olivia Nordenhof; <em>Elefant \u015fi alte povestiri <\/em>de Raymond Carver<em>;<\/em> Jonathan Coe \u0219i volumul s\u0103u, <em>Martorul inocen\u0163ei mele<\/em>. Moderatorul discu\u021biilor va fi <strong>Dan Croitoru<\/strong>, director editorial Polirom \u0219i coordonatorul colec\u021biei \u201eBiblioteca Polirom\u201d.<\/p>\n<p>Tot <strong>editura Polirom<\/strong> a preg\u0103tit o \u00eent\u00e2lnire-eveniment cu <strong>Radu Vancu, <\/strong>de la ora <strong>13<\/strong> care va vorbi despre cele mai recente c\u0103r\u021bi ale sale, <em>Paradis <\/em>\u0219i <em>Transparen\u021ba<\/em>, care exploreaz\u0103 teme legate de conceptul digital modern, literatur\u0103 \u0219i produse fizice. Romanul <em>Transparen\u021ba<\/em> scoate la lumin\u0103 \u00eentreb\u0103ri esen\u021biale pentru condi\u021bia uman\u0103: Poate frumuse\u0163ea salva ceva dintr-o lume care se pr\u0103bu\u015fe\u015fte? Poate iubirea opri lumea din autodistrugere? Poate literatura \u00eempiedica realitatea s\u0103 se sinucid\u0103? Sunt \u00eentreb\u0103rile care, nu \u00eentocmai astfel formulate, coaguleaz\u0103 \u00een jurul lor vie\u0163ile celor doi \u00eendr\u0103gosti\u0163i din roman. \u00cen dialog cu autorul se vor afla <strong>Raluca Selejan<\/strong> \u0219i <strong>Oana Dobo\u0219i.<\/strong><\/p>\n<p><strong>Editura Universit\u0103\u021bii de Vest din Timi\u0219oara<\/strong> \u00eencheie seria de evenimente cu dou\u0103 lans\u0103ri de carte. De la ora <strong>15<\/strong> afl\u0103m mai multe despre <em>Arta public\u0103 \u00een Timi\u0219oara dup\u0103 1989<\/em>, prin volumul semnat de <strong>Andreea Lazea, <\/strong>iar la<strong> 15.30 <\/strong>ne \u00eendrept\u0103m aten\u021bia c\u0103tre <em>Nara\u021biuni ale corpului, Boal\u0103 \u0219i discurs, <\/em>volumul <strong>Danielei \u0218ilindean.<\/strong><\/p>\n<p>Programul actualizat al evenimentelor va putea fi consultat \u00een cur\u00e2nd \u0219i pe pagina <a href=\"http:\/\/www.bookfest.ro\">www.bookfest.ro<\/a><\/p>\n<p>La fel ca la toate evenimentele Bookfest, intrarea publicului va fi liber\u0103 \u00een cadrul Salonului. \u00cen toate cele patru zile, Bookfest Timi\u0219oara va putea fi vizitat \u00eentre orele <strong>10 \u0219i 20.<\/strong><\/p>\n<p>Salonul de Carte Bookfest Timi\u0219oara este organizat de <strong>Asocia\u0163ia Editorilor din Rom\u00e2nia<\/strong>,<strong> sub egida Federa\u021biei Editorilor din Rom\u00e2nia<\/strong>, \u00eempreun\u0103 cu <strong>Prim\u0103ria Municipiului Timi\u0219oara<\/strong>, prin <strong>Casa de Cultur\u0103 a Municipiului Timi\u0219oara.<\/strong><\/p>\n<p>Parteneri: <strong>Camera de Comer\u021b, Industrie \u0219i Agricultur\u0103 Timi\u0219, Biblioteca Jude\u021bean\u0103 Timi\u0219, Universitatea de Vest din Timi\u0219oara.<\/strong><\/p>\n<p>Parteneri media: <strong>TVR Timi\u0219oara, Radio Rom\u00e2nia Timi\u0219oara, Banatul Azi, Timi\u0219 Online, Timpolis, Puterea a Cincea, \u0218tiri de Timi\u0219oara, \u0218tiri pentru copii.<\/strong><\/p>\n<p><em>Bookfest este cel mai important salon de carte din Rom\u00e2nia \u0219i singurul eveniment al industriei editoriale care a reu\u0219it s\u0103 capete o dimensiune interna\u021bional\u0103 marcant\u0103. La edi\u021biile interna\u021bionale anterioare \u021b\u0103rile invitate au fost: Spania, Ungaria, Fran\u021ba, \u021b\u0103rile de limb\u0103 german\u0103 (Germania, Austria, Elve\u021bia), Polonia, Cehia, Israel, Suedia, Statele Unite ale Americii, Marea Britanie, Japonia, Italia, Republica Moldova \u0219i Portugalia.<\/em><\/p>\n<p><em>Salonul de Carte Bookfest are edi\u021bii locale \u00een Bucure\u0219ti, Cluj-Napoca, T\u00e2rgu Mure\u0219, Bra\u0219ov \u0219i o alt\u0103 edi\u021bie interna\u021bional\u0103 la Chi\u0219in\u0103u.<\/em><\/p>\n<p>Contact:<\/p>\n<p>\u00a0<\/p>\n<p>Mihai Mitric\u0103, director executiv A.E.R.<\/p>\n<p>Tel.: 0728.327.601<\/p>\n<p>E-mail: mihai.mitrica@aer.ro<\/p>\n<p>\u00a0<\/p>\n<p>Adrian Baciu, asistent rela\u021bii publice A.E.R.<\/p>\n<p>Tel.: 0728.327.603<\/p>\n<p>E-mail: adrian.baciu@aer.ro<\/p>\n<p><strong>PROGRAMUL EVENIMENTELOR<\/strong><\/p>\n<p><strong>Salonului de carte Bookfest Timi\u0219oara, edi\u021bia a XIII-a<\/strong><\/p>\n<p><strong>19 \u2013 22 martie 2026<\/strong><\/p>\n<p><strong>Joi, 19 martie<\/strong><\/p>\n<p><strong>\u00a0<\/strong><\/p>\n<p><strong>12.00\u00a0\u00a0 <\/strong>Deschiderea oficial\u0103 a Salonului de Carte Bookfest, edi\u021bia a XIII-a.<br \/>\n(Scena Bookfest)<\/p>\n<p><strong>13.00<\/strong><strong>\u00a0\u00a0\u00a0 Editura Brumar<\/strong> \u2013 Lansare de carte: <em>Pe urmele Revolu\u021biei<\/em>, particip\u0103 elevi de la Colegiul Na\u021bional Pedagogic \u201eCarmen Sylva\u201d \u2013 Timi\u0219oara. Invita\u021bi: <strong>Aneta Gabor<\/strong> \u0219i <strong>Sorin Coda\u021b<\/strong>. Moderator: <strong>Loredana T\u00eerzioru <\/strong><br \/>\n(Scena Bookfest)<\/p>\n<p><strong>13.30<\/strong><strong>\u00a0\u00a0\u00a0 Editura Mega<\/strong> \u2013 Lansare de carte: Revista Muzeului Na\u0163ional al Banatului \u2013 <em>Analele Banatului-Arheologie \u25aa Istorie. Nr. XXXIII. <\/em>Vor vorbi: <strong>Nicoleta Toma Demian<\/strong> (redactor-\u0219ef) \u0219i <strong>Kopecznyi Zsuzsana<\/strong> (secretar de redac\u021bie); <em>Homo Transnistreanus. Identitatea postsovietic\u0103 a unei \u201ena\u021biuni\u201d nerecunoscute, <\/em>Serghei Pricopiuc<br \/>\n(Scena Bookfest)<\/p>\n<p><strong>13:30<\/strong><strong>\u00a0\u00a0\u00a0 Editura Academiei Rom\u00e2ne \u2013<\/strong> Lansare de carte:<br \/><em>O \u00eent\u00e2lnire astral\u0103: Dimitrie Gerota \u2013 Constantin Br\u00e2ncu\u0219i. Istoria Ecor\u0219eului\/ A Match Made in Heaven: Dimitrie Gerota \u2013 Constantin Br\u00e2ncu\u0219i. The story of the Flayed Man (\u00c9corch\u00e9)<\/em>, Irinel Popescu (coord.)<br \/>\nColec\u021bia \u201eBiblioteca de critic\u0103, istorie \u0219i teorie literar\u0103\u201d:<br \/><em>Baudelaire, metamorfoze \u0219i anamorfoze, <\/em>Simona Modreanu<br \/><em>Exerci\u021bii de recitire<\/em>, Adrian Dinu Rachieru<br \/>\nPrezint\u0103: acad. <strong>Valeriu Matei <\/strong>\u2013 director general al Editurii Academiei Rom\u00e2ne, prof. univ. dr. <strong>Simona Modreanu<\/strong>, prof. univ. dr. <strong>Adrian Dinu Rachieru<\/strong>, <strong>Pompiliu Cr\u0103ciunescu<\/strong> \u2013 redactor-\u0219ef al Editurii Academiei Rom\u00e2ne<br \/>\n(Cafeneaua Bookfest)<\/p>\n<p><strong>14.30<\/strong><strong>\u00a0\u00a0\u00a0 Editura Universit\u0103\u021bii de Vest din Timi\u0219oara<\/strong> \u2013 Lansare de carte: <em>R\u0103sucirea<\/em>, autor: Rudolf Kocsis, texte: Rudolf Kocsis, George Lecca<br \/>\n(Scena Bookfest)<\/p>\n<p><strong>15.00 <\/strong><strong>\u00a0\u00a0 Editura Universit\u0103\u021bii de Vest din Timi\u0219oara<\/strong> \u2013 Lansare de carte: <em>E. Lovinescu \u2013 Literatur\u0103, civiliza\u0163ie, limb\u0103<\/em>, autor Alexandru Ruja<br \/>\n(Scena Bookfest)<\/p>\n<p><strong>15.30<\/strong><strong>\u00a0\u00a0\u00a0 Editura Universit\u0103\u021bii de Vest din Timi\u0219oara<\/strong> \u2013 Lansare de carte: H. G. Wells Timi\u0219oara. <em>Proz\u0103 2026 \u2013 Trei fotoni \u00een plus<\/em>, coord. Lauren\u021biu Nistorescu \u0219i Daniel Haiduc<br \/>\n(Scena Bookfest)<\/p>\n<p><strong>16.00<\/strong><strong>\u00a0\u00a0\u00a0 Editura Junimea<\/strong> \u2013 Semnale editoriale (carte-eveniment)<br \/>\n\u2022 Dorin MURARIU, <em>40 +<\/em>, colec\u021bia \u201eFic\u021biune \u0219i infanterie\u201d<br \/>\n\u2022 Liliana ARDELEAN, <em>Conclavul fantasmelor sau Aventurile Mafaldei de Hauteville<\/em>,<br \/>\ncolec\u021bia \u201eOrizontul lecturii\u201d<br \/>\n\u2022 Veronica BALAJ, <em>\u00centre ape \u0219i cer<\/em>, colec\u021bia \u201eCelelalte cuvinte\u201d<br \/>\n\u2022 Viorica B\u0102LTEANU, <em>Prier cu fungei<\/em>, colec\u021bia \u201eCuvinte migratoare\u201d<br \/>\n\u2022 Revista SCRIPTOR, num\u0103rul 3-4 (martie-aprilie)\/2026<br \/>\nPrezent\u0103ri de <strong>Adrian Dinu RACHIERU<\/strong><br \/><em>Amfitrion<\/em>: <strong>Simona MODREANU<\/strong><br \/><strong><br \/><\/strong>(Scena Bookfest)<\/p>\n<p><strong>17.00<\/strong><strong>\u00a0\u00a0\u00a0 Editura Brumar <\/strong>\u2013 Lansare de carte: <em>7 povestiri despre sf\u00e2r\u0219itul lumii<\/em> \u0219i <em>Poezie mecanic\u0103<\/em>, autor: Florian Mihalcea. Invita\u021bi: Viorel Marineasa \u0219i Marcel Tolcea<br \/>\n(Scena Bookfest)<\/p>\n<p><strong>17.00<\/strong><strong>\u00a0\u00a0\u00a0 Editura Datagroup<\/strong> \u2013 Lansare de carte: <em>Str\u0103inul din interior<\/em> (edi\u021bia a II-a, revizuit\u0103), de <strong>Victor Neumann<\/strong>, \u00een prezen\u021ba autorului<br \/>\n(Cafeneaua Bookfest)<\/p>\n<p><strong>17.30<\/strong><strong>\u00a0\u00a0\u00a0 Editura Leb\u0103da Neagr\u0103<\/strong> \u2013 Lansare de carte:<em> Chipurile \u00eentunericului<\/em>, autor Patricia Lidia. Invita\u021bi: Patricia Lidia, autor, \u0219i scriitorii Adrian Petru Stepan \u0219i Adrian Christescu<br \/>\n(Scena Bookfest)<\/p>\n<p><strong>18.30<\/strong>\u00a0\u00a0\u00a0\u00a0 <strong>Vernisaj expozi\u021bie foto<\/strong><br \/>\n(Scena Bookfest)<\/p>\n<p><strong>Vineri, 20 martie<\/strong><\/p>\n<p><strong>11.30<\/strong><strong>\u00a0\u00a0\u00a0\u00a0 Editura Academiei Rom\u00e2ne<\/strong> \u2013\u00a0 Colec\u021bia \u201eOpere\u201d: Nicolae Labi\u0219, <em>Opere, I-IV; <\/em>Titu Maiorescu, <em>Opera filosofic\u0103, I-II; <\/em>Colec\u021bia \u201eBiblioteca de filosofie\u201d: <em>Mitul utilului<\/em>, D. D. Ro\u0219ca. Prezint\u0103: acad. <strong>Valeriu Matei<\/strong> \u2013 director general al Editurii Academiei Rom\u00e2ne, prof. univ. dr. <strong>Adrian Dinu Rachieru<\/strong>, <strong>Pompiliu Cr\u0103ciunescu<\/strong> \u2013 redactor-\u0219ef al Editurii Academiei Rom\u00e2ne<br \/>\n(Scena Bookfest)<\/p>\n<p><strong>12.30<\/strong>\u00a0\u00a0\u00a0\u00a0 <strong>Editura Casa<\/strong> \u2013 Lansare de carte: seria <em>\u0218coala din strada \u00cempiedicat\u0103<\/em>, volumele <em>Salut, Maiestate<\/em> \u0219i <em>Hai s\u0103 vede\u021bi minunea<\/em> scrise de Erzsi Kert\u00e9sz \u0219i traduse \u00een limba rom\u00e2n\u0103 de Ildik\u00f3 G\u00e1bos-Foar\u021b\u0103. Moderatori: <strong>Cr\u0103ciun-B\u00f6k\u00f6s Emese<\/strong> (editor) \u0219i <strong>Ildik\u00f3 G\u00e1bos-Foar\u021b\u0103<\/strong> (traduc\u0103tor)<br \/>\n(Scena Bookfest)<\/p>\n<p><strong>13.30<\/strong><strong>\u00a0\u00a0\u00a0 Eveniment Humanitas Junior<\/strong> \u2013 Lansare de carte: <em>\u021aara soarelui pe dos. Prim\u0103vara. Mic ghid de cultur\u0103 japonez\u0103, <\/em>Dorothea Ko<br \/>\nCu<strong>: Mircea Dragu, Florentina Iv\u0103nescu<\/strong> \u0219i <strong>Gabriela Maaz<\/strong><br \/>\n(Scena Bookfest)<\/p>\n<p><strong>14.00<\/strong>\u00a0\u00a0\u00a0\u00a0 <strong>Editura Brumar<\/strong> \u2013 Lansare de carte: Seria de antropologie \u0219i filosofie <em>entia<\/em>, autor: Mircea L\u0103z\u0103rescu<br \/>\nInvita\u021bi: <strong>Smaranda Vultur<\/strong> \u0219i <strong>Marcel Tolcea<\/strong><br \/>\n(Scena Bookfest)<\/p>\n<p><strong>15.00<\/strong>\u00a0\u00a0\u00a0\u00a0 <strong>Editura Junimea<\/strong> \u2013 Semnale editoriale (critic\u0103 literar\u0103\/eseu\/lingvistic\u0103)<br \/><strong>Semnale editoriale<br \/><\/strong>\u2022 Ion DUR, Ciorne \u0219i zile. <em>Lecturi pe dedesubt,<\/em> colec\u021bia \u201eOrizontul lecturii\u201d<br \/>\n\u2022 Alexandru COL\u021aAN, <em>Realitate \u0219i cercuri<\/em>, colec\u021bia \u201eOrizontul lecturii\u201d<br \/>\n\u2022 Emina C\u0102P\u0102LN\u0102\u0218AN, <em>Rom\u00e2na de azi: constat\u0103ri, convingeri, consol\u0103ri<\/em> (<em>pe noptier\u0103 cu DOOM3<\/em>), colec\u021bia \u201eUnivers didactic\u201d<br \/>\nPrezent\u0103ri de <strong>Adrian Dinu RACHIERU, Florina-Maria B\u0102CIL\u0102<\/strong><br \/>\nAmfitrion: <strong>Simona MODREANU<\/strong><br \/>\n(Scena Bookfest)<\/p>\n<p><strong>16.00<\/strong>\u00a0\u00a0\u00a0\u00a0 <strong>Editura Humanitas<\/strong> \u2013 Conferin\u021b\u0103 Valentin Constantin, <em>De ce privim \u00een direc\u021bia gre\u0219it\u0103. <\/em>Sesiune de autografe<br \/>\n(Scena Bookfest)<\/p>\n<p><strong>16.30<\/strong><strong>\u00a0\u00a0\u00a0 Editura Datagroup<\/strong> \u2013 Lansare de carte: <em>Fumul mort <\/em>de Neboj\u0161a Jevri\u0107, o carte-eveniment \u00een traducerea bine-cunoscutului scriitor timi\u0219orean Goran Mraki\u0107, editorul celei mai recente colec\u021bii a editurii, \u201eBalkan Express\u201d. Lansarea va avea loc \u00een prezen\u021ba autorului \u0219i va fi moderat\u0103 de Goran Mrakic.<br \/>\nDin aceea\u0219i nou\u0103 colec\u021bie mai face parte \u0219i volumul <em>Vegeta trip \u2013 Amintirile unui t\u00e2n\u0103r iugoslav din Epoca de Aur<\/em>, scris\u0103 de Aco Stankovi\u0107<br \/>\n(Cafeneaua Bookfest)<\/p>\n<p><strong>\u00a0<\/strong><strong>16.45<\/strong>\u00a0\u00a0\u00a0 <strong>Editura Humanitas Fiction <\/strong>\u2013 Lansarea romanelor: <em>Long Island<\/em>, Colm Toibin; <em>Abel<\/em>, Alessandro Baricco; <em>Vremea pr\u0103d\u0103torilor<\/em>, Giuliano Da Empoli. Cu: Dan-Liviu Boeriu, Cristian Preda \u0219i Denisa Com\u0103nescu<br \/>\n(Scena Bookfest)<\/p>\n<p><strong>17.00<\/strong>\u00a0\u00a0\u00a0\u00a0 <strong>Editura Universit\u0103\u021bii de Vest din Timi\u0219oara<\/strong> \u2013 Lansare de carte: <em>Antiutopia<\/em>, autor: Cristian Vicol<br \/>\n(Cafeneaua Bookfest)<\/p>\n<p><strong>17.30<\/strong>\u00a0\u00a0\u00a0\u00a0\u00a0 <strong>Editura Leb\u0103da Neagr\u0103<\/strong> \u2013 Lansare de carte: <em>Anatomia lui Liverpool. O istorie \u00een zece meciuri,<\/em> autori Jonathan Wilson \u0219i Scott Murray. Traducere din limba englez\u0103 de Radu Paraschivescu. Invita\u021bi: Radu Paraschivescu \u0219i Adrian Christescu<br \/>\n(Scena Bookfest)<\/p>\n<p><strong>17.30<\/strong>\u00a0\u00a0\u00a0\u00a0\u00a0 <strong>Editura Universit\u0103\u021bii de Vest din Timi\u0219oara<\/strong> \u2013 Lansare de carte: <em>Mereu altfel: Vie\u021bile lui William Shakespeare<\/em>, autoare: Pia Br\u00eenzeu \u0219i Dana Percec<br \/>\n(Cafeneaua Bookfest)<\/p>\n<p><strong>18.00<\/strong>\u00a0\u00a0\u00a0\u00a0 <strong>Editura Humanitas<\/strong> \u2013 Gabriel Liiceanu \u00een dialog cu Cristian Preda despre <em>Condi\u021bia uman\u0103 <\/em>de Hannah Arendt<br \/>\n(Scena Bookfest)<\/p>\n<p><strong>18.30<\/strong>\u00a0\u00a0\u00a0\u00a0 <strong>Editura Humanitas<\/strong> \u2013 Lansare \u0219i sesiune de autografe: <em>Ideologii \u015fi ideologi \u00een Rom\u00e2nia contemporan\u0103<\/em> de Cristian Preda<br \/>\nCu: <strong>Cristian Preda, Mircea Mih\u0103ie\u0219<br \/><\/strong>(Scena Bookfest)<\/p>\n<p><strong>18.30<\/strong>\u00a0\u00a0\u00a0\u00a0 <strong>Editura Aranca<\/strong> \u2013 Lansare de carte: <em>Marea Mad\u0103fac\u0103real\u0103<\/em> de Borco Ilin<br \/>\nAl\u0103turi de autor: <strong>Radu Paraschivescu<\/strong> \u0219i <strong>Adriana Babe\u021bi<\/strong><br \/>\n(Cafeneaua Bookfest)<\/p>\n<p><strong>19.00<\/strong>\u00a0\u00a0\u00a0\u00a0 <strong>Editura Trei<\/strong> \u2013 Lansare de carte \u0219i sesiune de autografe Andreea Ionescu: <em>Harta invizibil\u0103 a ata\u0219amentului. C\u0103l\u0103toria spre \u00een\u021belegerea rela\u021biilor apropiate<\/em><br \/>\nAl\u0103turi de autoare: Gabriela B\u0103d\u0103lu\u021b\u0103<br \/>\n(Scena Bookfest)<\/p>\n<p><strong>19.00<\/strong>\u00a0\u00a0\u00a0\u00a0 <strong>Art Encounters<\/strong> \u2013 Prezentarea volumului <em>\u0218tefan Bertalan. \u00cen ritmul lumii<\/em>, editor: Bernard Blist\u00e8ne, Art Encounters, 2026. Vor vorbi: Ileana Pintilie, Adriana Babe\u021bi, Andreea Palade Flondor, Diana Marincu, Vlad Gaivoronschi<br \/>\nModerator: <strong>Oana Dobo\u0219i<\/strong><br \/>\n(Cafeneaua Bookfest)<\/p>\n<p><strong>19.30<\/strong><strong>\u00a0\u00a0\u00a0 Editura Universit\u0103\u021bii de Vest din Timi\u0219oara<\/strong> \u2013 Lansare de carte: <em>Encyclopaedia Bannatica<\/em>, <em>Valori ale Banatului de la origini p\u00e2n\u0103 la Imperiul Austriac<\/em>, coord.: Adrian B\u0103descu<br \/>\n(Scena Bookfest)<\/p>\n<p><strong>S\u00e2mb\u0103t\u0103, 21 martie<\/strong><\/p>\n<p><strong>10.30<\/strong>\u00a0\u00a0\u00a0\u00a0 <strong>Editura Datagroup<\/strong> \u2013 Lansarea volumelor:<br \/><em>Anyleea \u2013 O lume captiv\u0103<\/em>, Ally E.T.<br \/>\nTrilogia <em>Crisalid\u0103<\/em>, Andreea Sepi<br \/><em>Zg\u00e2rc\u0103<\/em>, C\u0103t\u0103lina Gal<br \/><em>Pisicile magice<\/em>, volumele 1+2, Vlad B. Popa<br \/>\nAmfitrion \u0219i moderator: Claudiu T. Arie\u0219an<br \/>\n(Scena Bookfest)<\/p>\n<p><strong>11.30<\/strong>\u00a0\u00a0\u00a0\u00a0\u00a0 <strong>Eveniment Humanitas Junior<\/strong> \u2013 Lansare \u0219i sesiune de autografe<br \/><em>Cea mai frumoas\u0103 poveste din jungl\u0103<\/em> de <strong>Alexandru N. Stermin<\/strong><br \/><em>Cartea junglei <\/em>de Rudyard Kipling<br \/>\nCu: <strong>Alexandru N. Stermin, Mircea Dragu<\/strong> \u0219i <strong>Gabriela Maaz<\/strong><br \/>\n(Scena Bookfest)<\/p>\n<p><strong>12.00<\/strong>\u00a0\u00a0\u00a0\u00a0 <strong>Editura Polirom<\/strong> \u2013 <strong>Adelin Petri\u0219or<\/strong>, <em>\u00cen direct din linia \u00eent\u00e2i<\/em><br \/>\nDialog cu<strong> Melania Cincea<\/strong><br \/>\n(Scena Bookfest)<\/p>\n<p><strong>12.45<\/strong>\u00a0\u00a0\u00a0\u00a0\u00a0 <strong>Editura Humanitas<\/strong> \u2013 Eveniment Elizabeth Gilbert<br \/>\nLansarea volumului de memorii <em>P\u00e2n\u0103 c\u00e2nd r\u00e2ul cel mare ne va desp\u0103r\u021bi. Iubire, pierdere \u0219i eliberare<\/em><br \/>\nCu: <strong>Radu Paraschivescu, Alexandru N. Stermin<\/strong> \u0219i <strong>Cristina Chevere\u0219an<\/strong><br \/>\n(Scena Bookfest)<\/p>\n<p><strong>13.00<\/strong>\u00a0\u00a0\u00a0\u00a0 <strong>Editura Leb\u0103da Neagr\u0103<\/strong> \u2013 Lansare de carte: <em>Cafeneaua noastr\u0103<\/em>, autor Leonard Relea<br \/>\nInvita\u021bi: <strong>Leonard Relea<\/strong>, autor, \u0219i scriitorii <strong>Lili Cr\u0103ciun<\/strong> \u0219i <strong>Mugur Ioni\u021b\u0103<\/strong><br \/>\nModerator: <strong>Adrian Christescu<\/strong>, editor<br \/>\n(Cafeneaua Bookfest)<\/p>\n<p><strong>13.15<\/strong>\u00a0\u00a0\u00a0\u00a0\u00a0 <strong>Editura Humanitas<\/strong> \u2013 Eveniment <strong>Gabriel Liiceanu<br \/><\/strong>Lansarea volumelor<em> Strigoii no\u0219tri<\/em> \u0219i <em>\u00cen singur\u0103tatea min\u021bii mele<\/em><br \/>\nDialog cu <strong>Radu Paraschivescu<\/strong> \u0219i <strong>Melania Cincea<\/strong><br \/>\n(Scena Bookfest)<\/p>\n<p><strong>13.30<\/strong>\u00a0\u00a0\u00a0\u00a0 <strong>Crime Scene Press <\/strong>\u2013 Lansare de carte: <em>Lupoaica<\/em>, autori: D\u0103nu\u021b Ungureanu, Marian Tru\u021b\u0103. Invita\u021bi: <strong>Marian Tru\u021b\u0103<\/strong> \u0219i <strong>Horia Nicola Ursu<\/strong> (redactor Crime Scene Press), \u00een calitate de moderator.<br \/>\n(Cafeneaua Bookfest)<\/p>\n<p><strong>14.00<\/strong>\u00a0\u00a0\u00a0\u00a0 <strong>Editura Trei<\/strong> \u2013 Lansare de carte \u0219i sesiune de autografe Iulian Bocai, <em>Rev\u0103rsatul zorilor. <\/em>Al\u0103turi de autor: <strong>Raluca Hatmanu<\/strong><br \/>\n(Scena Bookfest)<\/p>\n<p><strong>14.00<\/strong>\u00a0\u00a0\u00a0\u00a0 <strong>Editura Academiei Rom\u00e2ne<\/strong> \u2013 Colec\u021bia\u201e O sut\u0103 \u0219i una poezii\u201d:<br \/><em>Armura de lacrimi<\/em>, Simona-Grazia Dima<br \/><em>Prin suburbiile cerului<\/em>, Valeriu Stancu<br \/><em>Nordul<\/em>, Vasile Macoviciuc<br \/><em>Facerea<\/em>, Virgil Diaconu<br \/>\nPrezint\u0103: acad. <strong>Valeriu Matei<\/strong> \u2013 director general al Editurii Academiei Rom\u00e2ne, prof. univ. dr<strong>. Simona Modreanu<\/strong>, prof. univ. dr. <strong>Adrian Dinu Rachieru<\/strong>, <strong>Pompiliu<\/strong><strong>Cr\u0103ciunescu<\/strong> \u2013 redactor-\u0219ef al Editurii Academiei Rom\u00e2ne<br \/>\n(Cafeneaua Bookfest)<\/p>\n<p><strong>14.30<\/strong>\u00a0\u00a0\u00a0\u00a0 <strong>Eveniment Humanitas Fiction<\/strong> \u2013 Lansarea romanelor:<br \/><em>Refugiul meu, furtuna mea<\/em>, Arundhati Roy<br \/><em>Oameni care vor fi mereu cu mine, Narine Abgarian<\/em><br \/>\nCu: <strong>Ioana P\u00e2rvulescu<\/strong>, <strong>Radu Paraschivescu<\/strong>, <strong>Denisa Com\u0103nescu<\/strong><br \/>\n(Scena Bookfest)<\/p>\n<p><strong>15.00<\/strong>\u00a0\u00a0\u00a0\u00a0 <strong>Editura Humanitas<\/strong> \u2013 Eveniment Ioana P\u00e2rvulescu<br \/>\nLansarea volumului <em>Alfabetul domnilor<\/em><br \/>\nDialog cu <strong>Cristina Chevere\u0219an<\/strong> \u0219i <strong>Alexandru N. Stermin<\/strong><br \/>\nSesiune de autografe<br \/>\n(Scena Bookfest)<\/p>\n<p><strong>15.00<\/strong>\u00a0\u00a0\u00a0\u00a0 <strong>Editura Leb\u0103da Neagr\u0103<\/strong> \u2013 Lansare de carte: <em>Judec\u0103torul Artificial<\/em>, autor Geo Moisi<br \/>\nInvita\u021bi: <strong>Geo Moisi, Daniel Timariu<\/strong> \u0219i <strong>Adrian Petru Stepan<\/strong><br \/>\n(Cafeneaua Bookfest)<\/p>\n<p><strong>15.30<\/strong>\u00a0\u00a0\u00a0\u00a0 <strong>Editura Humanitas<\/strong> \u2013 Eveniment Radu Paraschivescu, lectur\u0103 \u00een avanpremier\u0103 din <em>Noul ghid al nesim\u021bitului \u2013 dup\u0103 20 de ani <\/em>\u0219i lansarea volumului <em>\u00cen virtutea inep\u021biei. Nou\u0103 antologie de perle<\/em><br \/>\nDialog cu <strong>Cristian Preda<\/strong>. Sesiune de autografe<br \/>\n(Scena Bookfest)<\/p>\n<p><strong>15.30<\/strong>\u00a0\u00a0\u00a0\u00a0 <strong>Editura Junimea \u2013 <\/strong>Semnale editoriale:<br \/>\n\u2022 <strong>Ion CREANG\u0102, SCRIERI INTEGRALE<\/strong>. <em>Pove\u0219ti, Amintiri din copil\u0103rie, Povestiri, Povestiri didactice, Versuri originale, Poezii populare, Rostiri, zic\u0103tori, cuvinte, Articole, Articole polemice, Teatru, Coresponden\u021b\u0103. <\/em>Edi\u021bie de Constantin PARASCAN<br \/>\n\u2022 Viorel MARINEASA<em>, Vederi din Timi\u0219oara<\/em>, colec\u021bia \u201eNarratio\u201d<br \/>\n\u2022 Gheorghe FLORESCU<em>, Ecouri \/ \u041e\u0434\u0458\u0435\u0446\u0438, <\/em>colec\u021bia \u201eCuvinte migratoare\u201d<br \/>\n\u2022 George VIGDOR, \u00cencerc s\u0103 m\u0103 a\u0219ez \u00een pagin\u0103, Colec\u021bia \u201eCelelalte cuvinte\u201d<br \/>\nPrezent\u0103ri de <strong>Adrian Dinu RACHIERU, Marcel TOLCEA<\/strong><br \/><em>Amfitrion<\/em>: <strong>Simona MODREANU<br \/><\/strong>(Cafeneaua Bookfest)<\/p>\n<p><strong>16.00<\/strong>\u00a0\u00a0\u00a0\u00a0 <strong>Editura Trei <\/strong>\u2013 Lansare de carte \u0219i sesiune de autografe <strong>Bogdan-Alexandru St\u0103nescu<\/strong>, <em>Pe\u0219tii cubanezi. Un secol \u00een eseuri <\/em><br \/>\nAl\u0103turi de autor: <strong>Adriana Babe\u021bi<\/strong> \u0219i <strong>Mircea Mih\u0103ie\u0219<\/strong><br \/>\n(Scena Bookfest)<\/p>\n<p><strong>16.30<\/strong>\u00a0\u00a0\u00a0\u00a0 <strong>Editura Leb\u0103da Neagr\u0103<\/strong> \u2013 Prezentarea antologiei de proz\u0103 scurt\u0103 <em>O lume prea mic\u0103<\/em>, edi\u021bie coordonat\u0103 de <strong>Adrian Petru Stepan<\/strong> \u0219i <strong>Cristian Vicol<\/strong>. Invita\u021bi: <strong>Adrian Petru Stepan, Cristian Vicol, Mugur Ioni\u021b\u0103, Patricia Lidia, Bogdan Piticariu, Geo Moisi<\/strong> \u0219i <strong>Adrian Christescu<\/strong><br \/>\n(Cafeneaua Bookfest)<\/p>\n<p><strong>16.45<\/strong>\u00a0\u00a0\u00a0\u00a0 <strong>Editura Humanitas<\/strong> \u2013 Lansare \u0219i sesiune de autografe <em>Istoria orbilor. Rom\u00e2nia \u00een r\u0103zboi, 1940\u20131945 <\/em>de <strong>Alina Pavelescu<\/strong>, <strong>\u0218erban-Liviu Pavelescu<\/strong><br \/>\nCu: <strong>Alina Pavelescu<\/strong>, <strong>\u0218erban-Liviu Pavelescu<\/strong>, <strong>Daniela Ra\u021biu<\/strong> \u0219i <strong>Cristian Preda<\/strong><br \/>\n(Scena Bookfest)<\/p>\n<p><strong>17.30<\/strong>\u00a0\u00a0\u00a0\u00a0\u00a0 <strong>Editura Humanitas<\/strong> \u2013 Eveniment <strong>Dan Liviu Boeriu<\/strong>, <em>Acvariul \u0219i alte c\u00e2teva dovezi suplimentare. <\/em>Dialog cu <strong>Radu Paraschivescu<\/strong>. Sesiune de autografe<br \/>\n(Scena Bookfest)<\/p>\n<p><strong>17.30<\/strong>\u00a0\u00a0\u00a0\u00a0\u00a0 <strong>Editura Trei<\/strong> \u2013 Eveniment L\u00e1szl\u00f3 Krasznahorkai \u2013 laureatul Premiului Nobel pentru literatur\u0103 2025. Particip\u0103: <strong>Ildik\u00f3 G\u00e1bos-Foar\u021b\u0103<\/strong> \u0219i <strong>Bogdan-Alexandru St\u0103nescu<\/strong><br \/>\n(Cafeneaua Bookfest)<\/p>\n<p><strong>18.00<\/strong>\u00a0\u00a0\u00a0\u00a0 <strong>Editura Sens<\/strong> \u2013 Lansare de carte: <em>Sub<\/em><em>cerul<\/em><em>uneori<\/em><em>deschis<\/em> \u2013 <em>Pove\u0219tile<\/em><em>Castelului<\/em><em>Salbek<\/em> (varianta \u00een limba rom\u00e2n\u0103 \u0219i englez\u0103) de <strong>Alexandru Potcoav\u0103<\/strong><br \/>\nInvita\u021bi: <strong>Alexandru Potcoav\u0103<\/strong>, Asocia\u021bia Castel Salbek<br \/>\n(Scena Bookfest)<\/p>\n<p><strong>18.00<\/strong>\u00a0\u00a0\u00a0\u00a0 <strong>Editura Brumar<\/strong> \u2013 Lansare de carte: <em>In Somnia Mores<\/em>, autor Mimo Obradov<br \/>\nInvitat: <strong>Tudor Cre\u021bu<br \/><\/strong>(Cafeneaua Bookfest)<\/p>\n<p><strong>18.30<\/strong>\u00a0\u00a0\u00a0\u00a0 <strong>Eveniment Humanitas Fiction<\/strong> \u2013 Lansarea romanelor:<br \/><em>V\u0103 dedic t\u0103cerea mea, <\/em>Mario Vargas Llosa<br \/><em>Nu ne desp\u0103r\u021bim<\/em> \u0219i <em>Lec\u021bia de greac\u0103, <\/em>Han Kang<br \/>\nCu: <strong>Dan-Liviu Boeriu<\/strong>, <strong>Ioana P\u00e2rvulescu<\/strong> \u0219i <strong>Denisa Com\u0103nescu<\/strong><br \/>\n(Scena Bookfest)<\/p>\n<p><strong>19.00<\/strong>\u00a0\u00a0\u00a0\u00a0 <strong>Editura Humanitas<\/strong> \u2013 Eveniment <strong>Dan Alexe<\/strong><br \/>\nLansarea romanului autobiografic <em>La apa mor\u021bilor<\/em><br \/>\nDialog cu <strong>Cristian Preda<\/strong> \u0219i <strong>Marcel Tolcea<\/strong>.\u00a0 Sesiune de autografe<br \/>\n(Scena Bookfest)<\/p>\n<p><strong>Duminic\u0103, 22 martie<\/strong><\/p>\n<p><strong>10.30<\/strong>\u00a0\u00a0\u00a0\u00a0 <strong>Editura Sens<\/strong> \u2013 <strong>\u0218tefan Pu\u0219ca\u0219u<\/strong> \u00een dialog cu <strong>Bogdan Ioja<\/strong> (filolog, teolog \u0219i masterand \u00een Studii Americane), despre fenomenul cancel culture \u00een era cenzurii moderne. Pornind de la volumul P<em>sihanaliza Americii<\/em> al lui Keyserling, explor\u0103m modul \u00een care aceste tendin\u021be globale pornite din SUA ne redefinesc valorile \u0219i cum ne putem rec\u00e2\u0219tiga curajul de a g\u00e2ndi cu SENS.<br \/>\n(Scena Bookfest)<\/p>\n<p><strong>11.00<\/strong>\u00a0\u00a0\u00a0\u00a0 <strong>Editura Junimea<\/strong> \u2013 Semnale editoriale:<br \/>\n\u2022 Lucian IONIC\u0102, <em>Viitorul din noi<\/em>, colec\u021bia \u201eOrizontul lecturii\u201d<br \/>\n\u2022 Casian BALABASCIUC, <em>Stranii povestiri hu\u021bule (vol.I-II), <\/em>colec\u021bia \u201eQuanticipa\u021bia\u201d<br \/>\n\u2022 George LAZ\u0102R, <em>\u00cenceputul eternit\u0103\u021bii<\/em>, colec\u021bia \u201eQuanticipa\u021bia\u201d<br \/>\nPrezent\u0103ri de <strong>Adrian Dinu RACHIERU<\/strong>, <strong>Lucian IONIC\u0102<\/strong><br \/><em>Amfitrion<\/em>: <strong>Simona MODREANU<\/strong><br \/>\n(Scena Bookfest)<\/p>\n<p><strong>11.00<\/strong>\u00a0\u00a0\u00a0\u00a0 <strong>Editura Universit\u0103\u021bii de Vest din Timi\u0219oara<\/strong> \u2013 Lansare de carte: <em>Limba rom\u00e2n\u0103 pentru copiii no\u0219tri \u0219i ai altora \u2013 Dic\u021bionar ilustrat, cu forme \u0219i cu fond<\/em>, autoare <strong>Emina C\u0103p\u0103ln\u0103\u0219an<\/strong><br \/>\nPrezint\u0103: <strong>Simona Constantinovici<\/strong>, <strong>Amalia Seco\u015fan Giulia Fischer<\/strong> \u0219i <strong>Emina<\/strong><strong>C\u0103p\u0103ln\u0103\u0219an<\/strong><br \/>\n(Cafeneaua Bookfest)<\/p>\n<p><strong>11.30<\/strong>\u00a0\u00a0\u00a0\u00a0\u00a0 <strong>Editura Universit\u0103\u021bii de Vest din Timi\u0219oara<\/strong> \u2013 Lansare de carte: <em>Videologos. Lecturi tematice transmedia<\/em>, autoare: <strong>Cristina Chevere\u0219an<\/strong> \u0219i <strong>Adina Baya<br \/><\/strong>Prezint\u0103: <strong>Alexandru Condrache<\/strong>, <strong>Cristina Chevere\u0219an<\/strong> \u0219i <strong>Adina Bay<\/strong>a<br \/>\n(Cafeneaua Bookfest)<\/p>\n<p><strong>12.00<\/strong>\u00a0\u00a0\u00a0\u00a0 <strong>Editura Polirom<\/strong> \u2013 Nout\u0103\u021bi \u00een colec\u021bia Biblioteca Polirom<br \/><em>Ceasul al unsprezecelea, <\/em>Salman Rushdie \u2013 Dana Cr\u0103ciun<br \/><em>Reg\u0103sire<\/em>, Malala Yousafzai \u2013<br \/><em>Curtea blestemat\u0103 \u015fi alte povestiri<\/em>, Ivo Andri\u0107 \u2013 Mihai Gafencu<br \/><em>T\u0103r\u00e2mul dulcii ve\u015fnicii, <\/em>Harper Lee \u2013 Otilia Ghi\u021bescu<br \/><em>S\u0103 ne r\u0103m\u00e2n\u0103 bucuria<\/em>, Kev Lambert \u2013 Ina Biebel<br \/><em>Toate numele Felizei<\/em>, Juan Gabriel V\u00e1squez \u2013 Raluca Selejan<br \/><em>Pisici inexistente<\/em>, Yu Yoyo \u2013 Mirela Iacob<br \/><em>Bani de aruncat<\/em>, Asta Olivia Nordenhof \u2013 Oana Dobo\u0219i<br \/><em>Elefant \u015fi alte povestiri<\/em>, Raymond Carver \u2013 Radu Vancu<br \/><em>Martorul inocen\u0163ei mele<\/em>, Jonathan Coe \u2013 Radu Paraschivescu<br \/>\nModerator: <strong>Dan Croitoru<\/strong>, director editorial Polirom \u0219i coordonatorul colec\u021biei Biblioteca Polirom<br \/>\n(Scena Bookfest)<\/p>\n<p><strong>12.00<\/strong>\u00a0\u00a0\u00a0\u00a0 <strong>Editura Academiei Rom\u00e2ne<\/strong> \u2013 Colec\u021bia \u201eRomanul Contemporan\u201d:<br \/><em>Soarele \u00eent\u00e2rzie s\u0103 r\u0103sar\u0103<\/em>, Maria Bulat-S\u0103h\u0103rneanu<br \/><em>\u00centemeietorii<\/em>, George Aman<br \/><em>C\u0103l\u0103tori str\u0103ini despre T\u0103rile Rom\u00e2ne \u00een secolul al XIX-lea<\/em>, Daniela Bu\u0219\u0103 (coord.),<br \/>\nPrezint\u0103: acad. Valeriu Matei \u2013 director general al Editurii Academiei Rom\u00e2ne, prof. univ. dr. <strong>Adrian Dinu Rachieru<\/strong>, <strong>Pompiliu Cr\u0103ciunescu<\/strong> \u2013 redactor-\u0219ef al Editurii Academiei Rom\u00e2ne<br \/>\n(Cafeneaua Bookfest)<\/p>\n<p>\u00a0<\/p>\n<p><strong>13.00<\/strong>\u00a0\u00a0\u00a0\u00a0 <strong>Editura Polirom<\/strong> \u2013 <em>Paradis <\/em>&amp;<em> Transparen\u021ba, <\/em><strong>Radu Vancu<\/strong><br \/>\nDialog cu<strong> Raluca Selejan<\/strong> \u0219i <strong>Oana Dobo\u0219i<\/strong><br \/>\n(Scena Bookfest)<\/p>\n<p><strong>13.00<\/strong>\u00a0\u00a0\u00a0\u00a0 <strong>Editura ARI<\/strong> \u2013 Prezentare despre \u201e\u00cen\u021belepciunea Cabala \u0219i Cartea Zohar\u201d, conferen\u021biar <strong>Daniel Meze<\/strong>, directorul editurii ARI<br \/>\n(Cafeneaua Bookfest)<\/p>\n<p><strong>13.30<\/strong>\u00a0\u00a0\u00a0\u00a0 Premiere concurs foto.<br \/>\n(Cafeneaua Bookfest)<\/p>\n<p><strong>13.45<\/strong>\u00a0\u00a0\u00a0\u00a0\u00a0 <strong>Asocia\u021bia ARTLIT<\/strong> \u2013 <em>Ce caut eu \u00een cartea ta?<\/em><br \/>\nO discu\u021bie despre relevan\u021ba traduc\u0103torului de carte, pornind de la o polemic\u0103 purtat\u0103 pe re\u021belele sociale \u0219i imaginea traduc\u0103torilor literari \u00een opinia public\u0103.<br \/>\nVorbitori: <strong>Mirela Iacob, Ramona Miza, Gabriel Kohn<br \/><\/strong>(Scena Bookfest)<\/p>\n<p><strong>14.15<\/strong>\u00a0\u00a0\u00a0\u00a0\u00a0 Editura Leb\u0103da Neagr\u0103 \u2013 \u00cent\u00e2lnire cu scriitori timi\u0219oreni<br \/>\nDezbatere despre creativitate, tehnologie \u0219i autorat: Scriitorul \u0219i algoritmul. Cine va crea literatura viitorului?<br \/>\nInvita\u021bi: <strong>Adrian Petru Stepan, Mugur Ioni\u021b\u0103, Bogdan Pitacariu, Patricia Lidia, Alex Sz\u00f6ll\u00f6 , Geo Moisi<br \/><\/strong>Moderator: <strong>Adrian Christescu<\/strong><br \/>\n(Scena Bookfest)<\/p>\n<p><strong>15.00<\/strong>\u00a0\u00a0\u00a0\u00a0 <strong>Editura Universit\u0103\u021bii de Vest din Timi\u0219oara<\/strong> \u2013 Lansare de carte: <em>Arta public\u0103 \u00een Timi\u0219oara dup\u0103 1989<\/em>, autoare: <strong>Andreea Lazea<br \/><\/strong>(Scena Bookfest)<\/p>\n<p><strong>15.30<\/strong>\u00a0\u00a0\u00a0\u00a0 <strong>Editura Universit\u0103\u021bii de Vest din Timi\u0219oara<\/strong> \u2013 Lansare de carte: <em>Nara\u021biuni ale corpului, Boal\u0103 \u0219i discurs<\/em>, autoare: <strong>Daniela \u0218ilindean<\/strong><br \/>\n(Scena Bookfest)<\/p>\n<p>\u00a0<\/p>\n<p>\u00a0<\/p>\n<p>\u00a0<\/p>\n<p>\u00a0<\/p>\n<p>\u00a0<\/p>\n<p><strong>\u00a0<\/strong><\/p>\n<p><strong>\u00a0<\/strong><\/p>\n<p>\u00a0<\/p>\n<\/div>\n<\/div>\n<p>[analyse_source url=&#8221;https:\/\/www.banatulazi.ro\/bookfest-anunta-un-spectacol-literar-la-timisoara\/&#8221;]<\/p>\n","protected":false},"excerpt":{"rendered":"<p>[analyse_image type=&#8221;featured&#8221; src=&#8221;https:\/\/www.banatulazi.ro\/wp-content\/uploads\/2026\/03\/vizual_landscape_Bookfest_TM_2026.png&#8221;] Salonul de Carte Bookfest revine la Timi\u0219oara, de pe 19 p\u00e2n\u0103 pe 22 martie, la Centrul Regional de Afaceri (CRAFT) Vizitatorii sunt a\u0219tepta\u021bi cu circa 60 de lans\u0103ri de carte, autori celebri \u0219i cele mai bune c\u0103r\u021bi ale prim\u0103verii, la pre\u021buri promo\u021bionale Ioana P\u00e2rvulescu, Denisa Com\u0103nescu, Gabriel Liiceanu, Radu Paraschivescu, Cristian Preda, [&hellip;]<\/p>\n","protected":false},"author":1,"featured_media":0,"comment_status":"open","ping_status":"","sticky":false,"template":"","format":"standard","meta":{"footnotes":""},"categories":[89],"tags":[185,226],"class_list":["post-1817742","post","type-post","status-publish","format-standard","hentry","category-romania","tag-banatulazi-ro","tag-crawlmanager"],"_links":{"self":[{"href":"https:\/\/analyse.optim.biz\/index.php?rest_route=\/wp\/v2\/posts\/1817742","targetHints":{"allow":["GET"]}}],"collection":[{"href":"https:\/\/analyse.optim.biz\/index.php?rest_route=\/wp\/v2\/posts"}],"about":[{"href":"https:\/\/analyse.optim.biz\/index.php?rest_route=\/wp\/v2\/types\/post"}],"author":[{"embeddable":true,"href":"https:\/\/analyse.optim.biz\/index.php?rest_route=\/wp\/v2\/users\/1"}],"replies":[{"embeddable":true,"href":"https:\/\/analyse.optim.biz\/index.php?rest_route=%2Fwp%2Fv2%2Fcomments&post=1817742"}],"version-history":[{"count":0,"href":"https:\/\/analyse.optim.biz\/index.php?rest_route=\/wp\/v2\/posts\/1817742\/revisions"}],"wp:attachment":[{"href":"https:\/\/analyse.optim.biz\/index.php?rest_route=%2Fwp%2Fv2%2Fmedia&parent=1817742"}],"wp:term":[{"taxonomy":"category","embeddable":true,"href":"https:\/\/analyse.optim.biz\/index.php?rest_route=%2Fwp%2Fv2%2Fcategories&post=1817742"},{"taxonomy":"post_tag","embeddable":true,"href":"https:\/\/analyse.optim.biz\/index.php?rest_route=%2Fwp%2Fv2%2Ftags&post=1817742"}],"curies":[{"name":"wp","href":"https:\/\/api.w.org\/{rel}","templated":true}]}}