{"id":181760,"date":"2015-05-14T16:43:01","date_gmt":"2015-05-14T13:43:01","guid":{"rendered":"https:\/\/analyse.optim.biz\/?p=181760"},"modified":"2015-05-14T16:43:01","modified_gmt":"2015-05-14T13:43:01","slug":"alesii-juristi-au-redefinit-liber-profesionistii","status":"publish","type":"post","link":"https:\/\/analyse.optim.biz\/?p=181760","title":{"rendered":"Ale\u015fii juri\u015fti au redefinit liber-profesioni\u015ftii"},"content":{"rendered":"<div class=\"entry data-app-meta data-app-meta-article\" data-embed-base-url-canonical=\"https:\/\/www.digi24.ro\/embed\/stiri\/actualitate\/politica\/alesii-juristi-au-redefinit-liber-profesionistii-391560\">\n<p data-index=\"1\"><strong>Ale\u015fii au adoptat un amendament la Codul Fiscal, care \u00eei vizeaz\u0103 pe avoca\u0163i, consultan\u0163i fiscali sau chiar pe medici \u015fi farmaci\u015fti.<\/strong>\u00a0Astfel, cei care au activit\u0103\u0163i independente trebuie s\u0103 fac\u0103 dovada c\u0103 \u00eendeplinesc trei din cele cinci criterii prev\u0103zute \u00een Codul fiscal.<\/p>\n<p data-index=\"2\"><strong>\u00centre ele se num\u0103r\u0103:<\/strong> stabilirea propriului program de lucru ori posibilitatea de a avea unul sau mai mul\u0163i clien\u0163i. Deputa\u0163ii sus\u0163in c\u0103 a\u015fa se va stabili corect \u015fi nivelul impozit\u0103rii veniturilor.\u00a0<\/p>\n<p data-index=\"3\">\u201e<strong>S-a stabilit foarte clar c\u0103 o activitate independent\u0103 nu po\u0163i s\u0103 o transformi \u00eentr-o activitate dependent\u0103.<\/strong> P\u00e2n\u0103 acum organele fiscale ce f\u0103ceau? Speculau. \u00cen momentul \u00een care analizau o activitate independent\u0103, dac\u0103 g\u0103seau un singur element specific activit\u0103\u0163ii salariale, toat\u0103 activitatea desf\u0103\u015furat\u0103 de o persoan\u0103 fizic\u0103 autorizat\u0103 o considera activitate salarial\u0103 \u015fi o impozita conform regulilor pentru veniturile din salarii\u201d, a declarat Gheorghe Ialomi\u0163ianu, deputat PNL, fost ministru de Finan\u0163e.\u00a0<\/p>\n<\/div>\n<p> Source URL: https:\/\/www.digi24.ro\/stiri\/actualitate\/politica\/alesii-juristi-au-redefinit-liber-profesionistii-391560<\/p>\n","protected":false},"excerpt":{"rendered":"<p>Ale\u015fii au adoptat un amendament la Codul Fiscal, care \u00eei vizeaz\u0103 pe avoca\u0163i, consultan\u0163i fiscali sau chiar pe medici \u015fi farmaci\u015fti.\u00a0Astfel, cei care au activit\u0103\u0163i independente trebuie s\u0103 fac\u0103 dovada c\u0103 \u00eendeplinesc trei din cele cinci criterii prev\u0103zute \u00een Codul fiscal. \u00centre ele se num\u0103r\u0103: stabilirea propriului program de lucru ori posibilitatea de a avea [&hellip;]<\/p>\n","protected":false},"author":1,"featured_media":181761,"comment_status":"open","ping_status":"","sticky":false,"template":"","format":"standard","meta":{"footnotes":""},"categories":[2],"tags":[11],"class_list":["post-181760","post","type-post","status-publish","format-standard","has-post-thumbnail","hentry","category-politics","tag-digi24"],"_links":{"self":[{"href":"https:\/\/analyse.optim.biz\/index.php?rest_route=\/wp\/v2\/posts\/181760","targetHints":{"allow":["GET"]}}],"collection":[{"href":"https:\/\/analyse.optim.biz\/index.php?rest_route=\/wp\/v2\/posts"}],"about":[{"href":"https:\/\/analyse.optim.biz\/index.php?rest_route=\/wp\/v2\/types\/post"}],"author":[{"embeddable":true,"href":"https:\/\/analyse.optim.biz\/index.php?rest_route=\/wp\/v2\/users\/1"}],"replies":[{"embeddable":true,"href":"https:\/\/analyse.optim.biz\/index.php?rest_route=%2Fwp%2Fv2%2Fcomments&post=181760"}],"version-history":[{"count":0,"href":"https:\/\/analyse.optim.biz\/index.php?rest_route=\/wp\/v2\/posts\/181760\/revisions"}],"wp:featuredmedia":[{"embeddable":true,"href":"https:\/\/analyse.optim.biz\/index.php?rest_route=\/wp\/v2\/media\/181761"}],"wp:attachment":[{"href":"https:\/\/analyse.optim.biz\/index.php?rest_route=%2Fwp%2Fv2%2Fmedia&parent=181760"}],"wp:term":[{"taxonomy":"category","embeddable":true,"href":"https:\/\/analyse.optim.biz\/index.php?rest_route=%2Fwp%2Fv2%2Fcategories&post=181760"},{"taxonomy":"post_tag","embeddable":true,"href":"https:\/\/analyse.optim.biz\/index.php?rest_route=%2Fwp%2Fv2%2Ftags&post=181760"}],"curies":[{"name":"wp","href":"https:\/\/api.w.org\/{rel}","templated":true}]}}