{"id":181749,"date":"2015-05-14T21:17:34","date_gmt":"2015-05-14T18:17:34","guid":{"rendered":"https:\/\/analyse.optim.biz\/?p=181749"},"modified":"2015-05-14T21:17:34","modified_gmt":"2015-05-14T18:17:34","slug":"scandalul-lobby-pentru-schweighofer-holzindustrie-acuzatii-si-explicatiile-politicienilor","status":"publish","type":"post","link":"https:\/\/analyse.optim.biz\/?p=181749","title":{"rendered":"Scandalul \u201eLobby pentru Schweighofer Holzindustrie\u201d. Acuza\u021bii \u0219i explica\u021biile politicienilor"},"content":{"rendered":"<div class=\"entry data-app-meta data-app-meta-article\" data-embed-base-url-canonical=\"https:\/\/www.digi24.ro\/embed\/stiri\/actualitate\/politica\/scandalul-lobby-pentru-schweighofer-holzindustrie-acuzatii-si-explicatiile-politicienilor-391694\">\n<p data-index=\"1\">Actualul consilier preziden\u0163ial Dan Mihalache depune \u00een 2008 o interpelare \u00een Parlament, \u00een care f\u0103cea referire direct\u0103 la compania austric\u0103. <\/p>\n<p data-index=\"2\">\u201eUn mare investitor, SC Schweighofer Holzindustrie Sebe\u015f, este \u00eempiedicat s\u0103 \u00ee\u015fi desf\u0103\u015foare activitatea \u00een condi\u0163ii normale\u201d, ar\u0103ta atunci Dan Mihalache.<\/p>\n<p data-index=\"3\">Acum, consilierul preziden\u021bial spune: \u201eDac\u0103 unii se preocup\u0103 de interpel\u0103ri f\u0103cute de mine acum 7 ani, \u00een calitate de deputat, arat\u0103 caracterul manipulator al acestei teme \u015fi interesul care exist\u0103. L-am v\u0103zut \u015fi asear\u0103 din partea premierului, de a lega pre\u015fedin\u0163ia \u00een mod artificial de numele Schweighofer\u201d.<\/p>\n<p data-index=\"4\">\u201eAtunci cred c\u0103 era vorba de un conflict local, undeva la Poienii de sub Munte, v\u0103 spun sincer c\u0103 nici m\u0103car nu \u00eemi amintesc foarte bine. Dac\u0103 am rev\u0103zut textul interpel\u0103rii practic puneam o \u00eentrebare\u201d, adaug\u0103 el.<\/p>\n<p data-index=\"5\">Interpelarea adresat\u0103 a ajuns la ministrul de atunci al Agriculturii, Dacian Ciolo\u015f.<\/p>\n<p data-index=\"6\">\u201e<span>Nu, nu comentez nimic. Am v\u0103zut c\u0103 unii trec din scandal \u00een scandal. Eu nu intru \u00een genul \u0103sta de circ. Nu am ce s\u0103 comentez\u201d, a spus Dacian Ciolo\u015f. <\/span><\/p>\n<p data-index=\"7\">Dan Mihalache, care ocup\u0103 acum func\u0163ia de \u015fef al cancelariei preziden\u0163iale, sus\u0163ine c\u0103 nu au existat discu\u0163ii \u00eentre aceast\u0103 firm\u0103 \u015fi reprezentan\u0163ii administra\u0163iei de la Cotroceni.<\/p>\n<p data-index=\"8\">\u201eLa nivelul administra\u0163iei, noi nu ne-am \u00eent\u00e2lnit cu firma Schweighofer \u015fi dac\u0103 ne-am fi \u00eent\u00e2lnit, ceea ce nu s-a \u00eent\u00e2mplat pentru c\u0103 nu au solicitat, nu v\u0103d ce ar fi fost un lucru r\u0103u s\u0103 \u00eei audiem, s\u0103 \u00eei ascult\u0103m. E o parte intresant\u0103, e un operator economic p\u00e2n\u0103 la urm\u0103 semnificativ\u201d, a spus Dan Mihalache.<\/p>\n<p data-index=\"9\">De\u015fi \u00eencearc\u0103 s\u0103 se \u0163in\u0103 departe de acest scandal, compania austriac\u0103 las\u0103 totu\u015fi o porti\u0163\u0103 deschis\u0103.<\/p>\n<p data-index=\"10\">\u201ePutem afirma cu certitudine faptul c\u0103 nu am avut niciodat\u0103 vreo rela\u0163ie comercial\u0103 sau personal\u0103 cu domnul Dan Mihalache. Cu toate acestea, nu excludem posibilitatea ca vreunul dintre reprezentan\u0163ii companiei noastre s\u0103-l fi \u00eent\u00e2lnit, \u00eent\u00e2mpl\u0103tor, \u00een trecut\u201d &#8211; este pozi\u021bia oficial\u0103 Holzindustrie.<\/p>\n<p data-index=\"11\">Compania austriac\u0103 a fost acuzat\u0103 de liderii puterii c\u0103 ar fi f\u0103cut lobby la pre\u015fedintele Klaus Iohannis pentru a am\u00e2na intrarea \u00een vigoare a noului Cod silvic.<\/p>\n<p data-index=\"12\">\u201ePe domnul Pre\u015fedinte Klaus Iohannis l-am \u00eent\u00e2lnit doar \u00een urm\u0103 cu 8-10 ani, o singur\u0103 dat\u0103, c\u00e2nd acesta era primarul Sibiului, ocazie cu care ne-am prezentat compania. Nu am f\u0103cut niciodat\u0103 vreo \u00eencercare sau vreun efort s\u0103 lu\u0103m leg\u0103tura cu Pre\u015fedintele Rom\u00e2niei sau cu consilierii preziden\u0163iali \u00een afara scrisorilor oficiale care au fost trimise cu privire la amendamentele noastre aduse noului Cod Silvic. De altfel, aceste scrisori sunt publice\u201d &#8211; este pozi\u021bia oficial\u0103 Holzindustrie.<\/p>\n<p data-index=\"13\">Compania austriac\u0103 Holzindustrie Schweighofer a \u00eenceput afacerile \u00een Rom\u00e2nia \u00een 2002, c\u00e2nd Guvernul N\u0103stase a dat o ordonan\u0163\u0103 de urgen\u0163\u0103 care permitea firmelor, pentru prima dat\u0103 dup\u0103 1989, s\u0103 taie cantit\u0103\u0163i mari de lemn: 20 de milioane de metri cubi \u00een urm\u0103torii 10 ani. Premierul \u015fi mini\u015ftrii care au semnat atunci documentul nu \u00ee\u015fi mai amintesc ast\u0103zi nimic.<\/p>\n<p data-index=\"14\"><em><strong>Discu\u0163ie reporter \u2013 Adrian N\u0103stase:<\/strong><\/em><\/p>\n<p data-index=\"15\"><strong><span>Adrian N\u0103stase: \u00cemi cer scuze, eu trebuie s\u0103 plec. Pe de alt\u0103 parte, v\u0103 rog s\u0103 contacta\u0163i pe cei care cunosc acest proiect. <\/span><\/strong><\/p>\n<p data-index=\"16\"><strong>Reporter: \u00cen 2002 dumneavoastr\u0103 a\u0163i semnat ordonan\u0163a de urgen\u0163\u0103.<\/strong><\/p>\n<p data-index=\"17\"><strong><span>Adrian N\u0103stase: \u00cemi pare r\u0103u. Am semnat c\u00e2teva mii de hot\u0103r\u00e2ri de guvern \u015fi de ordonan\u0163e de urgen\u0163\u0103. <\/span><\/strong><\/p>\n<p data-index=\"18\">\u201e<span>\u00cemi pare r\u0103u, dar de o ordonan\u0163\u0103 de acu&#8217; 13 ani nu \u00eemi mai aduc aminte. Este chiar dificil s\u0103-mi aduc aminte. Nici m\u0103car nu mi-am adus aminte de numele acelei societ\u0103\u0163i\u201d, a fost reac\u021bia fostului ministru Dan Ioan Popescu.<\/span><\/p>\n<\/div>\n<p> Source URL: https:\/\/www.digi24.ro\/stiri\/actualitate\/politica\/scandalul-lobby-pentru-schweighofer-holzindustrie-acuzatii-si-explicatiile-politicienilor-391694<\/p>\n","protected":false},"excerpt":{"rendered":"<p>Actualul consilier preziden\u0163ial Dan Mihalache depune \u00een 2008 o interpelare \u00een Parlament, \u00een care f\u0103cea referire direct\u0103 la compania austric\u0103. \u201eUn mare investitor, SC Schweighofer Holzindustrie Sebe\u015f, este \u00eempiedicat s\u0103 \u00ee\u015fi desf\u0103\u015foare activitatea \u00een condi\u0163ii normale\u201d, ar\u0103ta atunci Dan Mihalache. Acum, consilierul preziden\u021bial spune: \u201eDac\u0103 unii se preocup\u0103 de interpel\u0103ri f\u0103cute de mine acum 7 [&hellip;]<\/p>\n","protected":false},"author":1,"featured_media":181750,"comment_status":"open","ping_status":"","sticky":false,"template":"","format":"standard","meta":{"footnotes":""},"categories":[2],"tags":[11],"class_list":["post-181749","post","type-post","status-publish","format-standard","has-post-thumbnail","hentry","category-politics","tag-digi24"],"_links":{"self":[{"href":"https:\/\/analyse.optim.biz\/index.php?rest_route=\/wp\/v2\/posts\/181749","targetHints":{"allow":["GET"]}}],"collection":[{"href":"https:\/\/analyse.optim.biz\/index.php?rest_route=\/wp\/v2\/posts"}],"about":[{"href":"https:\/\/analyse.optim.biz\/index.php?rest_route=\/wp\/v2\/types\/post"}],"author":[{"embeddable":true,"href":"https:\/\/analyse.optim.biz\/index.php?rest_route=\/wp\/v2\/users\/1"}],"replies":[{"embeddable":true,"href":"https:\/\/analyse.optim.biz\/index.php?rest_route=%2Fwp%2Fv2%2Fcomments&post=181749"}],"version-history":[{"count":0,"href":"https:\/\/analyse.optim.biz\/index.php?rest_route=\/wp\/v2\/posts\/181749\/revisions"}],"wp:featuredmedia":[{"embeddable":true,"href":"https:\/\/analyse.optim.biz\/index.php?rest_route=\/wp\/v2\/media\/181750"}],"wp:attachment":[{"href":"https:\/\/analyse.optim.biz\/index.php?rest_route=%2Fwp%2Fv2%2Fmedia&parent=181749"}],"wp:term":[{"taxonomy":"category","embeddable":true,"href":"https:\/\/analyse.optim.biz\/index.php?rest_route=%2Fwp%2Fv2%2Fcategories&post=181749"},{"taxonomy":"post_tag","embeddable":true,"href":"https:\/\/analyse.optim.biz\/index.php?rest_route=%2Fwp%2Fv2%2Ftags&post=181749"}],"curies":[{"name":"wp","href":"https:\/\/api.w.org\/{rel}","templated":true}]}}