{"id":181746,"date":"2015-05-14T21:40:50","date_gmt":"2015-05-14T18:40:50","guid":{"rendered":"https:\/\/analyse.optim.biz\/?p=181746"},"modified":"2015-05-14T21:40:50","modified_gmt":"2015-05-14T18:40:50","slug":"klaus-iohannis-despre-legea-votului-prin-corespondenta-sunt-nemultumit","status":"publish","type":"post","link":"https:\/\/analyse.optim.biz\/?p=181746","title":{"rendered":"Klaus Iohannis, despre legea votului prin coresponden\u021b\u0103: Sunt nemul\u021bumit"},"content":{"rendered":"<div class=\"entry data-app-meta data-app-meta-article\" data-embed-base-url-canonical=\"https:\/\/www.digi24.ro\/embed\/stiri\/actualitate\/politica\/klaus-iohannis-despre-legea-votului-prin-corespondenta-sunt-nemultumit-391696\">\n<p data-index=\"1\">\u00a0<img decoding=\"async\" src=\"https:\/\/analyse.optim.biz\/wp-content\/uploads\/2024\/09\/jnc9odawjmhhc2g9ywvinzhlyjuzzdfjmmq4y2m3zjnimze5nge2mdqxmgu-thumb_.jpg\" data-skip-htmlfix=\"1\" title=\"jnc9odawjmhhc2g9ywvinzhlyjuzzdfjmmq4y2m3zjnimze5nge2mdqxmgu-thumb_\"><\/p>\n<p data-index=\"2\">\u201e<strong>Vreau s\u0103 m\u0103 refer la o lege, pe care toate partidele au promis c\u0103 o vor adopta, cea privind votul rom\u00e2nilor din diaspora, respectiv votul prin coresponden\u021b\u0103.<\/strong> E momentul s\u0103 o spun direct: sunt nemul\u021bumit de modul \u00een care e gestionat acest proiect. (&#8230;) Voi discuta cu partidele politice din nou \u0219i o voi face de at\u00e2tea ori c\u00e2t e nevoie pentru a mi\u0219ca acest proiect important \u0219i pentru dumneavoastr\u0103, (&#8230;) \u0219i pentru to\u021bi aleg\u0103torii\u201d, a spus Iohannis, \u00een cadrul unui discurs sus\u021binut la o \u00eent\u00e2lnire cu diaspora rom\u00e2n\u0103 din Milano, scrie\u00a0<a href=\"http:\/\/www.agerpres.ro\/politica\/2015\/05\/14\/iohannis-despre-legea-votului-prin-corespondenta-sunt-nemultumit-de-modul-in-care-e-gestionat-acest-proiect-20-46-55\" data-skip-linkfix=\"1\">agerpres.ro<\/a>.<\/p>\n<p data-index=\"3\">El a precizat c\u0103 \u00een cazul altor legi, precum cele care privesc partidele politice sau finan\u021barea acestora, s-au f\u0103cut progrese, dar, \u00een cazul legii referitoare la votul pentru diaspora, se \u201ebate pasul pe loc\u201d.<\/p>\n<p data-index=\"4\">Pe de alt\u0103 parte, pre\u0219edintele Klaus Iohannis a mai spus c\u0103 schimbarea legisla\u021biei electorale reprezint\u0103 &#8220;un prim pas&#8221; \u00een reforma institu\u021biilor politice, c\u0103 acest pas este unul \u201eesen\u021bial, dar nu suficient\u201d, \u00eentruc\u00e2t este necesar\u0103 \u0219i o reformare intern\u0103 a partidelor.<\/p>\n<p data-index=\"5\"><strong>\u0218eful statului rom\u00e2n s-a adresat reprezentan\u021bilor diasporei, afirm\u00e2nd c\u0103 \u00eencearc\u0103 s\u0103 r\u0103spund\u0103 a\u0219tept\u0103rilor pe care rom\u00e2nii din afara grani\u021belor le au de la el.<\/strong><\/p>\n<p data-index=\"6\">&#8220;\u0218tiu c\u0103 ave\u021bi speran\u021be mari, \u0219tiu c\u0103, dup\u0103 ani de deziluzii, timpul nu mai are r\u0103bdare \u0219i c\u0103 ave\u021bi a\u0219tept\u0103ri de la mine. Le \u00een\u021beleg \u0219i \u00eencerc s\u0103 r\u0103spund la ele. Poate nu \u00een modul consacrat \u00een ultimii 25 de ani \u00een politica rom\u00e2neasc\u0103, dar cu siguran\u021b\u0103 voi r\u0103spunde la ele \u00een modul meu, p\u0103str\u00e2nd ni\u0219te principii \u0219i valori \u0219i onor\u00e2nd promisiunea de a face o altfel de politic\u0103&#8221;, le-a transmis Iohannis reprezentan\u021bilor diasporei.<\/p>\n<\/div>\n<p> Source URL: https:\/\/www.digi24.ro\/stiri\/actualitate\/politica\/klaus-iohannis-despre-legea-votului-prin-corespondenta-sunt-nemultumit-391696<\/p>\n","protected":false},"excerpt":{"rendered":"<p>\u00a0 \u201eVreau s\u0103 m\u0103 refer la o lege, pe care toate partidele au promis c\u0103 o vor adopta, cea privind votul rom\u00e2nilor din diaspora, respectiv votul prin coresponden\u021b\u0103. E momentul s\u0103 o spun direct: sunt nemul\u021bumit de modul \u00een care e gestionat acest proiect. (&#8230;) Voi discuta cu partidele politice din nou \u0219i o voi [&hellip;]<\/p>\n","protected":false},"author":1,"featured_media":181747,"comment_status":"open","ping_status":"","sticky":false,"template":"","format":"standard","meta":{"footnotes":""},"categories":[2],"tags":[11],"class_list":["post-181746","post","type-post","status-publish","format-standard","has-post-thumbnail","hentry","category-politics","tag-digi24"],"_links":{"self":[{"href":"https:\/\/analyse.optim.biz\/index.php?rest_route=\/wp\/v2\/posts\/181746","targetHints":{"allow":["GET"]}}],"collection":[{"href":"https:\/\/analyse.optim.biz\/index.php?rest_route=\/wp\/v2\/posts"}],"about":[{"href":"https:\/\/analyse.optim.biz\/index.php?rest_route=\/wp\/v2\/types\/post"}],"author":[{"embeddable":true,"href":"https:\/\/analyse.optim.biz\/index.php?rest_route=\/wp\/v2\/users\/1"}],"replies":[{"embeddable":true,"href":"https:\/\/analyse.optim.biz\/index.php?rest_route=%2Fwp%2Fv2%2Fcomments&post=181746"}],"version-history":[{"count":0,"href":"https:\/\/analyse.optim.biz\/index.php?rest_route=\/wp\/v2\/posts\/181746\/revisions"}],"wp:featuredmedia":[{"embeddable":true,"href":"https:\/\/analyse.optim.biz\/index.php?rest_route=\/wp\/v2\/media\/181747"}],"wp:attachment":[{"href":"https:\/\/analyse.optim.biz\/index.php?rest_route=%2Fwp%2Fv2%2Fmedia&parent=181746"}],"wp:term":[{"taxonomy":"category","embeddable":true,"href":"https:\/\/analyse.optim.biz\/index.php?rest_route=%2Fwp%2Fv2%2Fcategories&post=181746"},{"taxonomy":"post_tag","embeddable":true,"href":"https:\/\/analyse.optim.biz\/index.php?rest_route=%2Fwp%2Fv2%2Ftags&post=181746"}],"curies":[{"name":"wp","href":"https:\/\/api.w.org\/{rel}","templated":true}]}}