{"id":181686,"date":"2015-05-15T16:49:41","date_gmt":"2015-05-15T13:49:41","guid":{"rendered":"https:\/\/analyse.optim.biz\/?p=181686"},"modified":"2015-05-15T16:49:41","modified_gmt":"2015-05-15T13:49:41","slug":"surse-klaus-iohannis-a-refuzat-sa-faca-un-selfie-cu-procurorul-daniel-horodniceanu","status":"publish","type":"post","link":"https:\/\/analyse.optim.biz\/?p=181686","title":{"rendered":"Surse: Klaus Iohannis a refuzat s\u0103 fac\u0103 un selfie cu procurorul Daniel Horodniceanu"},"content":{"rendered":"<div class=\"entry data-app-meta data-app-meta-article\" data-embed-base-url-canonical=\"https:\/\/www.digi24.ro\/embed\/stiri\/actualitate\/politica\/surse-klaus-iohannis-a-refuzat-sa-faca-un-selfie-cu-procurorul-daniel-horodniceanu-392025\">\n<p data-index=\"1\"><strong>Klaus Iohannis<\/strong> i-ar fi atras aten\u0163ia magistratului c\u0103 particip\u0103 totu\u015fi la o \u00eent\u00e2lnire oficial\u0103.<\/p>\n<p data-index=\"2\">Discu\u0163ia ar fi avut loc mar\u0163i diminea\u0163a, a doua zi dup\u0103 ce pre\u015fedintele a cerut oficial Consiliului Superior al Magistraturii stenograma interviului dat de<strong> Daniel Horodniceanu<\/strong> pentru \u015fefia DIICOT. \u00cen urma acestui interviu dat \u00een fa\u0163a CSM, procurorul a primi aviz favorabil.<\/p>\n<p data-index=\"3\">Pre\u015fedintele Klaus Iohannis a declarat c\u0103 va anun\u0163a s\u0103pt\u0103m\u00e2na viitoare decizia privind numirea \u015fefului DIICOT. \u00a0<\/p>\n<\/div>\n<p> Source URL: https:\/\/www.digi24.ro\/stiri\/actualitate\/politica\/surse-klaus-iohannis-a-refuzat-sa-faca-un-selfie-cu-procurorul-daniel-horodniceanu-392025<\/p>\n","protected":false},"excerpt":{"rendered":"<p>Klaus Iohannis i-ar fi atras aten\u0163ia magistratului c\u0103 particip\u0103 totu\u015fi la o \u00eent\u00e2lnire oficial\u0103. Discu\u0163ia ar fi avut loc mar\u0163i diminea\u0163a, a doua zi dup\u0103 ce pre\u015fedintele a cerut oficial Consiliului Superior al Magistraturii stenograma interviului dat de Daniel Horodniceanu pentru \u015fefia DIICOT. \u00cen urma acestui interviu dat \u00een fa\u0163a CSM, procurorul a primi aviz [&hellip;]<\/p>\n","protected":false},"author":1,"featured_media":181687,"comment_status":"open","ping_status":"","sticky":false,"template":"","format":"standard","meta":{"footnotes":""},"categories":[2],"tags":[11],"class_list":["post-181686","post","type-post","status-publish","format-standard","has-post-thumbnail","hentry","category-politics","tag-digi24"],"_links":{"self":[{"href":"https:\/\/analyse.optim.biz\/index.php?rest_route=\/wp\/v2\/posts\/181686","targetHints":{"allow":["GET"]}}],"collection":[{"href":"https:\/\/analyse.optim.biz\/index.php?rest_route=\/wp\/v2\/posts"}],"about":[{"href":"https:\/\/analyse.optim.biz\/index.php?rest_route=\/wp\/v2\/types\/post"}],"author":[{"embeddable":true,"href":"https:\/\/analyse.optim.biz\/index.php?rest_route=\/wp\/v2\/users\/1"}],"replies":[{"embeddable":true,"href":"https:\/\/analyse.optim.biz\/index.php?rest_route=%2Fwp%2Fv2%2Fcomments&post=181686"}],"version-history":[{"count":0,"href":"https:\/\/analyse.optim.biz\/index.php?rest_route=\/wp\/v2\/posts\/181686\/revisions"}],"wp:featuredmedia":[{"embeddable":true,"href":"https:\/\/analyse.optim.biz\/index.php?rest_route=\/wp\/v2\/media\/181687"}],"wp:attachment":[{"href":"https:\/\/analyse.optim.biz\/index.php?rest_route=%2Fwp%2Fv2%2Fmedia&parent=181686"}],"wp:term":[{"taxonomy":"category","embeddable":true,"href":"https:\/\/analyse.optim.biz\/index.php?rest_route=%2Fwp%2Fv2%2Fcategories&post=181686"},{"taxonomy":"post_tag","embeddable":true,"href":"https:\/\/analyse.optim.biz\/index.php?rest_route=%2Fwp%2Fv2%2Ftags&post=181686"}],"curies":[{"name":"wp","href":"https:\/\/api.w.org\/{rel}","templated":true}]}}