{"id":181675,"date":"2015-05-15T18:36:19","date_gmt":"2015-05-15T15:36:19","guid":{"rendered":"https:\/\/analyse.optim.biz\/?p=181675"},"modified":"2015-05-15T18:36:19","modified_gmt":"2015-05-15T15:36:19","slug":"liviu-dragnea-de-la-pd-in-fruntea-psd-ascensiunea-fostului-sef-al-consiliului-judetean-teleorman","status":"publish","type":"post","link":"https:\/\/analyse.optim.biz\/?p=181675","title":{"rendered":"Liviu Dragnea, de la PD \u00een fruntea PSD. Ascensiunea fostului \u015fef al Consiliului Jude\u0163ean Teleorman"},"content":{"rendered":"<div class=\"entry data-app-meta data-app-meta-article\" data-embed-base-url-canonical=\"https:\/\/www.digi24.ro\/embed\/stiri\/actualitate\/politica\/liviu-dragnea-de-la-pd-in-fruntea-psd-ascensiunea-fostului-sef-al-consiliului-judetean-teleorman-392064\">\n<p data-index=\"1\">La alegerile locale din 2008, Liviu Dragnea a devenit pre\u0219edinte al Consiliului Jude\u021bean Teleorman, pentru al treilea mandat consecutiv. Primul a fost ob\u021binut \u00een anul 2000, sub sigla Partidului Democrat.<\/p>\n<p data-index=\"2\">\u00cen campania pentru alegerile parlamentare din 2008, a fost coordonator al campaniei PSD, \u00eempreun\u0103 cu fostul ministru al Transporturilor, Miron Mitrea. Din 20 ianuarie 2009 a devenit ministru al Administra\u021biei \u0219i Internelor, \u00een locul lui Gabriel Oprea. Liviu Dragnea a demisionat din acest post trei s\u0103pt\u0103m\u00e2ni mai t\u00e2rziu, la 3 februarie 2009.<\/p>\n<p data-index=\"3\">\u00cen decembrie 2012, Liviu Dragnea a candidat la alegerile parlamentare \u015fi a ob\u021binut un mandat de deputat pe listele Uniunii Social-Liberale. Pe 21 decembrie 2012 a devenit vicepremier, ministrul Administra\u021biei \u0219i Dezvolt\u0103rii Regionale. Liviu Dragnea a declarat c\u0103 prioritatea sa este realizarea descentraliz\u0103rii administrative a Rom\u00e2niei.<\/p>\n<p data-index=\"4\">Curtea Constitu\u0163ional\u0103 a respins, \u00eens\u0103, proiectul promovat de<strong> Liviu Dragnea<\/strong>.<\/p>\n<p data-index=\"5\">Pe plan politic, \u00een 2013 a fost ales pre\u0219edinte executiv al PSD, func\u021bie nou \u00eenfiin\u021bat\u0103 \u00een partid. \u00cen 2014, Liviu Dragnea spunea c\u0103 nu exclude s\u0103 candideze pentru \u015fefia partidului, \u00een tandem cu Sebastian Ghi\u0163\u0103.<\/p>\n<p data-index=\"6\">Dup\u0103 e\u015fecul la alegerile preziden\u0163iale din noiembrie 2014, Liviu Dragnea a sus\u0163inut c\u0103 Victor Ponta nu trebuie s\u0103 demisioneze din func\u0163iile de\u0163inute.<\/p>\n<p data-index=\"7\">\u00cen noul guvern condus de<strong> Victor Ponta<\/strong>, \u00eenvestit \u00een decembrie anul trecut, Liviu Dragnea a primit un nou mandat \u00een fruntea Ministerului Dezvolt\u0103rii Regionale \u0219i Administra\u021biei Publice.<\/p>\n<p data-index=\"8\"><strong>Citi\u021bi \u0219i:<\/strong><\/p>\n<p data-index=\"9\"><a href=\"https:\/\/www.digi24.ro\/Stiri\/Digi24\/Actualitate\/Politica\/Victor+Ponta+conferinta+demisie+Liviu+Dragnea\" target=\"_blank\" data-skip-linkfix=\"1\" rel=\"noopener\"><strong>Liviu Dragnea a demisionat din Guvern, dup\u0103 condamnarea din dosarul \u201eReferendumul\u201d<\/strong><\/a><\/p>\n<\/div>\n<p> Source URL: https:\/\/www.digi24.ro\/stiri\/actualitate\/politica\/liviu-dragnea-de-la-pd-in-fruntea-psd-ascensiunea-fostului-sef-al-consiliului-judetean-teleorman-392064<\/p>\n","protected":false},"excerpt":{"rendered":"<p>La alegerile locale din 2008, Liviu Dragnea a devenit pre\u0219edinte al Consiliului Jude\u021bean Teleorman, pentru al treilea mandat consecutiv. Primul a fost ob\u021binut \u00een anul 2000, sub sigla Partidului Democrat. \u00cen campania pentru alegerile parlamentare din 2008, a fost coordonator al campaniei PSD, \u00eempreun\u0103 cu fostul ministru al Transporturilor, Miron Mitrea. Din 20 ianuarie 2009 [&hellip;]<\/p>\n","protected":false},"author":1,"featured_media":181676,"comment_status":"open","ping_status":"","sticky":false,"template":"","format":"standard","meta":{"footnotes":""},"categories":[2],"tags":[11],"class_list":["post-181675","post","type-post","status-publish","format-standard","has-post-thumbnail","hentry","category-politics","tag-digi24"],"_links":{"self":[{"href":"https:\/\/analyse.optim.biz\/index.php?rest_route=\/wp\/v2\/posts\/181675","targetHints":{"allow":["GET"]}}],"collection":[{"href":"https:\/\/analyse.optim.biz\/index.php?rest_route=\/wp\/v2\/posts"}],"about":[{"href":"https:\/\/analyse.optim.biz\/index.php?rest_route=\/wp\/v2\/types\/post"}],"author":[{"embeddable":true,"href":"https:\/\/analyse.optim.biz\/index.php?rest_route=\/wp\/v2\/users\/1"}],"replies":[{"embeddable":true,"href":"https:\/\/analyse.optim.biz\/index.php?rest_route=%2Fwp%2Fv2%2Fcomments&post=181675"}],"version-history":[{"count":0,"href":"https:\/\/analyse.optim.biz\/index.php?rest_route=\/wp\/v2\/posts\/181675\/revisions"}],"wp:featuredmedia":[{"embeddable":true,"href":"https:\/\/analyse.optim.biz\/index.php?rest_route=\/wp\/v2\/media\/181676"}],"wp:attachment":[{"href":"https:\/\/analyse.optim.biz\/index.php?rest_route=%2Fwp%2Fv2%2Fmedia&parent=181675"}],"wp:term":[{"taxonomy":"category","embeddable":true,"href":"https:\/\/analyse.optim.biz\/index.php?rest_route=%2Fwp%2Fv2%2Fcategories&post=181675"},{"taxonomy":"post_tag","embeddable":true,"href":"https:\/\/analyse.optim.biz\/index.php?rest_route=%2Fwp%2Fv2%2Ftags&post=181675"}],"curies":[{"name":"wp","href":"https:\/\/api.w.org\/{rel}","templated":true}]}}