{"id":181672,"date":"2015-05-15T21:22:03","date_gmt":"2015-05-15T18:22:03","guid":{"rendered":"https:\/\/analyse.optim.biz\/?p=181672"},"modified":"2015-05-15T21:22:03","modified_gmt":"2015-05-15T18:22:03","slug":"victor-ponta-in-conducerea-pnl-au-ramas-lasi-si-impostori-replica-alinei-gorghiu","status":"publish","type":"post","link":"https:\/\/analyse.optim.biz\/?p=181672","title":{"rendered":"Victor Ponta: \u00cen conducerea PNL au r\u0103mas la\u015fi \u015fi impostori. Replica Alinei Gorghiu"},"content":{"rendered":"<div class=\"entry data-app-meta data-app-meta-article\" data-embed-base-url-canonical=\"https:\/\/www.digi24.ro\/embed\/stiri\/actualitate\/politica\/victor-ponta-in-conducerea-pnl-au-ramas-lasi-si-impostori-replica-alinei-gorghiu-392124\">\n<p data-index=\"1\">\u00a0<img decoding=\"async\" src=\"https:\/\/analyse.optim.biz\/wp-content\/uploads\/2024\/09\/zme3mtuwmdy1njk5yzuwowy3ztrjngzjnjq-thumb_.jpg\" data-skip-htmlfix=\"1\" title=\"zme3mtuwmdy1njk5yzuwowy3ztrjngzjnjq-thumb_\"><\/p>\n<p data-index=\"2\">Pre\u015fedintele PSD Victor Ponta \u015fi copre\u015fedintele PNL Alina Gorghiu s-au lansat, vineri, pe Facebook, \u00eentr-un schimb de acuza\u0163ii, social-democratul ar\u0103t\u00e2nd c\u0103 \u00een conducerea PNL au r\u0103mas doar la\u015fi \u015fi impostori, iar Gorghiu replic\u00e2nd c\u0103 premierul este obosit \u015fi agresiv \u015fi ar trebui s\u0103 plece, noteaz\u0103 Mediafax.\u00a0<\/p>\n<p data-index=\"3\"><strong><span>Ponta a \u0163inut s\u0103 r\u0103spund\u0103 printr-o postare pe Facebook la apelul PNL, care ceruse demisia lui\u00a0Liviu Dragnea\u00a0din func\u0163ia de ministru, \u00eenainte ca secretarul general al PSD s\u0103 fac\u0103 anun\u0163ul oficial.<\/span><\/strong><\/p>\n<p data-index=\"4\">\u201eAcum se confirm\u0103 c\u0103 la conducerea PNL au r\u0103mas doar la\u015fi \u015fi impostori! Nu cumva \u00een 2012, PNL (al\u0103turi de Dragnea \u015fi tot \u202a#\u200eUSL\u202c) a ini\u0163iat, votat \u015fi promovat suspendarea lui B\u0103sescu \u015fi Referendumul pentru demitere? Nu cumva liderii PNL au f\u0103cut campanie cot la cot cu noi \u00eendemn\u00e2nd oamenii s\u0103 vina la vot? Nu cumva a\u0163i ajuns to\u0163i \u00een Parlament pe spinarea celor 7,4 milioane de rom\u00e2ni? E clar c\u0103 nu mai exist\u0103 liberali \u00een conducerea PNL &#8211; doar pedeli\u015fti vopsi\u0163i! S\u0103 v\u0103 fie ru\u015fine!\u201d, a scris Ponta pe Facebook.<\/p>\n<p data-index=\"5\">\u00cen replic\u0103, copre\u015fedintele PNL\u00a0Alina Gorghiu\u00a0a scris, tot pe Facebook, c\u0103 \u201eVictor Ponta\u00a0este din ce \u00een ce mai obosit, iar efectele zdrobitoarei \u00eenfr\u00e2ngeri din campania preziden\u0163ial\u0103 se deconteaz\u0103, iat\u0103, la c\u00e2teva luni\u201d.<\/p>\n<p data-index=\"6\">\u201eE agresiv cu toat\u0103 lumea, cu Pre\u015fedintele, cu presa, cu opozi\u0163ia, cu propriul partid. \u00cel sf\u0103tuiesc s\u0103 admit\u0103 c\u0103 nu mai face fa\u0163\u0103 evenimentelor \u015fi s\u0103 plece\u201d, a scris Gorghiu.<\/p>\n<p data-index=\"7\">\u201eDac\u0103 \u00eens\u0103 insist\u0103 s\u0103 g\u0103seasc\u0103 \u00een PNL vinova\u0163ii pentru tot ceea ce i se \u00eent\u00e2mpl\u0103, m\u0103 v\u0103d nevoit\u0103, chiar dac\u0103 nu \u00eemi face nicio pl\u0103cere, s\u0103 \u00eei reamintesc c\u00e2teva jaloane care i-au marcat cariera politic\u0103, \u00een singurul stil pe care poate s\u0103 \u00eel \u00een\u0163eleag\u0103\u201d, a mai ar\u0103tat aceasta.<\/p>\n<p data-index=\"8\">Potrivit lui Gorghiu, \u201eVictor Ponta \u015fi-a construit \u00eentreaga carier\u0103 politic\u0103 pe spinarea \u015fi pe tr\u0103darea celor care au fost al\u0103turi de el\u201d.<\/p>\n<p data-index=\"9\">\u201eMai \u00eent\u00e2i a fost c\u00e2rca lui\u00a0Adrian N\u0103stase, care l-a numit \u015fef al Corpului de Control \u015fi l-a uns, ulterior, \u015fi pre\u015fedinte al tinerilor pesedi\u015fti. Acum, Victor Ponta nu \u015fi-l mai aduce aminte pe fostul premier, dar m\u0103car nu se laud\u0103 \u015fi cu a sa condamnare. Mai apoi, s-a suit \u00een spinarea lui\u00a0Mircea Geoan\u0103, care l-a numit purt\u0103tor de cuv\u00e2nt \u00een campania sa preziden\u0163ial\u0103, iar r\u0103splata lui Victor Ponta a fost c\u0103 nici m\u0103car nu l-a votat. \u00cen 2009, Victor Ponta a ajuns ministru datorit\u0103 prieteniei cu familia Coco\u015f-Udrea, a c\u0103rei arestare \u015fi-a trecut-o recent \u00een CV-ul politic. La Congresul \u00een care a fost ales pre\u015fedinte al PSD, spinarea a fost reprezentat\u0103 de\u00a0Sebastian Ghi\u021b\u0103, singurul de care \u00eenc\u0103 nu s-a dezis. \u00cen fine, Victor Ponta nu ar fi ajuns niciodat\u0103 premier dac\u0103 nu era c\u00e2rca PNL, pe care s-a suit de dou\u0103 ori, \u00een 2012. Bine\u00een\u0163eles c\u0103 urm\u0103rile au fost similare: Ponta l-a tr\u0103dat pe\u00a0Crin Antonescu\u00a0pentru a candida el \u00eensu\u015fi la pre\u015fedin\u0163ie\u201d, a apreciat copre\u015fedintele PNL.<\/p>\n<p data-index=\"10\">Alina Gorghiu \u00eei adreseaz\u0103 \u015fi o \u00eentrebare premierului, \u00een finalul post\u0103rii de pe Facebook: \u201dDle Ponta, unde au fost cei 7,4 milioane de rom\u00e2ni la care face\u0163i referire, at\u00e2t de des, ca la un tezaur din proprietate personal\u0103, atunci c\u00e2nd le-a\u0163i cerut votul \u00een noiembrie 2014?\u201d.<\/p>\n<\/div>\n<p> Source URL: https:\/\/www.digi24.ro\/stiri\/actualitate\/politica\/victor-ponta-in-conducerea-pnl-au-ramas-lasi-si-impostori-replica-alinei-gorghiu-392124<\/p>\n","protected":false},"excerpt":{"rendered":"<p>\u00a0 Pre\u015fedintele PSD Victor Ponta \u015fi copre\u015fedintele PNL Alina Gorghiu s-au lansat, vineri, pe Facebook, \u00eentr-un schimb de acuza\u0163ii, social-democratul ar\u0103t\u00e2nd c\u0103 \u00een conducerea PNL au r\u0103mas doar la\u015fi \u015fi impostori, iar Gorghiu replic\u00e2nd c\u0103 premierul este obosit \u015fi agresiv \u015fi ar trebui s\u0103 plece, noteaz\u0103 Mediafax.\u00a0 Ponta a \u0163inut s\u0103 r\u0103spund\u0103 printr-o postare pe [&hellip;]<\/p>\n","protected":false},"author":1,"featured_media":181673,"comment_status":"open","ping_status":"","sticky":false,"template":"","format":"standard","meta":{"footnotes":""},"categories":[2],"tags":[11],"class_list":["post-181672","post","type-post","status-publish","format-standard","has-post-thumbnail","hentry","category-politics","tag-digi24"],"_links":{"self":[{"href":"https:\/\/analyse.optim.biz\/index.php?rest_route=\/wp\/v2\/posts\/181672","targetHints":{"allow":["GET"]}}],"collection":[{"href":"https:\/\/analyse.optim.biz\/index.php?rest_route=\/wp\/v2\/posts"}],"about":[{"href":"https:\/\/analyse.optim.biz\/index.php?rest_route=\/wp\/v2\/types\/post"}],"author":[{"embeddable":true,"href":"https:\/\/analyse.optim.biz\/index.php?rest_route=\/wp\/v2\/users\/1"}],"replies":[{"embeddable":true,"href":"https:\/\/analyse.optim.biz\/index.php?rest_route=%2Fwp%2Fv2%2Fcomments&post=181672"}],"version-history":[{"count":0,"href":"https:\/\/analyse.optim.biz\/index.php?rest_route=\/wp\/v2\/posts\/181672\/revisions"}],"wp:featuredmedia":[{"embeddable":true,"href":"https:\/\/analyse.optim.biz\/index.php?rest_route=\/wp\/v2\/media\/181673"}],"wp:attachment":[{"href":"https:\/\/analyse.optim.biz\/index.php?rest_route=%2Fwp%2Fv2%2Fmedia&parent=181672"}],"wp:term":[{"taxonomy":"category","embeddable":true,"href":"https:\/\/analyse.optim.biz\/index.php?rest_route=%2Fwp%2Fv2%2Fcategories&post=181672"},{"taxonomy":"post_tag","embeddable":true,"href":"https:\/\/analyse.optim.biz\/index.php?rest_route=%2Fwp%2Fv2%2Ftags&post=181672"}],"curies":[{"name":"wp","href":"https:\/\/api.w.org\/{rel}","templated":true}]}}