{"id":181650,"date":"2015-05-16T11:56:49","date_gmt":"2015-05-16T08:56:49","guid":{"rendered":"https:\/\/analyse.optim.biz\/?p=181650"},"modified":"2015-05-16T11:56:49","modified_gmt":"2015-05-16T08:56:49","slug":"lista-celor-13-ministri-cu-probleme-penale-din-guvernele-ponta","status":"publish","type":"post","link":"https:\/\/analyse.optim.biz\/?p=181650","title":{"rendered":"Lista celor 13 mini\u0219tri cu probleme penale din guvernele Ponta"},"content":{"rendered":"<div class=\"entry data-app-meta data-app-meta-article\" data-embed-base-url-canonical=\"https:\/\/www.digi24.ro\/embed\/stiri\/actualitate\/politica\/lista-celor-13-ministri-cu-probleme-penale-din-guvernele-ponta-392194\">\n<p data-index=\"1\"><strong><br \/><\/strong><\/p>\n<p data-index=\"2\"><strong>Liviu Dragnea<\/strong><\/p>\n<p data-index=\"3\">&#8211; condamnat \u00een prim\u0103 instan\u0163\u0103 la 1 an de \u00eenchisoare cu suspendare<\/p>\n<p data-index=\"4\">&#8211; \u015fi-a dat imediat demisia de la Ministerul Dezvolt\u0103rii<\/p>\n<p data-index=\"5\"><strong>Relu Fenechiu<\/strong><\/p>\n<p data-index=\"6\">&#8211; condamnat \u00een timpul mandatului<\/p>\n<p data-index=\"7\">&#8211; \u00eencarcerat pentru 5 ani<\/p>\n<p data-index=\"8\">&#8211; fost ministru al Transporturilor\u00a0<\/p>\n<p data-index=\"9\"><strong>Darius V\u00e2lcov<\/strong><\/p>\n<p data-index=\"10\">&#8211; urm\u0103rit penal pentru trafic de influen\u0163\u0103<\/p>\n<p data-index=\"11\">&#8211; \u015fi-a dat demisia de la Ministerul Finan\u0163elor<\/p>\n<p data-index=\"12\">&#8211; arestat preventiv<\/p>\n<p data-index=\"13\">\u00a0<strong>Mircea Diaconu<\/strong><\/p>\n<p data-index=\"14\">&#8211; urm\u0103rit penal pentru conflict de interese<\/p>\n<p data-index=\"15\">&#8211; pus sub acuzare \u00een timpul mandatului la Ministerul Culturii<\/p>\n<p data-index=\"16\">&#8211; achitat definitiv<\/p>\n<p data-index=\"17\">\u00a0<strong>Daniel Chi\u0163oiu<\/strong><\/p>\n<p data-index=\"18\">&#8211; anchetat \u00een dosarul ASF<\/p>\n<p data-index=\"19\">&#8211; Camera Deputa\u0163ilor a respins cercetarea<\/p>\n<p data-index=\"20\">&#8211; fost ministru al Finan\u0163elor<\/p>\n<p data-index=\"21\">\u00a0<strong>Victor Paul Dobre<\/strong><\/p>\n<p data-index=\"22\">&#8211; anchetat \u00eentr-un dosar legat de referendum<\/p>\n<p data-index=\"23\">&#8211; Camera Deputa\u0163ilor a respins cercetarea<\/p>\n<p data-index=\"24\">&#8211; dosarul a fost clasat<\/p>\n<p data-index=\"25\">&#8211; fost ministru al Administra\u0163iei<\/p>\n<p data-index=\"26\">\u00a0<strong>Varujan Vosganian<\/strong><\/p>\n<p data-index=\"27\">&#8211; anchetat \u00een dosarul &#8220;Gaze ieftine&#8221;<\/p>\n<p data-index=\"28\">&#8211; Senatul a respins anchetarea<\/p>\n<p data-index=\"29\">&#8211; fost ministru al Economiei<\/p>\n<p data-index=\"30\"><strong>Dan \u015eova<\/strong><\/p>\n<p data-index=\"31\">&#8211; fost ministru al Transporturilor, al Infrastructurii \u015fi pentru Rela\u0163ia cu Parlamentul<\/p>\n<p data-index=\"32\">&#8211; anchetat \u00een dosarul Turceni-Rovinari<\/p>\n<p data-index=\"33\">&#8211; Senatul a respins cererea de arestare<\/p>\n<p data-index=\"34\"><strong>Cristian David<\/strong><\/p>\n<p data-index=\"35\">&#8211; fost ministru pentru Rela\u0163ia cu rom\u00e2nii de pretutindeni<\/p>\n<p data-index=\"36\">&#8211; anchetat \u015fi arestat pentru luare de mit\u0103<\/p>\n<p data-index=\"37\">&#8211; cercetat sub control judiciar<\/p>\n<p data-index=\"38\"><strong>Dan Nica<\/strong><\/p>\n<p data-index=\"39\">&#8211; fost ministru al Comunica\u0163iilor<\/p>\n<p data-index=\"40\">&#8211; anchetat \u00een dosarul Microsoft<\/p>\n<p data-index=\"41\"><strong>Ovidiu Silaghi<\/strong><\/p>\n<p data-index=\"42\">&#8211; fost ministru al Transporturilor<\/p>\n<p data-index=\"43\">&#8211; anchetat pentru trafic de influen\u0163\u0103<\/p>\n<p data-index=\"44\"><strong>Ecaterina Andronescu<\/strong><\/p>\n<p data-index=\"45\">&#8211; fost ministru al Educa\u0163iei<\/p>\n<p data-index=\"46\">&#8211; anchetat\u0103 \u00een dosarul Microsoft<\/p>\n<p data-index=\"47\"><strong>Corneliu Dobri\u0163oiu<\/strong><\/p>\n<p data-index=\"48\">&#8211; fost ministru al Ap\u0103r\u0103rii<\/p>\n<p data-index=\"49\">&#8211; condamnat \u00een prim\u0103 instan\u0163\u0103 la un an de \u00eenchisoare cu suspendare<\/p>\n<p data-index=\"50\"><strong>Ioan Mang<\/strong><\/p>\n<p data-index=\"51\">&#8211; fost ministru al Educa\u0163iei<\/p>\n<p data-index=\"52\">&#8211; acuzat de plagiat<\/p>\n<p data-index=\"53\">&#8211; \u015fi-a dat demisia dup\u0103 o s\u0103pt\u0103m\u00e2n\u0103\u00a0<\/p>\n<p data-index=\"54\">Citi\u021bi \u0219i:<\/p>\n<h5><a href=\"https:\/\/www.digi24.ro\/Stiri\/Digi24\/Actualitate\/Politica\/C+T+Popescu+Sentinta+primita+de+Liviu+Dragnea+e+o+dojana\" target=\"_blank\" data-skip-linkfix=\"1\" rel=\"noopener\">C.T. Popescu: Sentin\u021ba primit\u0103 de Liviu Dragnea e \u201eo dojan\u0103\u201d<\/a><\/h5>\n<\/div>\n<p> Source URL: https:\/\/www.digi24.ro\/stiri\/actualitate\/politica\/lista-celor-13-ministri-cu-probleme-penale-din-guvernele-ponta-392194<\/p>\n","protected":false},"excerpt":{"rendered":"<p>Liviu Dragnea &#8211; condamnat \u00een prim\u0103 instan\u0163\u0103 la 1 an de \u00eenchisoare cu suspendare &#8211; \u015fi-a dat imediat demisia de la Ministerul Dezvolt\u0103rii Relu Fenechiu &#8211; condamnat \u00een timpul mandatului &#8211; \u00eencarcerat pentru 5 ani &#8211; fost ministru al Transporturilor\u00a0 Darius V\u00e2lcov &#8211; urm\u0103rit penal pentru trafic de influen\u0163\u0103 &#8211; \u015fi-a dat demisia de la [&hellip;]<\/p>\n","protected":false},"author":1,"featured_media":181651,"comment_status":"open","ping_status":"","sticky":false,"template":"","format":"standard","meta":{"footnotes":""},"categories":[2],"tags":[11],"class_list":["post-181650","post","type-post","status-publish","format-standard","has-post-thumbnail","hentry","category-politics","tag-digi24"],"_links":{"self":[{"href":"https:\/\/analyse.optim.biz\/index.php?rest_route=\/wp\/v2\/posts\/181650","targetHints":{"allow":["GET"]}}],"collection":[{"href":"https:\/\/analyse.optim.biz\/index.php?rest_route=\/wp\/v2\/posts"}],"about":[{"href":"https:\/\/analyse.optim.biz\/index.php?rest_route=\/wp\/v2\/types\/post"}],"author":[{"embeddable":true,"href":"https:\/\/analyse.optim.biz\/index.php?rest_route=\/wp\/v2\/users\/1"}],"replies":[{"embeddable":true,"href":"https:\/\/analyse.optim.biz\/index.php?rest_route=%2Fwp%2Fv2%2Fcomments&post=181650"}],"version-history":[{"count":0,"href":"https:\/\/analyse.optim.biz\/index.php?rest_route=\/wp\/v2\/posts\/181650\/revisions"}],"wp:featuredmedia":[{"embeddable":true,"href":"https:\/\/analyse.optim.biz\/index.php?rest_route=\/wp\/v2\/media\/181651"}],"wp:attachment":[{"href":"https:\/\/analyse.optim.biz\/index.php?rest_route=%2Fwp%2Fv2%2Fmedia&parent=181650"}],"wp:term":[{"taxonomy":"category","embeddable":true,"href":"https:\/\/analyse.optim.biz\/index.php?rest_route=%2Fwp%2Fv2%2Fcategories&post=181650"},{"taxonomy":"post_tag","embeddable":true,"href":"https:\/\/analyse.optim.biz\/index.php?rest_route=%2Fwp%2Fv2%2Ftags&post=181650"}],"curies":[{"name":"wp","href":"https:\/\/api.w.org\/{rel}","templated":true}]}}