{"id":181639,"date":"2015-05-16T14:32:42","date_gmt":"2015-05-16T11:32:42","guid":{"rendered":"https:\/\/analyse.optim.biz\/?p=181639"},"modified":"2015-05-16T14:32:42","modified_gmt":"2015-05-16T11:32:42","slug":"presedintele-klaus-iohannis-despre-demisia-lui-liviu-dragnea-un-gest-adecvat","status":"publish","type":"post","link":"https:\/\/analyse.optim.biz\/?p=181639","title":{"rendered":"Pre\u0219edintele Klaus Iohannis despre demisia lui Liviu Dragnea: Un gest adecvat"},"content":{"rendered":"<div class=\"entry data-app-meta data-app-meta-article\" data-embed-base-url-canonical=\"https:\/\/www.digi24.ro\/embed\/stiri\/actualitate\/politica\/presedintele-klaus-iohannis-despre-demisia-lui-liviu-dragnea-un-gest-adecvat-392204\">\n<p data-index=\"1\"><em><br \/><\/em><\/p>\n<p data-index=\"2\"><em>A\u0163i discutat cu premierul, a\u0163i primit vreo propunere?<\/em> a fost \u00eentrebat <strong>Klaus Iohannis<\/strong> \u00eenainte de a pleca din Roma, unde a fost \u00een vizit\u0103.<\/p>\n<p data-index=\"3\">\u201eNu am discutat \u00eenc\u0103, probabil ast\u0103zi sau cel pu\u021bin luni vom avea o discu\u0163ie pe aceast\u0103 tem\u0103. \u00cens\u0103 retragerea din Guvern mi se pare un r\u0103spuns adecvat la condamnare\u201d, a r\u0103spuns \u0219eful statului.<\/p>\n<p data-index=\"4\">Liviu Dragnea <a href=\"https:\/\/www.digi24.ro\/Stiri\/Digi24\/Actualitate\/Justitie\/SENTINTA+LIVIU+DRAGNEA+DOSARUL+REFERENDUMULUI\" target=\"_blank\" data-skip-linkfix=\"1\" rel=\"noopener\">a demisionat din func\u0163ia de ministru<\/a> \u015fi din cea de pre\u015fedinte executiv al PSD, dup\u0103 ce a fost condamnat vineri, \u00een prim\u0103 instan\u021b\u0103, la un an de \u00eenchisoare cu suspendare \u00een dosarul referendumului de suspendare a fostului pre\u0219edinte Traian B\u0103sescu.<\/p>\n<p data-index=\"5\">Premierul Victor Ponta a spus c\u0103 se va consulta cu pre\u0219edintele \u00eenainte de a face o nou\u0103 nominalizare pentru postul l\u0103sat vacant de Liviu Dragnea.<\/p>\n<p data-index=\"6\">Citi\u021bi \u0219i:<\/p>\n<h5><a href=\"https:\/\/www.digi24.ro\/Stiri\/Digi24\/Actualitate\/Politica\/C+T+Popescu+Sentinta+primita+de+Liviu+Dragnea+e+o+dojana\" target=\"_blank\" data-skip-linkfix=\"1\" rel=\"noopener\"><span>C.T. Popescu: Sentin\u021ba primit\u0103 de Liviu Dragnea e \u201eo dojan\u0103\u201d<\/span><\/a><\/h5>\n<\/div>\n<p> Source URL: https:\/\/www.digi24.ro\/stiri\/actualitate\/politica\/presedintele-klaus-iohannis-despre-demisia-lui-liviu-dragnea-un-gest-adecvat-392204<\/p>\n","protected":false},"excerpt":{"rendered":"<p>A\u0163i discutat cu premierul, a\u0163i primit vreo propunere? a fost \u00eentrebat Klaus Iohannis \u00eenainte de a pleca din Roma, unde a fost \u00een vizit\u0103. \u201eNu am discutat \u00eenc\u0103, probabil ast\u0103zi sau cel pu\u021bin luni vom avea o discu\u0163ie pe aceast\u0103 tem\u0103. \u00cens\u0103 retragerea din Guvern mi se pare un r\u0103spuns adecvat la condamnare\u201d, a r\u0103spuns [&hellip;]<\/p>\n","protected":false},"author":1,"featured_media":181640,"comment_status":"open","ping_status":"","sticky":false,"template":"","format":"standard","meta":{"footnotes":""},"categories":[2],"tags":[11],"class_list":["post-181639","post","type-post","status-publish","format-standard","has-post-thumbnail","hentry","category-politics","tag-digi24"],"_links":{"self":[{"href":"https:\/\/analyse.optim.biz\/index.php?rest_route=\/wp\/v2\/posts\/181639","targetHints":{"allow":["GET"]}}],"collection":[{"href":"https:\/\/analyse.optim.biz\/index.php?rest_route=\/wp\/v2\/posts"}],"about":[{"href":"https:\/\/analyse.optim.biz\/index.php?rest_route=\/wp\/v2\/types\/post"}],"author":[{"embeddable":true,"href":"https:\/\/analyse.optim.biz\/index.php?rest_route=\/wp\/v2\/users\/1"}],"replies":[{"embeddable":true,"href":"https:\/\/analyse.optim.biz\/index.php?rest_route=%2Fwp%2Fv2%2Fcomments&post=181639"}],"version-history":[{"count":0,"href":"https:\/\/analyse.optim.biz\/index.php?rest_route=\/wp\/v2\/posts\/181639\/revisions"}],"wp:featuredmedia":[{"embeddable":true,"href":"https:\/\/analyse.optim.biz\/index.php?rest_route=\/wp\/v2\/media\/181640"}],"wp:attachment":[{"href":"https:\/\/analyse.optim.biz\/index.php?rest_route=%2Fwp%2Fv2%2Fmedia&parent=181639"}],"wp:term":[{"taxonomy":"category","embeddable":true,"href":"https:\/\/analyse.optim.biz\/index.php?rest_route=%2Fwp%2Fv2%2Fcategories&post=181639"},{"taxonomy":"post_tag","embeddable":true,"href":"https:\/\/analyse.optim.biz\/index.php?rest_route=%2Fwp%2Fv2%2Ftags&post=181639"}],"curies":[{"name":"wp","href":"https:\/\/api.w.org\/{rel}","templated":true}]}}