{"id":1816306,"date":"2026-03-09T16:10:53","date_gmt":"2026-03-09T13:10:53","guid":{"rendered":"https:\/\/analyse.optim.biz\/?p=1816306"},"modified":"2026-03-09T16:10:53","modified_gmt":"2026-03-09T13:10:53","slug":"seful-diicot-timisoara-in-carti-sa-preia-conducerea-institutiei-la-nivel-national-cine-este-magistratul-miron-codrin-propus-pentru-sefia-diicot-de-catre-ministrul-justitiei","status":"publish","type":"post","link":"https:\/\/analyse.optim.biz\/?p=1816306","title":{"rendered":"\u0218eful DIICOT Timi\u0219oara, \u00een c\u0103r\u021bi s\u0103 preia conducerea institu\u021biei la nivel na\u021bional. Cine este magistratul Miron Codrin, propus pentru \u0219efia DIICOT de c\u0103tre ministrul Justi\u021biei"},"content":{"rendered":"<p>[analyse_image type=&#8221;featured&#8221; src=&#8221;https:\/\/www.banatulazi.ro\/wp-content\/uploads\/2026\/03\/Seful-DIICOT-Timisoara.jpg&#8221;]<\/p>\n<div class=\"td_block_wrap tdb_single_content tdi_64 td-pb-border-top td_block_template_1 td-post-content tagdiv-type\" data-td-block-uid=\"tdi_64\">\n<div class=\"tdb-block-inner td-fix-index\">\n<p>\u0218eful DIICOT Timi\u0219oara, Codrin Miron, este propus de ministrul justi\u021biei Radu Marinescu pentru func\u021bia de procuror-\u0219ef al DIICOT, urm\u00e2nd ca decizia final\u0103 s\u0103 \u00eei apar\u021bin\u0103 pre\u0219edintelui Nicu\u0219or Dan.<\/p>\n<p>Miron Codrin are o experien\u021b\u0103 de 21 ani \u00een DIICOT. \u00cen ultimii 10 ani a fost \u0219ef al Biroului Teritorial Arad (2016-2022) \u0219i al Serviciului Teritorial Timi\u0219oara (2022-2026).<\/p>\n<p>Cu ocazia interviului din procedura de selec\u021bie pentru func\u021bia de procuror-\u0219ef al DIICOT, Codrin Miron a vorbit despre patru dosare reprezentative din cariera sa. Un caz r\u0103sun\u0103tor, despre care Miron Codrin nu a vorbit \u00een interviu, este al unui maior SRI de la Antidrog implicat \u00een trafic de droguri. Cu ocazia acelei anchete, Codrin Miron, care era procuror de caz, a realizat o perchezi\u021bie \u0219i la sediul SRI Arad.<\/p>\n<p><a href=\"https:\/\/www.banatulazi.ro\/wp-content\/uploads\/2026\/03\/codrin-miron-1.webp\"><img loading=\"lazy\" decoding=\"async\" class=\"size-full wp-image-408257 aligncenter\" src=\"https:\/\/www.banatulazi.ro\/wp-content\/uploads\/2026\/03\/codrin-miron-1.webp\" alt width=\"975\" height=\"547\"><\/a><\/p>\n<p><strong>Cea mai mare parte a carierei a lucrat la Arad <\/strong><\/p>\n<p>Codrin Miron a terminat Dreptul \u00een 1996, la Universitatea Babe\u0219-Bolyai din Cluj-Napoca, iar dup\u0103 terminarea facult\u0103\u021bii a devenit procuror la Parchetul Judec\u0103toriei Arad. Aici a activat timp de opt ani, p\u00e2n\u0103 \u00een 2004. \u00cen 2005, la scurt timp dup\u0103 \u00eenfiin\u021barea DIICOT-ului, Codrin Miron a mers la DIICOT, Biroul Teritorial Arad.<\/p>\n<p>Timp de 11 ani a lucrat la DIICOT Arad ca procuror de execu\u021bie, iar din anul 2016 a preluat conducerea Biroului Teritorial Arad. \u00cen anul 2022, Miron Codrin a fost promovat ca \u0219ef al Serviciului Teritorial Timi\u0219oara, func\u021bie pe care a fost reconfirmat \u00een 10 februarie 2026.<\/p>\n<p><strong>Dosarele lui Miron Codrin, prezentate la interviu<\/strong><\/p>\n<p>\u00cen interviul din fa\u021ba comisiei care l-a ajutat pe ministrul Justi\u021biei s\u0103 selecteze candida\u021bii pentru func\u021biile de procurori-\u0219efi \u0219i procurori-\u0219efi adjunc\u021bi de la DNA, DIICOT \u0219i Parchetul General, Codrin Miron a explicat c\u0103 de-a lungul carierei a lucrat at\u00e2t \u00een dosare pe care le-a instrumentat ca procuror de caz, c\u00e2t \u0219i \u00een dosare pe care le-a verificat ca procuror cu func\u021bie de conduce. De asemenea, a f\u0103cut \u0219i munc\u0103 de procuror de \u0219edin\u021b\u0103 pentru a sus\u021bine acuza\u021biile DIICOT \u00een sala de judecat\u0103.<\/p>\n<p>Codrin Miron a dat, cu ocazia interviului de la Ministerul Justi\u021biei, c\u00e2teva exemple de dosare \u00een care a lucrat de-a lungul carierei \u0219i de care este \u201efoarte ata\u0219at sentimental\u201d.<\/p>\n<p>\u201eEste vorba de un dosar de la \u00eenceputul carierei \u00een DIICOT. Infrac\u021biuni de macrocriminalitate economico-financiar\u0103 comise \u00een grup infrac\u021bional organizat cu o activitate infrac\u021bional\u0103 extins\u0103, cu caracter transna\u021bional, merg\u00e2nd p\u00e2n\u0103 \u00een zona de jurisdic\u021bie off-shore. Am avut rezultate remarcabile\u201d, a explicat Miron Codrin \u00een interviul transmis live.\u00a0 Un alt dosar pe care propunerea ministrului Justi\u021biei pentru \u0219efia DIICOT \u00eel consider\u0103 \u201edefinitoriu\u201d pentru cariera sa este un dosar de trafic de droguri \u00een care o grupare de vietnamezi a \u00eenfiin\u021bat cele mai mari culturi de canabis din vestul Rom\u00e2niei.<\/p>\n<p>\u201eSpe\u021ba a ridicat ni\u0219te riscuri deosebite pentru c\u0103 aceste culturi erau asigurate cu dispozitive explozive incendiare. Interven\u021bia a fost extrem de delicat\u0103\u201d, a mai spus Miron \u00een interviul de la Ministerul Justi\u021biei.<\/p>\n<p>Un dosar pe care Miron l-a vizat de legalitate ca procuror-\u0219ef a fost cel al privatiz\u0103rii CFR Marf\u0103, \u00een cadrul c\u0103ruia mii de vagoane au fost subevaluate \u0219i v\u00e2ndute la fier vechi. Ultimul dosar cu care Codrin Miron s-a l\u0103udat \u00een interviul de la Ministerul Justi\u021biei a fost dosarul \u201eB\u0103ile Herculane\u201d. Codrin Miron sus\u021bine c\u0103 \u00een acest caz, judecat \u00een prim\u0103 instan\u021b\u0103 la Curtea de Apel Timi\u0219oara, a fost procuror de \u0219edin\u021b\u0103, ob\u021bin\u00e2nd condamn\u0103ri \u00eentre 5 \u0219i 10 ani \u0219i patru luni de \u00eenchisoare pentru o parte dintre inculpa\u021bi \u0219i recuperarea celor mai importante hoteluri din sta\u021biune. Sentin\u021ba Cur\u021bii de Apel Timi\u0219oara din acest caz nu este definitiv\u0103.<\/p>\n<p><strong>Cazul maiorului SRI de la Antidrog care f\u0103cea trafic de droguri<\/strong><\/p>\n<p>Surse Libertatea au declarat c\u0103 un caz important pe care Codrin Miron l-a omis \u00een interviul pentru func\u021bia de procuror-\u0219ef al DIICOT este al fostului maior SRI Ciprian Sabin Mare\u015f, \u201es\u0103ltat\u201d de Miron \u00eentr-un dosar de trafic de droguri \u00een care s-au f\u0103cut perchezi\u021bii inclusiv \u00een biroul lui Mare\u0219 de la SRI Arad.<\/p>\n<p>Perchezi\u021biile au fost f\u0103cute \u00een 2018. DIICOT \u00eel avea \u00een vizor la vremea respectiv\u0103 pe Eduard P\u0103linca\u015f, un cunoscut dealer local, iar cu ocazia anchetei, DIICOT a descoperit c\u0103 unul dintre clien\u021bii lui P\u0103linca\u0219 era \u0219eful departamentului Antidrog din cadrul SRI Arad, maiorul Ciprian Sabin Mare\u0219.<\/p>\n<p>\u00cen urma monitoriz\u0103rilor, DIICOT a descoperit c\u0103 \u201e\u00een perioada 11 \u2013 16 august, la date diferite, maiorul SRI, Ciprian Sabin Mare\u015f, a v\u00e2ndut \u00een dou\u0103 r\u00e2nduri droguri de risc (100 de grame de canabis), respectiv de mare risc (6 grame de cocain\u0103), cu sumele de 2.050 de lei, respectiv 600 de euro (din care a primit 300 de euro)\u201d. \u00cen ziua flagrantului delict, maiorul SRI a v\u00e2ndut 100 de grame de canabis cu suma de 400 de euro \u015fi 200 de lei \u0219i a de\u021binut, \u00een vederea comercializ\u0103rii, 250 de grame de canabis.<\/p>\n<p>La \u00eenceputul lunii februarie 2018, Ciprian Sabin Mare\u0219 a fost condamnat definitiv la 3 ani \u0219i \u0219ase luni de \u00eenchisoare cu executare.<\/p>\n<p><strong>Candidatura la \u0219efia DIICOT, \u201eo obliga\u021bie moral\u0103\u201d<\/strong><\/p>\n<p>\u00cen interviul sus\u021binut dup\u0103 depunerea candidaturii pentru \u0219efia DIICOT, Codrin Miron a explicat c\u0103 a decis s\u0103 intre \u00een curs\u0103 pentru a prelua conducerea structurii centrale pentru c\u0103 experien\u021ba acumulat\u0103 \u00een DIICOT \u0219i maturitatea profesional\u0103, dar \u0219i validarea primit\u0103 din partea colegilor, \u201ei-au dat energia necesar\u0103 s\u0103 candideze\u201d. \u201ePe de alt\u0103 parte cred c\u0103 am \u0219i o obliga\u021bie moral\u0103 fa\u021b\u0103 de aceast\u0103 institu\u021bie care m-a format \u0219i mi-a dat cele mai mari satisfac\u021bii profesionale de a da tot ce e mai bun \u0219i de a disemina expertiza pe care am acumulat-o \u0219i \u00een r\u00e2ndul genera\u021biilor tinere\u201d, a mai spus Codrin Miron \u00een interviu.<\/p>\n<p><strong>\u201eEste cea mai r\u00e2vnit\u0103 func\u021bie. M\u0103 face s\u0103 cred c\u0103 se dore\u0219te altceva\u201d <\/strong><\/p>\n<p>Codrin a remarcat c\u0103 \u201eDIICOT-ul a fost ferit de critici din partea media \u0219i a factorului politic\u201d. \u201eNu am v\u0103zut demonstra\u021bii publice din partea organiza\u021biilor civice. Managementul actual p\u0103rea unul performant. Apare ca inexplicabil\u0103 afluen\u021ba at\u00e2t de mare de candida\u021bi (n.r. \u2013 patru) pentru aceast\u0103 func\u021bie. Practic, este cea mai r\u00e2vnit\u0103 func\u021bie din cadrul Ministerului Public \u00een momentul de fa\u021b\u0103, ceea ce m\u0103 face s\u0103 cred c\u0103 se dore\u0219te altceva\u201d, a punctat Codrin Miron \u00een interviul de la Ministerul Justi\u021biei.<\/p>\n<p>Procurorul propus pentru \u0219efia DIICOT a reclamat faptul c\u0103 DIICOT a avut p\u00e2n\u0103 acum o comunicare deficitar\u0103 \u0219i a fost departe de cet\u0103\u021bean, iar faliile dintre structura central\u0103 \u0219i structurile teritoriale s-au ad\u00e2ncit. \u201eCred c\u0103 nu am abordat foarte bine dimensiunea financiar\u0103 a combaterii criminalit\u0103\u021bii organizate. Raportul de activitate din 2025 constat\u0103 sc\u0103deri dramatice pe componenta de m\u0103suri asigur\u0103torii \u00een condi\u021biile \u00een care valoarea prejudiciilor cauzate de activitatea infrac\u021bional\u0103 a crescut exponen\u021bial\u201d, a mai reclamat Codrin Miron, potrivit c\u0103ruia DIICOT a suferit \u0219i din perspectiva resursei umane, mai multe func\u021bii de conducere r\u0103m\u00e2n\u00e2nd neocupate.<\/p>\n<p>\u00cen fa\u021ba comisiei de la Ministerul Justi\u021biei, Codrin Miron a promis \u201eofensiv\u0103 total\u0103 \u00eempotriva traficului de droguri\u201d, dac\u0103 va fi numit procuror-\u0219ef al DIICOT. \u201eExist\u0103 p\u00e2rghiile necesare\u201d, a mai spus Miron, potrivit c\u0103ruia vor fi avute \u00een vedere \u0219i marile festivaluri de la Cluj-Napoca, Bucure\u0219ti \u0219i Constan\u021ba.<\/p>\n<p>\u201e\u0218tim cu to\u021bii c\u0103 Rom\u00e2nia este \u021bar\u0103 de tranzit. Portul Constan\u021ba este un hub important. Reprezint\u0103 principala poart\u0103 de intrare a drogurilor \u00een Rom\u00e2nia. Este l\u0103udabil c\u0103 s-a \u00eenfiin\u021bat biroul Antidrog la Serviciul Teritorial Constan\u021ba. Rezultatele au fost remarcabile, dar cred c\u0103 nu am f\u0103cut suficient. Este necesar\u0103 \u00eenchiderea acestui coridor na\u021bional prin instituirea unei bariere \u0219i \u00een partea de Vest a Rom\u00e2niei\u201d, a propus Codrin Miron, potrivit c\u0103ruia e nevoie de \u00eenfiin\u021barea unui Birou Antidrog \u0219i \u00een cadrul Serviciului Teritorial Timi\u0219oara al DIICOT.<\/p>\n<p>Miron Codrin \u0219i-a \u00eencheiat prezentarea proiectului de management pentru \u0219efia DIICOT promi\u021b\u00e2nd c\u0103 institu\u021bia va c\u00e2\u0219tiga b\u0103t\u0103lia cu crima organizat\u0103. Metoda a preluat-o dintr-un citat al lui Winston Churchill.: \u201es\u00e2nge, trud\u0103, lacrimi \u0219i sudoare\u201d.<\/p>\n<p>Sursa: <a href=\"https:\/\/www.libertatea.ro\/\">https:\/\/www.libertatea.ro\/<\/a><\/p>\n<\/div>\n<\/div>\n<p>[analyse_source url=&#8221;https:\/\/www.banatulazi.ro\/seful-diicot-timisoara-in-carti-sa-preia-conducerea-institutiei-la-nivel-national-cine-este-magistratul-miron-codrin-propus-pentru-sefia-diicot-de-catre-ministrul-justitiei\/&#8221;]<\/p>\n","protected":false},"excerpt":{"rendered":"<p>[analyse_image type=&#8221;featured&#8221; src=&#8221;https:\/\/www.banatulazi.ro\/wp-content\/uploads\/2026\/03\/Seful-DIICOT-Timisoara.jpg&#8221;] \u0218eful DIICOT Timi\u0219oara, Codrin Miron, este propus de ministrul justi\u021biei Radu Marinescu pentru func\u021bia de procuror-\u0219ef al DIICOT, urm\u00e2nd ca decizia final\u0103 s\u0103 \u00eei apar\u021bin\u0103 pre\u0219edintelui Nicu\u0219or Dan. Miron Codrin are o experien\u021b\u0103 de 21 ani \u00een DIICOT. \u00cen ultimii 10 ani a fost \u0219ef al Biroului Teritorial Arad (2016-2022) \u0219i al [&hellip;]<\/p>\n","protected":false},"author":1,"featured_media":0,"comment_status":"open","ping_status":"","sticky":false,"template":"","format":"standard","meta":{"footnotes":""},"categories":[89],"tags":[185,226],"class_list":["post-1816306","post","type-post","status-publish","format-standard","hentry","category-romania","tag-banatulazi-ro","tag-crawlmanager"],"_links":{"self":[{"href":"https:\/\/analyse.optim.biz\/index.php?rest_route=\/wp\/v2\/posts\/1816306","targetHints":{"allow":["GET"]}}],"collection":[{"href":"https:\/\/analyse.optim.biz\/index.php?rest_route=\/wp\/v2\/posts"}],"about":[{"href":"https:\/\/analyse.optim.biz\/index.php?rest_route=\/wp\/v2\/types\/post"}],"author":[{"embeddable":true,"href":"https:\/\/analyse.optim.biz\/index.php?rest_route=\/wp\/v2\/users\/1"}],"replies":[{"embeddable":true,"href":"https:\/\/analyse.optim.biz\/index.php?rest_route=%2Fwp%2Fv2%2Fcomments&post=1816306"}],"version-history":[{"count":0,"href":"https:\/\/analyse.optim.biz\/index.php?rest_route=\/wp\/v2\/posts\/1816306\/revisions"}],"wp:attachment":[{"href":"https:\/\/analyse.optim.biz\/index.php?rest_route=%2Fwp%2Fv2%2Fmedia&parent=1816306"}],"wp:term":[{"taxonomy":"category","embeddable":true,"href":"https:\/\/analyse.optim.biz\/index.php?rest_route=%2Fwp%2Fv2%2Fcategories&post=1816306"},{"taxonomy":"post_tag","embeddable":true,"href":"https:\/\/analyse.optim.biz\/index.php?rest_route=%2Fwp%2Fv2%2Ftags&post=1816306"}],"curies":[{"name":"wp","href":"https:\/\/api.w.org\/{rel}","templated":true}]}}