{"id":1816302,"date":"2026-03-09T07:08:49","date_gmt":"2026-03-09T04:08:49","guid":{"rendered":"https:\/\/analyse.optim.biz\/?p=1816302"},"modified":"2026-03-09T07:08:49","modified_gmt":"2026-03-09T04:08:49","slug":"azi-la-noi-canta-tot-natul-spectacol-al-ansamblului-timisul-editia-a-v-a","status":"publish","type":"post","link":"https:\/\/analyse.optim.biz\/?p=1816302","title":{"rendered":"\u201eAzi, la noi, c\u00e2nt\u0103 tot natul\u201d, spectacol al ansamblului \u201eTimi\u0219ul\u201d, edi\u021bia a V-a"},"content":{"rendered":"<p>[analyse_image type=&#8221;featured&#8221; src=&#8221;https:\/\/www.banatulazi.ro\/wp-content\/uploads\/2026\/03\/Afis-landscape-2.jpeg&#8221;]<\/p>\n<div class=\"td_block_wrap tdb_single_content tdi_64 td-pb-border-top td_block_template_1 td-post-content tagdiv-type\" data-td-block-uid=\"tdi_64\">\n<div class=\"tdb-block-inner td-fix-index\">\n<p><em>\u201eFolclorul ne aduce \u00eempreun\u0103\u201d<\/em><\/p>\n<p><strong>Ajuns la cea de-a V-a edi\u021bie, spectacolul \u201eAzi, la noi, c\u00e2nt\u0103 tot natul\u201d a devenit deja o tradi\u021bie. Astfel, duminic\u0103, 29 martie 2026, de Floriile catolice, publicul va avea ocazia s\u0103 se bucure de un eveniment unic, ce aduce \u00eempreun\u0103 arti\u0219ti consacra\u021bi \u0219i invita\u021bi surpriz\u0103, profesioni\u0219ti din diverse domenii, care urc\u0103 pe scen\u0103 al\u0103turi de orchestra \u0219i dansatorii Ansamblului \u201eTimi\u0219ul\u201d.<\/strong><\/p>\n<p>Dirijor: Deian Galetin<br \/>\nInvita\u021bi speciali: Andreea Voica, Ionu\u021b Fulea \u0219i Flavius Buzil\u0103 (solist trupa \u201eHara\u201d)<br \/>\nCoregrafia: Maria Topciov \u0219i Ciprian David<br \/>\nUn astfel de concept reu\u0219e\u0219te s\u0103 creeze o punte real\u0103 \u00eentre folclor \u0219i diverse domenii profesionale, demonstr\u00e2nd c\u0103 tradi\u021bia este vie \u00een inima \u0219i via\u021ba cotidian\u0103 a tuturor: avoca\u021bi, jurnali\u0219ti, ingineri, sportivi, actori, profesori, diploma\u021bi etc., leg\u00e2ndu-ne de trecut, ancor\u00e2ndu-ne \u00een prezent \u0219i ajut\u00e2ndu-ne s\u0103 \u00een\u021belegem \u0219i s\u0103 accept\u0103m viitorul.<br \/>\nSpectacolul, care s-a bucurat, \u00een fiecare an, de un public numeros \u0219i divers, contribuie la apropierea de valorile tradi\u021bionale \u0219i la reafirmarea folclorului ca parte integrant\u0103 a identit\u0103\u021bii noastre comune, indiferent de profesie sau statut social.<br \/><a href=\"https:\/\/www.banatulazi.ro\/wp-content\/uploads\/2026\/03\/Afis-A2.png\"><img loading=\"lazy\" decoding=\"async\" src=\"https:\/\/www.banatulazi.ro\/wp-content\/uploads\/2026\/03\/Afis-A2-212x300.png\" alt width=\"212\" height=\"300\" class=\"alignnone size-medium wp-image-408221\"><\/a><br \/>\nPartener media: TVR Timi\u0219oara<br \/>\nDuminic\u0103, 29 martie 2026, ora 18:00, Sala \u201eCapitol\u201d<br \/>\nBiletele sunt disponibile pe www.bilete.ro\/folclor-de-martisor\/ \u0219i la sediul Casei de Cultur\u0103 a Municipiului Timi\u0219oara (Str. Miron Costin nr. 2), de luni p\u00e2n\u0103 vineri, \u00eentre orele 9:00-16:00. Pre\u021b bilet: 30 lei.<\/p>\n<\/div>\n<\/div>\n<p>[analyse_source url=&#8221;https:\/\/www.banatulazi.ro\/azi-la-noi-canta-tot-natul-spectacol-al-ansamblului-timisul-editia-a-v-a\/&#8221;]<\/p>\n","protected":false},"excerpt":{"rendered":"<p>[analyse_image type=&#8221;featured&#8221; src=&#8221;https:\/\/www.banatulazi.ro\/wp-content\/uploads\/2026\/03\/Afis-landscape-2.jpeg&#8221;] \u201eFolclorul ne aduce \u00eempreun\u0103\u201d Ajuns la cea de-a V-a edi\u021bie, spectacolul \u201eAzi, la noi, c\u00e2nt\u0103 tot natul\u201d a devenit deja o tradi\u021bie. Astfel, duminic\u0103, 29 martie 2026, de Floriile catolice, publicul va avea ocazia s\u0103 se bucure de un eveniment unic, ce aduce \u00eempreun\u0103 arti\u0219ti consacra\u021bi \u0219i invita\u021bi surpriz\u0103, profesioni\u0219ti din diverse [&hellip;]<\/p>\n","protected":false},"author":1,"featured_media":0,"comment_status":"open","ping_status":"","sticky":false,"template":"","format":"standard","meta":{"footnotes":""},"categories":[89],"tags":[185,226],"class_list":["post-1816302","post","type-post","status-publish","format-standard","hentry","category-romania","tag-banatulazi-ro","tag-crawlmanager"],"_links":{"self":[{"href":"https:\/\/analyse.optim.biz\/index.php?rest_route=\/wp\/v2\/posts\/1816302","targetHints":{"allow":["GET"]}}],"collection":[{"href":"https:\/\/analyse.optim.biz\/index.php?rest_route=\/wp\/v2\/posts"}],"about":[{"href":"https:\/\/analyse.optim.biz\/index.php?rest_route=\/wp\/v2\/types\/post"}],"author":[{"embeddable":true,"href":"https:\/\/analyse.optim.biz\/index.php?rest_route=\/wp\/v2\/users\/1"}],"replies":[{"embeddable":true,"href":"https:\/\/analyse.optim.biz\/index.php?rest_route=%2Fwp%2Fv2%2Fcomments&post=1816302"}],"version-history":[{"count":0,"href":"https:\/\/analyse.optim.biz\/index.php?rest_route=\/wp\/v2\/posts\/1816302\/revisions"}],"wp:attachment":[{"href":"https:\/\/analyse.optim.biz\/index.php?rest_route=%2Fwp%2Fv2%2Fmedia&parent=1816302"}],"wp:term":[{"taxonomy":"category","embeddable":true,"href":"https:\/\/analyse.optim.biz\/index.php?rest_route=%2Fwp%2Fv2%2Fcategories&post=1816302"},{"taxonomy":"post_tag","embeddable":true,"href":"https:\/\/analyse.optim.biz\/index.php?rest_route=%2Fwp%2Fv2%2Ftags&post=1816302"}],"curies":[{"name":"wp","href":"https:\/\/api.w.org\/{rel}","templated":true}]}}