{"id":181617,"date":"2015-05-16T20:21:21","date_gmt":"2015-05-16T17:21:21","guid":{"rendered":"https:\/\/analyse.optim.biz\/?p=181617"},"modified":"2015-05-16T20:21:21","modified_gmt":"2015-05-16T17:21:21","slug":"cine-il-va-inlocui-pe-liviu-dragnea-la-ministerul-dezvoltarii-victor-ponta-o-sa-fie-un-coleg-de-al-nostru","status":"publish","type":"post","link":"https:\/\/analyse.optim.biz\/?p=181617","title":{"rendered":"Cine \u00eel va \u00eenlocui pe Liviu Dragnea la Ministerul Dezvolt\u0103rii. Victor Ponta: \u201eO s\u0103 fie un coleg de-al nostru\u201d"},"content":{"rendered":"<div class=\"entry data-app-meta data-app-meta-article\" data-embed-base-url-canonical=\"https:\/\/www.digi24.ro\/embed\/stiri\/actualitate\/politica\/cine-il-va-inlocui-pe-liviu-dragnea-la-ministerul-dezvoltarii-victor-ponta-o-sa-fie-un-coleg-de-al-nostru-392268\">\n<p data-index=\"1\">Aflat la Roma \u015fi la Vatican, Klaus Iohannis n-a avut timp s\u0103 discute cu premierul despre cine ar putea s\u0103 \u00eei ia locul lui Liviu Dragnea la Ministerul Dezvolt\u0103rii Regionale.<\/p>\n<p data-index=\"2\"><em>\u201e<\/em><span><em>Probabil ast\u0103zi sau cel t\u00e2rziu luni vom avea o discu\u0163ie pe aceast\u0103 tem\u0103. \u00cens\u0103 retragerea din Guvern mi se pare un r\u0103spuns adecvat la condamnare\u201d,<\/em> a declarat <strong>Klaus Iohannis<\/strong>. <\/span><\/p>\n<p data-index=\"3\">\u015eeful Guvernului sus\u0163ine c\u0103, deocamdat\u0103, n-are un nume pentru \u015fefia ministerul Dezvolt\u0103rii Regionale, iar Liviu Dragnea va avea un rol important \u00een stabilirea unui succesor.<\/p>\n<p data-index=\"4\">\u201e<span><em>O sa discut cu Liviu, care \u0219tie cel mai bine toate proiectele pe care le avem. O s\u0103 fie un coleg de-al nostru, pe care \u00eel stabilim \u00eempreun\u0103<\/em>\u201d, a declarat premierul <strong>Victor Ponta. <\/strong><\/span><\/p>\n<p data-index=\"5\">Conform unor surse politice, \u015fefia Ministerului Dezvolt\u0103rii ar putea fi ocupat\u0103 interimar fie de Victor Ponta, fie de ministrul Muncii, Rovana Plumb. O alt\u0103 variant\u0103 e cea \u00een care Rovana Plumb \u015fi-ar p\u0103r\u0103si ministerul pentru a-l \u00eenlocui pe Liviu Dragnea. \u00cens\u0103 \u00een c\u0103r\u0163i ar mai putea fi \u015fi un secretar de stat din ministerul Dezvolt\u0103rii.<\/p>\n<p data-index=\"6\">C\u00e2t prive\u015fte condamnare lui Liviu Dragnea pentru campania de la referendumul din 2012, Victor Ponta critic\u0103 atitudinea liberalilor, care i-au cerut imediat demisia din Guvern. Premierul le aminte\u015fte c\u0103, \u00een acea perioad\u0103, PNL era al\u0103turi de PSD, sub sigla USL.<\/p>\n<p data-index=\"7\">Vineri, Liviu Dragnea a demisionat din func\u0163ia de ministru al Dezvolt\u0103rii Regionale \u015fi a anun\u0163at c\u0103 va renun\u0163a \u015fi la mandatul de pre\u015fedinte executiv al PSD, \u00een urma deciziei \u00cenaltei Cur\u021bi de Casa\u021bie \u0219i Justi\u021bie de a-l condamna, \u00een prim\u0103 instan\u0163\u0103, la un an de \u00eenchisoare cu suspendare \u00een dosarul \u201eReferendumul\u201d.<\/p>\n<\/div>\n<p> Source URL: https:\/\/www.digi24.ro\/stiri\/actualitate\/politica\/cine-il-va-inlocui-pe-liviu-dragnea-la-ministerul-dezvoltarii-victor-ponta-o-sa-fie-un-coleg-de-al-nostru-392268<\/p>\n","protected":false},"excerpt":{"rendered":"<p>Aflat la Roma \u015fi la Vatican, Klaus Iohannis n-a avut timp s\u0103 discute cu premierul despre cine ar putea s\u0103 \u00eei ia locul lui Liviu Dragnea la Ministerul Dezvolt\u0103rii Regionale. \u201eProbabil ast\u0103zi sau cel t\u00e2rziu luni vom avea o discu\u0163ie pe aceast\u0103 tem\u0103. \u00cens\u0103 retragerea din Guvern mi se pare un r\u0103spuns adecvat la condamnare\u201d, [&hellip;]<\/p>\n","protected":false},"author":1,"featured_media":181618,"comment_status":"open","ping_status":"","sticky":false,"template":"","format":"standard","meta":{"footnotes":""},"categories":[2],"tags":[11],"class_list":["post-181617","post","type-post","status-publish","format-standard","has-post-thumbnail","hentry","category-politics","tag-digi24"],"_links":{"self":[{"href":"https:\/\/analyse.optim.biz\/index.php?rest_route=\/wp\/v2\/posts\/181617","targetHints":{"allow":["GET"]}}],"collection":[{"href":"https:\/\/analyse.optim.biz\/index.php?rest_route=\/wp\/v2\/posts"}],"about":[{"href":"https:\/\/analyse.optim.biz\/index.php?rest_route=\/wp\/v2\/types\/post"}],"author":[{"embeddable":true,"href":"https:\/\/analyse.optim.biz\/index.php?rest_route=\/wp\/v2\/users\/1"}],"replies":[{"embeddable":true,"href":"https:\/\/analyse.optim.biz\/index.php?rest_route=%2Fwp%2Fv2%2Fcomments&post=181617"}],"version-history":[{"count":0,"href":"https:\/\/analyse.optim.biz\/index.php?rest_route=\/wp\/v2\/posts\/181617\/revisions"}],"wp:featuredmedia":[{"embeddable":true,"href":"https:\/\/analyse.optim.biz\/index.php?rest_route=\/wp\/v2\/media\/181618"}],"wp:attachment":[{"href":"https:\/\/analyse.optim.biz\/index.php?rest_route=%2Fwp%2Fv2%2Fmedia&parent=181617"}],"wp:term":[{"taxonomy":"category","embeddable":true,"href":"https:\/\/analyse.optim.biz\/index.php?rest_route=%2Fwp%2Fv2%2Fcategories&post=181617"},{"taxonomy":"post_tag","embeddable":true,"href":"https:\/\/analyse.optim.biz\/index.php?rest_route=%2Fwp%2Fv2%2Ftags&post=181617"}],"curies":[{"name":"wp","href":"https:\/\/api.w.org\/{rel}","templated":true}]}}