{"id":181615,"date":"2015-05-17T12:13:33","date_gmt":"2015-05-17T09:13:33","guid":{"rendered":"https:\/\/analyse.optim.biz\/?p=181615"},"modified":"2015-05-17T12:13:33","modified_gmt":"2015-05-17T09:13:33","slug":"klaus-iohannis-voi-ataca-la-ccr-orice-modificare-a-codului-penal","status":"publish","type":"post","link":"https:\/\/analyse.optim.biz\/?p=181615","title":{"rendered":"Klaus Iohannis: Voi ataca la CCR orice modificare a Codului penal"},"content":{"rendered":"<div class=\"entry data-app-meta data-app-meta-article\" data-embed-base-url-canonical=\"https:\/\/www.digi24.ro\/embed\/stiri\/actualitate\/politica\/klaus-iohannis-voi-ataca-la-ccr-orice-modificare-a-codului-penal-392319\">\n<p data-index=\"1\">S\u0103pt\u0103m\u00e2na trecut\u0103,<a href=\"https:\/\/www.digi24.ro\/Stiri\/Digi24\/Actualitate\/Politica\/Senatul+pune+piedici+DNA+amendament+arestari+facute+mai+greu\" target=\"_blank\" data-skip-linkfix=\"1\" rel=\"noopener\"> Senatul a adoptat o modificare la Codul penal<\/a> prin care procurorii nu vor mai putea cere arestarea preventiv\u0103 pe baza unor suspiciuni rezonabile, ci doar dac\u0103 au indicii temeinice.<\/p>\n<p data-index=\"2\">\u201eLupta \u00eempotriva corup\u021biei nu este o pasiune a mea, ci e o necesitate pentru Rom\u00e2nia, dac\u0103 vrea s\u0103 se dezvolte\u201d, spune pre\u0219edintele. \u201eOrice propunere legislativ\u0103 poate fi trimis\u0103 de pre\u015fedinte \u00eenapoi \u00een Parlament. Dac\u0103 nu are rezultat, pot s\u0103 o trimit la Curtea Constitu\u0163ional\u0103\u201d, a ad\u0103ugat el. \u00centrebat de realizatoarea interviului dac\u0103 se g\u00e2nde\u0219te la aceast\u0103 posibilitate, Klaus Iohannis a r\u0103spuns c\u0103 se g\u00e2nde\u0219te foarte serios. \u00a0\u00a0<\/p>\n<p data-index=\"3\">El s-a referit \u0219i la <a href=\"https:\/\/www.digi24.ro\/Stiri\/Digi24\/Actualitate\/Stiinta+si+Mediu\/Noi+proteste+in+tara+din+cauza+defrisarilor+ilegale\" target=\"_blank\" data-skip-linkfix=\"1\" rel=\"noopener\">protestele fa\u021b\u0103 de defri\u0219\u0103rile ilegale<\/a>, spun\u00e2nd c\u0103 \u00eei place c\u0103 tinerii se implic\u0103 \u0219i c\u0103 personal sprijin\u0103 aceste demersuri. \u00cen ceea ce prive\u0219te acuzele care i s-au adus, le consider\u0103 \u201ecomplet idioate\u201d \u0219i <a href=\"https:\/\/www.digi24.ro\/Stiri\/Digi24\/Actualitate\/Politica\/Replica+presedintelui+in+scandalul+Codului+silvic\" target=\"_blank\" data-skip-linkfix=\"1\" rel=\"noopener\">le explic\u0103 prin faptul c\u0103 este speculat\u0103 originea sa german\u0103.<\/a><\/p>\n<p data-index=\"4\">Postul de televiziune german aminte\u0219te c\u0103 pre\u0219edintele a fost acuzat de inac\u021biune \u0219i t\u0103cere \u00een problema luptei anticorup\u021biei \u0219i c\u0103 numele s\u0103u a fost men\u021bionat ca ap\u0103r\u00e2nd interesele companiei austriece Schweighofer Holzindustrie \u00een<a href=\"https:\/\/www.digi24.ro\/Stiri\/Digi24\/Actualitate\/Politica\/Scandalul+Lobby+pentru+Schweighofer+Holzindustrie+Acuzatii+si+ex\" target=\"_blank\" data-skip-linkfix=\"1\" rel=\"noopener\"> scandalul legat de Codul silvic.<\/a><\/p>\n<p data-index=\"5\"><span>\u00cen ceea ce prive\u0219te aderarea Rom\u00e2niei la Schengen, Klaus Iohannis d\u0103 asigur\u0103ri c\u0103 Rom\u00e2nia este un \u201egenerator de securitate pentru \u00eentreaga regiune\u201d \u0219i \u00een niciun caz nu ar sl\u0103bi zona Schengen, dac\u0103 ar fi admis\u0103, ci, dimpotriv\u0103, ar fi un c\u00e2\u0219tig pentru toate statele membre.<\/span><\/p>\n<\/div>\n<p> Source URL: https:\/\/www.digi24.ro\/stiri\/actualitate\/politica\/klaus-iohannis-voi-ataca-la-ccr-orice-modificare-a-codului-penal-392319<\/p>\n","protected":false},"excerpt":{"rendered":"<p>S\u0103pt\u0103m\u00e2na trecut\u0103, Senatul a adoptat o modificare la Codul penal prin care procurorii nu vor mai putea cere arestarea preventiv\u0103 pe baza unor suspiciuni rezonabile, ci doar dac\u0103 au indicii temeinice. \u201eLupta \u00eempotriva corup\u021biei nu este o pasiune a mea, ci e o necesitate pentru Rom\u00e2nia, dac\u0103 vrea s\u0103 se dezvolte\u201d, spune pre\u0219edintele. \u201eOrice propunere [&hellip;]<\/p>\n","protected":false},"author":1,"featured_media":181616,"comment_status":"open","ping_status":"","sticky":false,"template":"","format":"standard","meta":{"footnotes":""},"categories":[2],"tags":[11],"class_list":["post-181615","post","type-post","status-publish","format-standard","has-post-thumbnail","hentry","category-politics","tag-digi24"],"_links":{"self":[{"href":"https:\/\/analyse.optim.biz\/index.php?rest_route=\/wp\/v2\/posts\/181615","targetHints":{"allow":["GET"]}}],"collection":[{"href":"https:\/\/analyse.optim.biz\/index.php?rest_route=\/wp\/v2\/posts"}],"about":[{"href":"https:\/\/analyse.optim.biz\/index.php?rest_route=\/wp\/v2\/types\/post"}],"author":[{"embeddable":true,"href":"https:\/\/analyse.optim.biz\/index.php?rest_route=\/wp\/v2\/users\/1"}],"replies":[{"embeddable":true,"href":"https:\/\/analyse.optim.biz\/index.php?rest_route=%2Fwp%2Fv2%2Fcomments&post=181615"}],"version-history":[{"count":0,"href":"https:\/\/analyse.optim.biz\/index.php?rest_route=\/wp\/v2\/posts\/181615\/revisions"}],"wp:featuredmedia":[{"embeddable":true,"href":"https:\/\/analyse.optim.biz\/index.php?rest_route=\/wp\/v2\/media\/181616"}],"wp:attachment":[{"href":"https:\/\/analyse.optim.biz\/index.php?rest_route=%2Fwp%2Fv2%2Fmedia&parent=181615"}],"wp:term":[{"taxonomy":"category","embeddable":true,"href":"https:\/\/analyse.optim.biz\/index.php?rest_route=%2Fwp%2Fv2%2Fcategories&post=181615"},{"taxonomy":"post_tag","embeddable":true,"href":"https:\/\/analyse.optim.biz\/index.php?rest_route=%2Fwp%2Fv2%2Ftags&post=181615"}],"curies":[{"name":"wp","href":"https:\/\/api.w.org\/{rel}","templated":true}]}}