{"id":181604,"date":"2015-05-17T15:38:07","date_gmt":"2015-05-17T12:38:07","guid":{"rendered":"https:\/\/analyse.optim.biz\/?p=181604"},"modified":"2015-05-17T15:38:07","modified_gmt":"2015-05-17T12:38:07","slug":"replica-presedintelui-in-scandalul-codului-silvic-ideea-a-fost-plantata-in-spatiul-public-doar-pentru-ca-sunt-etnic-german","status":"publish","type":"post","link":"https:\/\/analyse.optim.biz\/?p=181604","title":{"rendered":"Replica pre\u0219edintelui \u00een scandalul Codului silvic: Ideea a fost plantat\u0103 \u00een spa\u021biul public doar pentru c\u0103 sunt etnic german"},"content":{"rendered":"<div class=\"entry data-app-meta data-app-meta-article\" data-embed-base-url-canonical=\"https:\/\/www.digi24.ro\/embed\/stiri\/actualitate\/politica\/replica-presedintelui-in-scandalul-codului-silvic-ideea-a-fost-plantata-in-spatiul-public-doar-pentru-ca-sunt-etnic-german-392345\">\n<p data-index=\"1\">Pre\u015fedintele a subliniat c\u0103 este \u00eempotriva defri\u015f\u0103rilor ilegale \u015fi c\u0103 sper\u0103 ca noul Cod Silvic s\u0103 limiteze acest fenomen. <\/p>\n<p data-index=\"2\">\u201eIdeea c\u0103 eu fac lobby pentru o companie austriac\u0103 e o <strong>idio\u0163enie total\u0103<\/strong>. <strong>Ideea a fost plantat\u0103 \u00een spa\u0163iul public doar pentru c\u0103 eu sunt de origine german\u0103, deci cumva \u015fi austriac\u0103.<\/strong> Problema defri\u015f\u0103rilor ilegale exist\u0103, eu sunt strict \u00eempotriva acestui fenomen. (&#8230;) Faptul ca tineri protesteaz\u0103 \u00eempotriva fenomenului mi se pare un demers legitim pe care \u00eel sus\u0163in \u015fi sper c\u0103 vom reu\u015fi s\u0103 schimb\u0103m legea\u201d, a declarat pre\u0219edintele \u00een interviul pentru ARD.<\/p>\n<p data-index=\"3\">\u00cen urm\u0103 cu o s\u0103pt\u0103m\u00e2n\u0103, premierul Victor Ponta i-a acuzat pe liderii PNL c\u0103 au avut \u00eent\u00e2lniri cu reprezentan\u0163ii companiei austriece pe tema Codului silvic, iar apoi l-au dezinformat pe pre\u015fedinte. Ulterior, Klaus Iohannis a spus c\u0103 <a href=\"https:\/\/www.digi24.ro\/Stiri\/Digi24\/Actualitate\/Politica\/Klaus+Iohannis+nou+atac+la+premier\" target=\"_blank\" data-skip-linkfix=\"1\" rel=\"noopener\">premierul va r\u0103spunde dac\u0103 acuza\u0163iile sunt false.<\/a> Codul silvic este la Camera Deputa\u0163ilor, dup\u0103 ce \u015feful statului a trimis actul normativ la reexaminare.<\/p>\n<h5><a href=\"https:\/\/www.digi24.ro\/Stiri\/Digi24\/Actualitate\/Politica\/Scandalul+Lobby+pentru+Schweighofer+Holzindustrie+Acuzatii+si+ex\" target=\"_blank\" data-skip-linkfix=\"1\" rel=\"noopener\">Scandalul \u201eLobby pentru Schweighofer Holzindustrie\u201d. Acuza\u021bii \u0219i explica\u021biile politicienilor<\/a><\/h5>\n<\/div>\n<p> Source URL: https:\/\/www.digi24.ro\/stiri\/actualitate\/politica\/replica-presedintelui-in-scandalul-codului-silvic-ideea-a-fost-plantata-in-spatiul-public-doar-pentru-ca-sunt-etnic-german-392345<\/p>\n","protected":false},"excerpt":{"rendered":"<p>Pre\u015fedintele a subliniat c\u0103 este \u00eempotriva defri\u015f\u0103rilor ilegale \u015fi c\u0103 sper\u0103 ca noul Cod Silvic s\u0103 limiteze acest fenomen. \u201eIdeea c\u0103 eu fac lobby pentru o companie austriac\u0103 e o idio\u0163enie total\u0103. Ideea a fost plantat\u0103 \u00een spa\u0163iul public doar pentru c\u0103 eu sunt de origine german\u0103, deci cumva \u015fi austriac\u0103. Problema defri\u015f\u0103rilor ilegale exist\u0103, [&hellip;]<\/p>\n","protected":false},"author":1,"featured_media":181605,"comment_status":"open","ping_status":"","sticky":false,"template":"","format":"standard","meta":{"footnotes":""},"categories":[2],"tags":[11],"class_list":["post-181604","post","type-post","status-publish","format-standard","has-post-thumbnail","hentry","category-politics","tag-digi24"],"_links":{"self":[{"href":"https:\/\/analyse.optim.biz\/index.php?rest_route=\/wp\/v2\/posts\/181604","targetHints":{"allow":["GET"]}}],"collection":[{"href":"https:\/\/analyse.optim.biz\/index.php?rest_route=\/wp\/v2\/posts"}],"about":[{"href":"https:\/\/analyse.optim.biz\/index.php?rest_route=\/wp\/v2\/types\/post"}],"author":[{"embeddable":true,"href":"https:\/\/analyse.optim.biz\/index.php?rest_route=\/wp\/v2\/users\/1"}],"replies":[{"embeddable":true,"href":"https:\/\/analyse.optim.biz\/index.php?rest_route=%2Fwp%2Fv2%2Fcomments&post=181604"}],"version-history":[{"count":0,"href":"https:\/\/analyse.optim.biz\/index.php?rest_route=\/wp\/v2\/posts\/181604\/revisions"}],"wp:featuredmedia":[{"embeddable":true,"href":"https:\/\/analyse.optim.biz\/index.php?rest_route=\/wp\/v2\/media\/181605"}],"wp:attachment":[{"href":"https:\/\/analyse.optim.biz\/index.php?rest_route=%2Fwp%2Fv2%2Fmedia&parent=181604"}],"wp:term":[{"taxonomy":"category","embeddable":true,"href":"https:\/\/analyse.optim.biz\/index.php?rest_route=%2Fwp%2Fv2%2Fcategories&post=181604"},{"taxonomy":"post_tag","embeddable":true,"href":"https:\/\/analyse.optim.biz\/index.php?rest_route=%2Fwp%2Fv2%2Ftags&post=181604"}],"curies":[{"name":"wp","href":"https:\/\/api.w.org\/{rel}","templated":true}]}}