{"id":181601,"date":"2015-05-17T21:45:57","date_gmt":"2015-05-17T18:45:57","guid":{"rendered":"https:\/\/analyse.optim.biz\/?p=181601"},"modified":"2015-05-17T21:45:57","modified_gmt":"2015-05-17T18:45:57","slug":"liviu-dragnea-dupa-condamnare-fratele-meu-a-murit-din-cauza-dosarului-referendumul","status":"publish","type":"post","link":"https:\/\/analyse.optim.biz\/?p=181601","title":{"rendered":"Liviu Dragnea, dup\u0103 condamnare: Fratele meu a murit din cauza dosarului \u201eReferendumul\u201d"},"content":{"rendered":"<div class=\"entry data-app-meta data-app-meta-article\" data-embed-base-url-canonical=\"https:\/\/www.digi24.ro\/embed\/stiri\/actualitate\/politica\/liviu-dragnea-dupa-condamnare-fratele-meu-a-murit-din-cauza-dosarului-referendumul-392404\">\n<p data-index=\"1\"><img decoding=\"async\" src=\"https:\/\/analyse.optim.biz\/wp-content\/uploads\/2024\/09\/lmpwzyz3ptgwmczoyxnoptq0yza0mjayogmyymrkzjk0mtu0nzrmmgvimwnjmmu4-thumb_.jpg\" data-skip-htmlfix=\"1\" title=\"lmpwzyz3ptgwmczoyxnoptq0yza0mjayogmyymrkzjk0mtu0nzrmmgvimwnjmmu4-thumb_\"><\/p>\n<p data-index=\"2\"><em>Liviu Dragnea \/ FOTO: MediafaxFoto<\/em><\/p>\n<p data-index=\"3\">Fratele lui\u00a0Liviu Dragnea\u00a0a decedat \u00een august 2013, la v\u00e2rsta de 58 de ani, presa relat\u00e2nd atunci c\u0103 acesta suferea de cancer \u015fi c\u0103 a avut o lung\u0103 perioad\u0103 de suferin\u0163\u0103 din cauza acestei boli.\u00a0<\/p>\n<p data-index=\"4\">\u201e<span><em>Simt o mare nedreptate \u015fi am de asemenea dou\u0103 regrete uria\u015fe. Nu am zis-o p\u00e2n\u0103 acum, tocmai din dorin\u0163a mea permanent\u0103 de a nu influen\u0163a justi\u0163ia sub nicio form\u0103: fratele meu a murit din cauza acestui dosar, familia mea este aproape distrus\u0103. Am trecut peste toate astea\u201d<\/em>, a spus<strong> Liviu Dragnea<\/strong>, duminic\u0103 seara, \u00eentr-o emisiune televizat\u0103, informeaz\u0103 Mediafax.<\/span><\/p>\n<p data-index=\"5\">El a reiterat c\u0103 se simte nevinovat fa\u0163\u0103 de acuza\u0163iile pentru care a fost condamnat de instan\u0163\u0103 \u00een dosarul \u201eReferendumul\u201d \u015fi c\u0103 a tr\u0103it cu speran\u0163a c\u0103 va fi achitat.<\/p>\n<p data-index=\"6\">Liviu Dragnea a anun\u0163at, vineri, c\u0103 a demisionat din postul de ministru al Dezvolt\u0103rii Regionale \u015fi Administra\u0163iei Publice, iar luni, \u00een \u015fedin\u0163a Biroului Permanent al PSD, \u00ee\u015fi va depune mandatul de pre\u015fedinte executiv al partidului, ca urmare a deciziei instan\u0163ei de a-l condamna \u00een dosarul \u201eReferendumul\u201d.<\/p>\n<p data-index=\"7\">El a precizat c\u0103 se consider\u0103 \u00een continuare nevinovat, dar c\u0103 a luat act de decizia instan\u0163ei, ne\u015ftiind \u00eens\u0103 care va fi motivarea deciziei.<\/p>\n<p data-index=\"8\">Dragnea a fost condamnat la un an de \u00eenchisoare cu suspendare, \u00een dosarul privind fraude la referendumul din 2012, pentru demiterea pre\u015fedintelui\u00a0Traian B\u0103sescu, decizia luat\u0103 vineri de instan\u0163a suprem\u0103 nefiind definitiv\u0103.<\/p>\n<p data-index=\"9\">Liviu Dragnea, secretar general al PSD la data faptelor, a fost trimis \u00een judecat\u0103 pentru infrac\u0163iunea de folosire a influen\u0163ei sau autorit\u0103\u0163ii de c\u0103tre o persoan\u0103 care de\u0163ine o func\u0163ie de conducere \u00eentr-un partid, \u00een scopul ob\u0163inerii pentru sine sau pentru altul de foloase necuvenite.<\/p>\n<p data-index=\"10\">Anchetatorii sus\u0163in c\u0103 Dragnea a fost sus\u0163inut \u00een fraudarea referendumului de 74 de pre\u015fedin\u0163i \u015fi membri ai unor sec\u0163ii de votare din localit\u0103\u0163i din jude\u0163ele Teleorman, Vrancea, Gorj \u015fi Olt.<\/p>\n<p data-index=\"11\">Ace\u015ftia au fost trimi\u015fi \u00een judecat\u0103 pentru falsificare, prin orice mijloace, a documentelor de la birourile electorale \u015fi introducerea \u00een urn\u0103 a unui num\u0103r suplimentar de buletine de vot dec\u00e2t cele votate de aleg\u0103tori, infrac\u0163iuni comise sub forma autoratului, complicit\u0103\u0163ii sau a instig\u0103rii.<\/p>\n<\/div>\n<p> Source URL: https:\/\/www.digi24.ro\/stiri\/actualitate\/politica\/liviu-dragnea-dupa-condamnare-fratele-meu-a-murit-din-cauza-dosarului-referendumul-392404<\/p>\n","protected":false},"excerpt":{"rendered":"<p>Liviu Dragnea \/ FOTO: MediafaxFoto Fratele lui\u00a0Liviu Dragnea\u00a0a decedat \u00een august 2013, la v\u00e2rsta de 58 de ani, presa relat\u00e2nd atunci c\u0103 acesta suferea de cancer \u015fi c\u0103 a avut o lung\u0103 perioad\u0103 de suferin\u0163\u0103 din cauza acestei boli.\u00a0 \u201eSimt o mare nedreptate \u015fi am de asemenea dou\u0103 regrete uria\u015fe. Nu am zis-o p\u00e2n\u0103 acum, [&hellip;]<\/p>\n","protected":false},"author":1,"featured_media":181602,"comment_status":"open","ping_status":"","sticky":false,"template":"","format":"standard","meta":{"footnotes":""},"categories":[2],"tags":[11],"class_list":["post-181601","post","type-post","status-publish","format-standard","has-post-thumbnail","hentry","category-politics","tag-digi24"],"_links":{"self":[{"href":"https:\/\/analyse.optim.biz\/index.php?rest_route=\/wp\/v2\/posts\/181601","targetHints":{"allow":["GET"]}}],"collection":[{"href":"https:\/\/analyse.optim.biz\/index.php?rest_route=\/wp\/v2\/posts"}],"about":[{"href":"https:\/\/analyse.optim.biz\/index.php?rest_route=\/wp\/v2\/types\/post"}],"author":[{"embeddable":true,"href":"https:\/\/analyse.optim.biz\/index.php?rest_route=\/wp\/v2\/users\/1"}],"replies":[{"embeddable":true,"href":"https:\/\/analyse.optim.biz\/index.php?rest_route=%2Fwp%2Fv2%2Fcomments&post=181601"}],"version-history":[{"count":0,"href":"https:\/\/analyse.optim.biz\/index.php?rest_route=\/wp\/v2\/posts\/181601\/revisions"}],"wp:featuredmedia":[{"embeddable":true,"href":"https:\/\/analyse.optim.biz\/index.php?rest_route=\/wp\/v2\/media\/181602"}],"wp:attachment":[{"href":"https:\/\/analyse.optim.biz\/index.php?rest_route=%2Fwp%2Fv2%2Fmedia&parent=181601"}],"wp:term":[{"taxonomy":"category","embeddable":true,"href":"https:\/\/analyse.optim.biz\/index.php?rest_route=%2Fwp%2Fv2%2Fcategories&post=181601"},{"taxonomy":"post_tag","embeddable":true,"href":"https:\/\/analyse.optim.biz\/index.php?rest_route=%2Fwp%2Fv2%2Ftags&post=181601"}],"curies":[{"name":"wp","href":"https:\/\/api.w.org\/{rel}","templated":true}]}}