{"id":1815945,"date":"2026-03-07T00:00:00","date_gmt":"2026-03-06T21:00:00","guid":{"rendered":"https:\/\/analyse.optim.biz\/?p=1815945"},"modified":"2026-03-07T00:00:00","modified_gmt":"2026-03-06T21:00:00","slug":"fara-cuvinte-o-mama-a-incercat-de-doua-ori-sa-si-omoare-bebelusul-abia-nascut","status":"publish","type":"post","link":"https:\/\/analyse.optim.biz\/?p=1815945","title":{"rendered":"F\u0103r\u0103 cuvinte! O mam\u0103 a \u00eencercat de dou\u0103 ori s\u0103-\u0219i omoare bebelu\u0219ul abia n\u0103scut"},"content":{"rendered":"<p>[analyse_image type=&#8221;featured&#8221; src=&#8221;&#8221;]<\/p>\n<div class=\"entry-content\">\n<p><img decoding=\"async\" loading=\"lazy\" class=\"alignright size-medium wp-image-301471\" src=\"https:\/\/suceavanews.ro\/wp-content\/uploads\/2019\/12\/bebelus-225x300.jpg\" alt=\"\" width=\"225\" height=\"300\">O femeie din Vatra Dornei a fost trimis\u0103 \u00een judecat\u0103 de procurorii Parchetului de pe l\u00e2ng\u0103 Tribunalul Suceava pentru tentativ\u0103 de omor asupra propriei fiice, \u00een v\u00e2rst\u0103 de numai 12 zile. Anchetatorii sus\u021bin c\u0103 mama ar fi \u00eencercat s\u0103 \u00eei curme via\u021ba nou-n\u0103scutului \u00een dou\u0103 r\u00e2nduri.<\/p>\n<p>Prima sesizare a venit din partea medicilor de la Spitalul Municipal Vatra Dornei, care au alertat poli\u021bia pe 24 august 2024. Micu\u021ba fusese adus\u0103 la Unitatea de Primiri Urgen\u021be cu dureri severe, diagnosticul stabilit de cadrele medicale fiind fractur\u0103 de humerus.<\/p>\n<p><em><strong>\u201e\u00cen data de 24.08.2024, ora 13:30, organele de cercetare penal\u0103 din cadrul Poli\u0163iei Municipiului Vatra Dornei au fost sesizate telefonic de angaja\u0163i ai Spitalului Municipal Vatra Dornei cu privire la faptul c\u0103 la data de 24.08.2024, \u00een jurul orei 10:05, la unitatea de primiri urgen\u0163e a fost adus\u0103 o minor\u0103 \u00een v\u00e2rst\u0103 de 12 zile care prezenta dureri la nivelul um\u0103rului, iar \u00een urma consulta\u0163iei medicale s-a stabilit diagnosticul fractur\u0103 humerus. \u00cen baza acestei sesiz\u0103ri, lucr\u0103torii de poli\u0163ie judiciar\u0103 s-au sesizat din oficiu<\/strong><\/em>\u201d, se precizeaz\u0103 \u00een rechizitoriul \u00eentocmit de procurori.<\/p>\n<p>La scurt timp dup\u0103 acest prim incident, bebelu\u0219ul a fost transportat din nou la unitatea medical\u0103. Medicii au descoperit un sindrom febril, suspiciune de stare septic\u0103 \u0219i multiple echimoze la nivelul fe\u021bei \u0219i al pleoapelor.<\/p>\n<p>Anchetatorii au stabilit c\u0103 actele de violen\u021b\u0103 s-au produs \u00een perioada 23 august \u2013 3 septembrie 2024.<\/p>\n<p><em><strong>\u201e\u00cen urma efectu\u0103rii urm\u0103ririi penale s-a concluzionat c\u0103 \u00een perioada 23.08.2024 \u2013 3.09.2024 inculpata a agresat-o fizic \u00een dou\u0103 ocazii pe fiica sa: \u00een data de 23.08.2024 prin lovire cu mijloc contondent\/torsiune exagerat\u0103 a membrului superior st\u00e2ng, iar \u00een data 3.09.2024 prin lovire cu mijloace contondente, prin aplicarea unei for\u0163e de compresie la nivelul fe\u0163ei cu ajutorul degetelor \u015fi prin scuturare a corpului, context \u00een care a acceptat posibilitatea suprim\u0103rii vie\u0163ii victimei\u201d<\/strong><\/em>, arat\u0103 procurorii.<\/p>\n<p>Dosarul penal a fost \u00eenaintat spre solu\u021bionare Tribunalului Suceava.<\/p>\n<\/div>\n<div class=\"entry-content\">\n<p><img decoding=\"async\" loading=\"lazy\" class=\"alignright size-medium wp-image-301471\" src=\"https:\/\/suceavanews.ro\/wp-content\/uploads\/2019\/12\/bebelus-225x300.jpg\" alt=\"\" width=\"225\" height=\"300\">O femeie din Vatra Dornei a fost trimis\u0103 \u00een judecat\u0103 de procurorii Parchetului de pe l\u00e2ng\u0103 Tribunalul Suceava pentru tentativ\u0103 de omor asupra propriei fiice, \u00een v\u00e2rst\u0103 de numai 12 zile. Anchetatorii sus\u021bin c\u0103 mama ar fi \u00eencercat s\u0103 \u00eei curme via\u021ba nou-n\u0103scutului \u00een dou\u0103 r\u00e2nduri.<\/p>\n<p>Prima sesizare a venit din partea medicilor de la Spitalul Municipal Vatra Dornei, care au alertat poli\u021bia pe 24 august 2024. Micu\u021ba fusese adus\u0103 la Unitatea de Primiri Urgen\u021be cu dureri severe, diagnosticul stabilit de cadrele medicale fiind fractur\u0103 de humerus.<\/p>\n<p><em><strong>\u201e\u00cen data de 24.08.2024, ora 13:30, organele de cercetare penal\u0103 din cadrul Poli\u0163iei Municipiului Vatra Dornei au fost sesizate telefonic de angaja\u0163i ai Spitalului Municipal Vatra Dornei cu privire la faptul c\u0103 la data de 24.08.2024, \u00een jurul orei 10:05, la unitatea de primiri urgen\u0163e a fost adus\u0103 o minor\u0103 \u00een v\u00e2rst\u0103 de 12 zile care prezenta dureri la nivelul um\u0103rului, iar \u00een urma consulta\u0163iei medicale s-a stabilit diagnosticul fractur\u0103 humerus. \u00cen baza acestei sesiz\u0103ri, lucr\u0103torii de poli\u0163ie judiciar\u0103 s-au sesizat din oficiu<\/strong><\/em>\u201d, se precizeaz\u0103 \u00een rechizitoriul \u00eentocmit de procurori.<\/p>\n<p>La scurt timp dup\u0103 acest prim incident, bebelu\u0219ul a fost transportat din nou la unitatea medical\u0103. Medicii au descoperit un sindrom febril, suspiciune de stare septic\u0103 \u0219i multiple echimoze la nivelul fe\u021bei \u0219i al pleoapelor.<\/p>\n<p>Anchetatorii au stabilit c\u0103 actele de violen\u021b\u0103 s-au produs \u00een perioada 23 august \u2013 3 septembrie 2024.<\/p>\n<p><em><strong>\u201e\u00cen urma efectu\u0103rii urm\u0103ririi penale s-a concluzionat c\u0103 \u00een perioada 23.08.2024 \u2013 3.09.2024 inculpata a agresat-o fizic \u00een dou\u0103 ocazii pe fiica sa: \u00een data de 23.08.2024 prin lovire cu mijloc contondent\/torsiune exagerat\u0103 a membrului superior st\u00e2ng, iar \u00een data 3.09.2024 prin lovire cu mijloace contondente, prin aplicarea unei for\u0163e de compresie la nivelul fe\u0163ei cu ajutorul degetelor \u015fi prin scuturare a corpului, context \u00een care a acceptat posibilitatea suprim\u0103rii vie\u0163ii victimei\u201d<\/strong><\/em>, arat\u0103 procurorii.<\/p>\n<p>Dosarul penal a fost \u00eenaintat spre solu\u021bionare Tribunalului Suceava.<\/p>\n<\/div>\n<p>[analyse_source url=&#8221;https:\/\/suceavanews.ro\/318696\/general\/stirea-zilei\/fara-cuvinte-o-mama-a-incercat-de-doua-ori-sa-si-omoare-bebelusul-abia-nascut\/&#8221;]<\/p>\n","protected":false},"excerpt":{"rendered":"<p>[analyse_image type=&#8221;featured&#8221; src=&#8221;&#8221;] O femeie din Vatra Dornei a fost trimis\u0103 \u00een judecat\u0103 de procurorii Parchetului de pe l\u00e2ng\u0103 Tribunalul Suceava pentru tentativ\u0103 de omor asupra propriei fiice, \u00een v\u00e2rst\u0103 de numai 12 zile. Anchetatorii sus\u021bin c\u0103 mama ar fi \u00eencercat s\u0103 \u00eei curme via\u021ba nou-n\u0103scutului \u00een dou\u0103 r\u00e2nduri. Prima sesizare a venit din partea [&hellip;]<\/p>\n","protected":false},"author":1,"featured_media":0,"comment_status":"open","ping_status":"","sticky":false,"template":"","format":"standard","meta":{"footnotes":""},"categories":[89],"tags":[226,174],"class_list":["post-1815945","post","type-post","status-publish","format-standard","hentry","category-romania","tag-crawlmanager","tag-suceavanews-ro"],"_links":{"self":[{"href":"https:\/\/analyse.optim.biz\/index.php?rest_route=\/wp\/v2\/posts\/1815945","targetHints":{"allow":["GET"]}}],"collection":[{"href":"https:\/\/analyse.optim.biz\/index.php?rest_route=\/wp\/v2\/posts"}],"about":[{"href":"https:\/\/analyse.optim.biz\/index.php?rest_route=\/wp\/v2\/types\/post"}],"author":[{"embeddable":true,"href":"https:\/\/analyse.optim.biz\/index.php?rest_route=\/wp\/v2\/users\/1"}],"replies":[{"embeddable":true,"href":"https:\/\/analyse.optim.biz\/index.php?rest_route=%2Fwp%2Fv2%2Fcomments&post=1815945"}],"version-history":[{"count":0,"href":"https:\/\/analyse.optim.biz\/index.php?rest_route=\/wp\/v2\/posts\/1815945\/revisions"}],"wp:attachment":[{"href":"https:\/\/analyse.optim.biz\/index.php?rest_route=%2Fwp%2Fv2%2Fmedia&parent=1815945"}],"wp:term":[{"taxonomy":"category","embeddable":true,"href":"https:\/\/analyse.optim.biz\/index.php?rest_route=%2Fwp%2Fv2%2Fcategories&post=1815945"},{"taxonomy":"post_tag","embeddable":true,"href":"https:\/\/analyse.optim.biz\/index.php?rest_route=%2Fwp%2Fv2%2Ftags&post=1815945"}],"curies":[{"name":"wp","href":"https:\/\/api.w.org\/{rel}","templated":true}]}}