{"id":181579,"date":"2015-05-18T10:11:18","date_gmt":"2015-05-18T07:11:18","guid":{"rendered":"https:\/\/analyse.optim.biz\/?p=181579"},"modified":"2015-05-18T10:11:18","modified_gmt":"2015-05-18T07:11:18","slug":"catalin-predoiu-daca-domnul-ponta-vrea-sa-sprijine-atunci-sa-puna-la-dispozitia-dna-procurori-specializati-pe-jaful-padurilor","status":"publish","type":"post","link":"https:\/\/analyse.optim.biz\/?p=181579","title":{"rendered":"C\u0103t\u0103lin Predoiu: Dac\u0103 domnul Ponta vrea s\u0103 sprijine, atunci s\u0103 pun\u0103 la dispozi\u021bia DNA procurori specializa\u021bi pe jaful p\u0103durilor"},"content":{"rendered":"<div class=\"entry data-app-meta data-app-meta-article\" data-embed-base-url-canonical=\"https:\/\/www.digi24.ro\/embed\/stiri\/actualitate\/politica\/catalin-predoiu-daca-domnul-ponta-vrea-sa-sprijine-atunci-sa-puna-la-dispozitia-dna-procurori-specializati-pe-jaful-padurilor-392483\">\n<p data-index=\"1\"><strong>C\u0103t\u0103lin Predoiu<\/strong> a spus \u00een <strong>emisiunea \u201eKm0\u201d de la Digi24<\/strong> c\u0103 Victor Ponta a \u00eenceput o campanie de \u201esubminare a credibilit\u0103\u021bii\u201d pre\u0219edintelui Klaus Iohannis \u201ecu acuza\u021bii mincinoase \u0219i de ascundere a propriilor probleme de guvernare\u201d.<\/p>\n<p data-index=\"2\">\u201e<span><em>Domnul Ponta de trei ani e premier \u0219i de trei ani are \u00een grij\u0103 p\u0103durile. De trei ani \u0219i mai bine trebuia s\u0103 aib\u0103 pe mas\u0103 toate aceste probleme. S-a trezit acum, invoc\u00e2nd \u00een mod mincinos un interes care nu exist\u0103<\/em>\u201d, a ad\u0103ugat <strong>Predoiu<\/strong>.<\/span><\/p>\n<p data-index=\"3\">\u00centrebat cine c\u00e2\u0219tig\u0103 dac\u0103 acest proiect de lege al Codului Silvic este adoptat \u00een forma pe care o dore\u0219te Guvernul, prim-vicepre\u0219edintele PNL a r\u0103spuns: \u201e<em>La ora la care vorbim, \u0219eful Romsilva, un anume domn Cr\u0103ciunescu, e sub control judiciar, urm\u0103rit penal de DNA \u0219i e acolo, are \u00een continuare grij\u0103 de p\u0103durile Rom\u00e2niei, pentru c\u0103 e omul guvern\u0103rii Ponta<\/em>\u201d.<\/p>\n<p data-index=\"4\"><strong>C\u0103t\u0103lin Predoiu<\/strong> a ad\u0103ugat c\u0103 Victor Ponta trebuie s\u0103 explice de ce sunt t\u0103ieri ilegale de p\u0103duri. \u00a0\u201e<em>Vorbe sunt multe, fiecare arunc\u0103 acum cu tot felul de revela\u021bii. Trebuie f\u0103cut rapid o dezbatere \u00een CSAT, trebuie v\u0103zut exact ce tranzac\u021bii au fost ilegale \u0219i anchetate urgent. Dac\u0103 domnul Ponta vrea s\u0103 sprijine, atunci s\u0103 pun\u0103 la dispozi\u021bia DNA un supliment de procurori specializa\u021bi pe acest tip de jaf. Trebuie s\u0103 informatiz\u0103m harta p\u0103durilor \u2013 \u00een trei ani se putea face, s\u0103 facem un sistem \u00een care orice fel de exploatare s\u0103 fie f\u0103cut\u0103 transparent, cu licita\u021bii publice<\/em>\u201d, a sus\u021binut <strong>C\u0103t\u0103lin Predoiu<\/strong>.<\/p>\n<p data-index=\"5\">El a reiterat c\u0103 a fost \u201e<strong>o campanie de denigrare orchestrat\u0103 foarte atent<\/strong>\u201d de Victor Ponta. \u201e<em>Domnul Ponta, care \u00een urm\u0103 cu c\u00e2\u021biva ani de zile a formulat \u00een calitate de parlamentar un amendament care permitea t\u0103ierile acestea dincolo de orice limit\u0103, acum vine \u0219i spune c\u0103 e preocupat de p\u0103duri. Asta e problema pe care evit\u0103 s\u0103 o explice<\/em>\u201d, a men\u021bionat prim-vicepre\u0219edintele PNL.<\/p>\n<h5>Citi\u021bi \u0219i<\/h5>\n<h5><a href=\"https:\/\/www.digi24.ro\/Stiri\/Digi24\/Actualitate\/Politica\/T+Basescu+intervine+in+disputa+pe+Codul+Silvic+In+problema+padur\" data-skip-linkfix=\"1\">T. B\u0103sescu intervine \u00een disputa pe Codul Silvic: \u00cen problema p\u0103durilor, \u0219i V. Ponta, \u0219i K. Iohannis sunt diletan\u021bi<\/a><\/h5>\n<h5><a href=\"https:\/\/www.digi24.ro\/Stiri\/Digi24\/Actualitate\/Politica\/Replica+presedintelui+in+scandalul+Codului+silvic\" data-skip-linkfix=\"1\">Replica pre\u0219edintelui \u00een scandalul Codului silvic: Ideea a fost plantat\u0103 \u00een spa\u021biul public doar pentru c\u0103 sunt etnic german<\/a><\/h5>\n<h5><a href=\"https:\/\/www.digi24.ro\/Stiri\/Digi24\/Actualitate\/Stiri\/C+T+Popescu+Domnul+Iohannis+ia+contact+cu+muscaturile+naparcii+c\" data-skip-linkfix=\"1\">C.T. Popescu: \u201eDomnul Iohannis ia contact\u00a0cu mu\u0219c\u0103turile n\u0103p\u00e2rcii cu ochelari\u201d<\/a><\/h5>\n<h5><a href=\"https:\/\/www.digi24.ro\/Stiri\/Digi24\/Actualitate\/Politica\/Ponta+Iohannis+critici+reactie+codul+silvic\" data-skip-linkfix=\"1\">Victor Ponta, reac\u021bie la criticile pre\u0219edintelui Iohannis<\/a><\/h5>\n<h5><a href=\"https:\/\/www.digi24.ro\/Stiri\/Digi24\/Actualitate\/Stiri\/Presedintia+prezinta+opinia+Consiliului+Concurentei+pe+Codul+Sil\" data-skip-linkfix=\"1\">Pre\u015fedin\u0163ia prezint\u0103 opinia Consiliului Concuren\u0163ei pe Codul Silvic: Concuren\u0163a a propus eliminarea pragului de 30%<\/a><\/h5>\n<\/div>\n<p> Source URL: https:\/\/www.digi24.ro\/stiri\/actualitate\/politica\/catalin-predoiu-daca-domnul-ponta-vrea-sa-sprijine-atunci-sa-puna-la-dispozitia-dna-procurori-specializati-pe-jaful-padurilor-392483<\/p>\n","protected":false},"excerpt":{"rendered":"<p>C\u0103t\u0103lin Predoiu a spus \u00een emisiunea \u201eKm0\u201d de la Digi24 c\u0103 Victor Ponta a \u00eenceput o campanie de \u201esubminare a credibilit\u0103\u021bii\u201d pre\u0219edintelui Klaus Iohannis \u201ecu acuza\u021bii mincinoase \u0219i de ascundere a propriilor probleme de guvernare\u201d. \u201eDomnul Ponta de trei ani e premier \u0219i de trei ani are \u00een grij\u0103 p\u0103durile. De trei ani \u0219i mai [&hellip;]<\/p>\n","protected":false},"author":1,"featured_media":181580,"comment_status":"open","ping_status":"","sticky":false,"template":"","format":"standard","meta":{"footnotes":""},"categories":[2],"tags":[11],"class_list":["post-181579","post","type-post","status-publish","format-standard","has-post-thumbnail","hentry","category-politics","tag-digi24"],"_links":{"self":[{"href":"https:\/\/analyse.optim.biz\/index.php?rest_route=\/wp\/v2\/posts\/181579","targetHints":{"allow":["GET"]}}],"collection":[{"href":"https:\/\/analyse.optim.biz\/index.php?rest_route=\/wp\/v2\/posts"}],"about":[{"href":"https:\/\/analyse.optim.biz\/index.php?rest_route=\/wp\/v2\/types\/post"}],"author":[{"embeddable":true,"href":"https:\/\/analyse.optim.biz\/index.php?rest_route=\/wp\/v2\/users\/1"}],"replies":[{"embeddable":true,"href":"https:\/\/analyse.optim.biz\/index.php?rest_route=%2Fwp%2Fv2%2Fcomments&post=181579"}],"version-history":[{"count":0,"href":"https:\/\/analyse.optim.biz\/index.php?rest_route=\/wp\/v2\/posts\/181579\/revisions"}],"wp:featuredmedia":[{"embeddable":true,"href":"https:\/\/analyse.optim.biz\/index.php?rest_route=\/wp\/v2\/media\/181580"}],"wp:attachment":[{"href":"https:\/\/analyse.optim.biz\/index.php?rest_route=%2Fwp%2Fv2%2Fmedia&parent=181579"}],"wp:term":[{"taxonomy":"category","embeddable":true,"href":"https:\/\/analyse.optim.biz\/index.php?rest_route=%2Fwp%2Fv2%2Fcategories&post=181579"},{"taxonomy":"post_tag","embeddable":true,"href":"https:\/\/analyse.optim.biz\/index.php?rest_route=%2Fwp%2Fv2%2Ftags&post=181579"}],"curies":[{"name":"wp","href":"https:\/\/api.w.org\/{rel}","templated":true}]}}