{"id":181577,"date":"2015-05-18T10:25:42","date_gmt":"2015-05-18T07:25:42","guid":{"rendered":"https:\/\/analyse.optim.biz\/?p=181577"},"modified":"2015-05-18T10:25:42","modified_gmt":"2015-05-18T07:25:42","slug":"traian-basescu-problema-reala-o-reprezinta-defrisarile-irationale-nu-cota-de-piata-a-firmei-austriece-schweighofer","status":"publish","type":"post","link":"https:\/\/analyse.optim.biz\/?p=181577","title":{"rendered":"Traian B\u0103sescu: Problema real\u0103 o reprezint\u0103 defri\u015f\u0103rile ira\u0163ionale, nu cota de pia\u0163\u0103 a firmei austriece Schweighofer"},"content":{"rendered":"<div class=\"entry data-app-meta data-app-meta-article\" data-embed-base-url-canonical=\"https:\/\/www.digi24.ro\/embed\/stiri\/actualitate\/politica\/traian-basescu-problema-reala-o-reprezinta-defrisarile-irationale-nu-cota-de-piata-a-firmei-austriece-schweighofer-392491\">\n<div class=\"fb-post\">\n<div class=\"fb-xfbml-parse-ignore\">\n<blockquote cite=\"https:\/\/www.facebook.com\/PresedinteleTraianBasescu\/posts\/1052293961450821\">\n<p data-index=\"2\">Nu ne puteti prosti pe to\u0163i.Clauza de salvgardare prev\u0103zut\u0103 la art. 191 din Tratatul de la Lisabona, la capitolul&#8230;<\/p>\n<p>Posted by <a href=\"https:\/\/www.facebook.com\/PresedinteleTraianBasescu\" data-skip-linkfix=\"1\">Traian B\u0103sescu<\/a> on <a href=\"https:\/\/www.facebook.com\/PresedinteleTraianBasescu\/posts\/1052293961450821\" data-skip-linkfix=\"1\">Monday, May 18, 2015<\/a><\/p><\/blockquote>\n<\/div>\n<\/div>\n<p data-index=\"3\">\u201e<span>Nu ne puteti prosti pe to\u0163i,<\/span><\/p>\n<p data-index=\"4\">Clauza de salvgardare prev\u0103zut\u0103 la art. 191 din Tratatul de la Lisabona, la capitolul mediu, este solu\u0163ia pentru protejarea p\u0103durilor noastre.<\/p>\n<p data-index=\"5\">Impresia mea este c\u0103 nici unul din protagoni\u015ftii disputei legat\u0103 de Codul Silvic nu vrea s\u0103 ating\u0103 fondul cauzei, care este \u00eencetarea defri\u015f\u0103rii s\u0103lbatice a p\u0103durilor.<\/p>\n<p data-index=\"6\">\u00cen timp ce domnul Ponta vrea limitarea la 30 la sut\u0103 a cotei de pia\u0163\u0103 pentru firma austriac\u0103 Schweighofer, domnul Iohannis nu vrea aceast\u0103 limitare motiv pentru care a retrimis legea \u00eenapoi \u00een Parlament. \u015ei de aici t\u0103r\u0103boiul \u015fi acuzele reciproce.<\/p>\n<p data-index=\"7\">Problema real\u0103 o reprezint\u0103 defri\u015f\u0103rile ira\u0163ionale \u015fi nu cota de pia\u0163\u0103 a firmei austriece Schweighofer iar disputa dintre Ponta \u015fi Iohannis este ca \u015fi cum ai da unuia care moare de sete \u00een de\u015fert, o bucat\u0103 de p\u00eeine.<\/p>\n<p data-index=\"8\">Problema nu este cum se \u00eemparte prada rezultat\u0103 din defri\u015farea s\u0103lbatic\u0103 a p\u0103durilor, ci cum elimin\u0103m defri\u015f\u0103rile \u015fi trecem la exploatarea ra\u0163ional\u0103 a p\u0103durilor statului \u015fi \u00een mod egal a celor private.<\/p>\n<p data-index=\"9\">Clauza de salvgardare prev\u0103zut\u0103 \u00een Tratatul de la Lisabona la art. 191, prin care Rom\u00e2nia va avea ca aliat Comisia European\u0103, este cea care poate pune cap\u0103t defri\u015f\u0103rilor ira\u0163ionale \u015fi \u00eenchide apetitul de procese cu care amenin\u0163\u0103 austriecii.\u00a0<\/p>\n<p data-index=\"10\">Copacul aflat \u00een picioare este p\u0103dure \u015fi este protejat de Uniunea European\u0103. Copacul t\u0103iat din p\u0103dure este marf\u0103 \u015fi comer\u0163ul nu poate fi \u00eengr\u0103dit.\u00a0<\/p>\n<p data-index=\"11\">Rom\u00e2nia trebuie s\u0103 \u00eengr\u0103deasc\u0103 defri\u015f\u0103rile \u015fi nu comer\u0163ul.\u00a0Dar \u015fi Iohannis \u015fi Ponta trebuie s\u0103 vrea acest lucru.\u00a0<\/p>\n<p data-index=\"12\">Pricepe\u0163i domnilor Iohannis \u015fi Ponta c\u0103 nu ne pute\u0163i prosti pe to\u0163i cu o disput\u0103 fals\u0103 legat\u0103 de \u00eemp\u0103r\u0163irea pr\u0103zii \u00eentre rom\u00e2ni \u015fi str\u0103ini, c\u00eend de fapt problema este s\u0103 nu se mai defri\u015feze s\u0103lbatic p\u0103durea indiferent de cine o face?\u201d, acesta este mesajul lui Traian B\u0103sescu.<\/p>\n<h5><span>Citi\u021bi \u0219i<\/span><\/h5>\n<h5><a href=\"https:\/\/www.digi24.ro\/Stiri\/Digi24\/Actualitate\/Politica\/Catalin+Predoiu+Victor+Ponta+codul+silvic+procurori+DNA\" data-skip-linkfix=\"1\"><span>C\u0103t\u0103lin Predoiu: Dac\u0103 domnul Ponta vrea s\u0103 sprijine, atunci s\u0103 pun\u0103 la dispozi\u021bia DNA procurori specializa\u021bi pe jaful p\u0103durilor<\/span><\/a><\/h5>\n<h5><a href=\"https:\/\/www.digi24.ro\/Stiri\/Digi24\/Actualitate\/Politica\/T+Basescu+intervine+in+disputa+pe+Codul+Silvic+In+problema+padur\" data-skip-linkfix=\"1\">T. B\u0103sescu intervine \u00een disputa pe Codul Silvic: \u00cen problema p\u0103durilor, \u0219i V. Ponta, \u0219i K. Iohannis sunt diletan\u021bi<\/a><\/h5>\n<h5><a href=\"https:\/\/www.digi24.ro\/Stiri\/Digi24\/Actualitate\/Politica\/Replica+presedintelui+in+scandalul+Codului+silvic\" data-skip-linkfix=\"1\">Replica pre\u0219edintelui \u00een scandalul Codului silvic: Ideea a fost plantat\u0103 \u00een spa\u021biul public doar pentru c\u0103 sunt etnic german<\/a><\/h5>\n<h5><a href=\"https:\/\/www.digi24.ro\/Stiri\/Digi24\/Actualitate\/Politica\/Ponta+Iohannis+critici+reactie+codul+silvic\" data-skip-linkfix=\"1\">Victor Ponta, reac\u021bie la criticile pre\u0219edintelui Iohannis<\/a><\/h5>\n<h5><a href=\"https:\/\/www.digi24.ro\/Stiri\/Digi24\/Actualitate\/Stiri\/Presedintia+prezinta+opinia+Consiliului+Concurentei+pe+Codul+Sil\" data-skip-linkfix=\"1\">Pre\u015fedin\u0163ia prezint\u0103 opinia Consiliului Concuren\u0163ei pe Codul Silvic: Concuren\u0163a a propus eliminarea pragului de 30%<\/a><\/h5>\n<\/div>\n<p> Source URL: https:\/\/www.digi24.ro\/stiri\/actualitate\/politica\/traian-basescu-problema-reala-o-reprezinta-defrisarile-irationale-nu-cota-de-piata-a-firmei-austriece-schweighofer-392491<\/p>\n","protected":false},"excerpt":{"rendered":"<p>Nu ne puteti prosti pe to\u0163i.Clauza de salvgardare prev\u0103zut\u0103 la art. 191 din Tratatul de la Lisabona, la capitolul&#8230; Posted by Traian B\u0103sescu on Monday, May 18, 2015 \u201eNu ne puteti prosti pe to\u0163i, Clauza de salvgardare prev\u0103zut\u0103 la art. 191 din Tratatul de la Lisabona, la capitolul mediu, este solu\u0163ia pentru protejarea p\u0103durilor noastre. [&hellip;]<\/p>\n","protected":false},"author":1,"featured_media":181578,"comment_status":"open","ping_status":"","sticky":false,"template":"","format":"standard","meta":{"footnotes":""},"categories":[2],"tags":[11],"class_list":["post-181577","post","type-post","status-publish","format-standard","has-post-thumbnail","hentry","category-politics","tag-digi24"],"_links":{"self":[{"href":"https:\/\/analyse.optim.biz\/index.php?rest_route=\/wp\/v2\/posts\/181577","targetHints":{"allow":["GET"]}}],"collection":[{"href":"https:\/\/analyse.optim.biz\/index.php?rest_route=\/wp\/v2\/posts"}],"about":[{"href":"https:\/\/analyse.optim.biz\/index.php?rest_route=\/wp\/v2\/types\/post"}],"author":[{"embeddable":true,"href":"https:\/\/analyse.optim.biz\/index.php?rest_route=\/wp\/v2\/users\/1"}],"replies":[{"embeddable":true,"href":"https:\/\/analyse.optim.biz\/index.php?rest_route=%2Fwp%2Fv2%2Fcomments&post=181577"}],"version-history":[{"count":0,"href":"https:\/\/analyse.optim.biz\/index.php?rest_route=\/wp\/v2\/posts\/181577\/revisions"}],"wp:featuredmedia":[{"embeddable":true,"href":"https:\/\/analyse.optim.biz\/index.php?rest_route=\/wp\/v2\/media\/181578"}],"wp:attachment":[{"href":"https:\/\/analyse.optim.biz\/index.php?rest_route=%2Fwp%2Fv2%2Fmedia&parent=181577"}],"wp:term":[{"taxonomy":"category","embeddable":true,"href":"https:\/\/analyse.optim.biz\/index.php?rest_route=%2Fwp%2Fv2%2Fcategories&post=181577"},{"taxonomy":"post_tag","embeddable":true,"href":"https:\/\/analyse.optim.biz\/index.php?rest_route=%2Fwp%2Fv2%2Ftags&post=181577"}],"curies":[{"name":"wp","href":"https:\/\/api.w.org\/{rel}","templated":true}]}}