{"id":181574,"date":"2015-05-18T11:10:41","date_gmt":"2015-05-18T08:10:41","guid":{"rendered":"https:\/\/analyse.optim.biz\/?p=181574"},"modified":"2015-05-18T11:10:41","modified_gmt":"2015-05-18T08:10:41","slug":"klaus-iohannis-va-sustine-astazi-o-conferinta-de-presa","status":"publish","type":"post","link":"https:\/\/analyse.optim.biz\/?p=181574","title":{"rendered":"Klaus Iohannis va sus\u021bine ast\u0103zi o conferin\u021b\u0103 de pres\u0103"},"content":{"rendered":"<div class=\"entry data-app-meta data-app-meta-article\" data-embed-base-url-canonical=\"https:\/\/www.digi24.ro\/embed\/stiri\/actualitate\/politica\/klaus-iohannis-va-sustine-astazi-o-conferinta-de-presa-392524\">\n<p data-index=\"1\"><img decoding=\"async\" src=\"https:\/\/analyse.optim.biz\/wp-content\/uploads\/2024\/09\/ztu0ymmxyjnmnja4mdaxywvimzjhzmrlyjc2yzzmza-thumb_.jpg\" alt=\"Klaus Iohannis\" data-skip-htmlfix=\"1\" title=\"ztu0ymmxyjnmnja4mdaxywvimzjhzmrlyjc2yzzmza-thumb_\"><\/p>\n<p data-index=\"2\"><strong>Codul Silvic \u015fi modific\u0103rile aduse Codului Penal<\/strong> ar putea fi temele conferin\u0163ei de pres\u0103 pe care o sus\u0163ine pre\u015fedintele Klaus Iohannis, \u00een aceast\u0103 dup\u0103-amiaz\u0103, de la ora 17.00, la Palatul Cotroceni.<\/p>\n<p data-index=\"3\"><strong>Codul Silvic<\/strong> a fost trimis spre reexaminare Parlamentului \u00een urm\u0103 cu dou\u0103 luni, iar acum este la Camera Deputa\u0163ilor. Legea a trecut deja de Senat f\u0103r\u0103 a suferi modific\u0103rile cerute de pre\u015fedinte.<\/p>\n<p data-index=\"4\">De asemenea, schimb\u0103rile aduse Codului Penal ar putea fi atacate de pre\u015fedinte la Curtea Constitu\u0163ional\u0103. A\u015ftept\u0103m \u00een aceast\u0103 dup\u0103-amiaz\u0103 comentariile \u015fefului statului \u015fi pe aceast\u0103 tem\u0103.<\/p>\n<p data-index=\"5\">Pre\u0219edintele Klaus Iohannis ar putea vorbi \u015fi despre legile electorale. El a anun\u0163at deja c\u0103 va relua discu\u0163iile cu partidele \u00een privin\u0163a votului prin coresponden\u0163\u0103.<\/p>\n<p data-index=\"6\">Citi\u021bi <a href=\"https:\/\/www.digi24.ro\/Stiri\/Digi24\/Actualitate\/Stiri\/Klaus+Iohannis+Am+promulgat+legile+electorale+pentru+ca+le+consi\" target=\"_blank\" data-skip-linkfix=\"1\" rel=\"noopener\"><strong>AICI<\/strong><\/a> declara\u021biile pre\u0219edintelui f\u0103cute \u00een conferin\u021ba de pres\u0103.<\/p>\n<h5><a href=\"https:\/\/www.digi24.ro\/Stiri\/Digi24\/Actualitate\/Stiri\/Klaus+Iohannis+Defrisarile+ilegale+un+atac+la+siguranta+national\" target=\"_blank\" data-skip-linkfix=\"1\" rel=\"noopener\">Klaus Iohannis: Defri\u0219\u0103rile ilegale, un atac la siguran\u021ba na\u021bional\u0103<\/a><\/h5>\n<h5><a href=\"https:\/\/www.digi24.ro\/Stiri\/Digi24\/Actualitate\/Stiri\/Klaus+Iohannis+despre+institutia+Primei+doamne\" target=\"_blank\" data-skip-linkfix=\"1\" rel=\"noopener\">Klaus Iohannis, despre \u201einstitu\u021bia Primei Doamne\u201d<\/a><\/h5>\n<\/div>\n<p> Source URL: https:\/\/www.digi24.ro\/stiri\/actualitate\/politica\/klaus-iohannis-va-sustine-astazi-o-conferinta-de-presa-392524<\/p>\n","protected":false},"excerpt":{"rendered":"<p>Codul Silvic \u015fi modific\u0103rile aduse Codului Penal ar putea fi temele conferin\u0163ei de pres\u0103 pe care o sus\u0163ine pre\u015fedintele Klaus Iohannis, \u00een aceast\u0103 dup\u0103-amiaz\u0103, de la ora 17.00, la Palatul Cotroceni. Codul Silvic a fost trimis spre reexaminare Parlamentului \u00een urm\u0103 cu dou\u0103 luni, iar acum este la Camera Deputa\u0163ilor. Legea a trecut deja de [&hellip;]<\/p>\n","protected":false},"author":1,"featured_media":181575,"comment_status":"open","ping_status":"","sticky":false,"template":"","format":"standard","meta":{"footnotes":""},"categories":[2],"tags":[11],"class_list":["post-181574","post","type-post","status-publish","format-standard","has-post-thumbnail","hentry","category-politics","tag-digi24"],"_links":{"self":[{"href":"https:\/\/analyse.optim.biz\/index.php?rest_route=\/wp\/v2\/posts\/181574","targetHints":{"allow":["GET"]}}],"collection":[{"href":"https:\/\/analyse.optim.biz\/index.php?rest_route=\/wp\/v2\/posts"}],"about":[{"href":"https:\/\/analyse.optim.biz\/index.php?rest_route=\/wp\/v2\/types\/post"}],"author":[{"embeddable":true,"href":"https:\/\/analyse.optim.biz\/index.php?rest_route=\/wp\/v2\/users\/1"}],"replies":[{"embeddable":true,"href":"https:\/\/analyse.optim.biz\/index.php?rest_route=%2Fwp%2Fv2%2Fcomments&post=181574"}],"version-history":[{"count":0,"href":"https:\/\/analyse.optim.biz\/index.php?rest_route=\/wp\/v2\/posts\/181574\/revisions"}],"wp:featuredmedia":[{"embeddable":true,"href":"https:\/\/analyse.optim.biz\/index.php?rest_route=\/wp\/v2\/media\/181575"}],"wp:attachment":[{"href":"https:\/\/analyse.optim.biz\/index.php?rest_route=%2Fwp%2Fv2%2Fmedia&parent=181574"}],"wp:term":[{"taxonomy":"category","embeddable":true,"href":"https:\/\/analyse.optim.biz\/index.php?rest_route=%2Fwp%2Fv2%2Fcategories&post=181574"},{"taxonomy":"post_tag","embeddable":true,"href":"https:\/\/analyse.optim.biz\/index.php?rest_route=%2Fwp%2Fv2%2Ftags&post=181574"}],"curies":[{"name":"wp","href":"https:\/\/api.w.org\/{rel}","templated":true}]}}