{"id":1815713,"date":"2026-03-09T10:43:51","date_gmt":"2026-03-09T07:43:51","guid":{"rendered":"https:\/\/analyse.optim.biz\/?p=1815713"},"modified":"2026-03-09T10:43:51","modified_gmt":"2026-03-09T07:43:51","slug":"acum-accident-cu-victima-pe-trecerea-de-pietoni-in-ramnicu-valcea-in-apropiere-de-scoala-anton-pann","status":"publish","type":"post","link":"https:\/\/analyse.optim.biz\/?p=1815713","title":{"rendered":"ACUM! Accident cu victim\u0103 pe trecerea de pietoni \u00een R\u00e2mnicu V\u00e2lcea, \u00een apropiere de \u0218coala \u201eAnton Pann\u201d &#8211;"},"content":{"rendered":"<p>[analyse_image type=&#8221;featured&#8221; src=&#8221;https:\/\/www.gazeta-valceana.ro\/wp-content\/uploads\/2025\/05\/IPJ-POLITIA-RUTIER-generic-4.jpg&#8221;]<\/p>\n<article id=\"template-id-91645\" class=\"post-91645 tdb_templates type-tdb_templates status-publish post\">\n<div id=\"tdi_49\" class=\"tdc-zone\">\n<div class=\"tdc_zone tdi_50  wpb_row td-pb-row\">\n<div id=\"tdi_51\" class=\"tdc-row stretch_row_1200 td-stretch-content\">\n<div class=\"vc_row tdi_52  wpb_row td-pb-row\">\n<div class=\"vc_column tdi_54  wpb_column vc_column_container tdc-column td-pb-span8\">\n<div class=\"wpb_wrapper\">\n<div class=\"td_block_wrap tdb_title tdi_55 tdb-single-title td-pb-border-top td_block_template_1\" data-td-block-uid=\"tdi_55\">\n<div class=\"tdb-block-inner td-fix-index\">\n<h1 class=\"tdb-title-text\">ACUM! Accident cu victim\u0103 pe trecerea de pietoni \u00een R\u00e2mnicu V\u00e2lcea, \u00een apropiere de \u0218coala \u201eAnton Pann\u201d<\/h1>\n<\/div>\n<\/div>\n<div class=\"vc_row_inner tdi_58  vc_row vc_inner wpb_row td-pb-row tdc-row-content-vert-center\">\n<div class=\"vc_column_inner tdi_60  wpb_column vc_column_container tdc-inner-column td-pb-span12\">\n<div class=\"vc_column-inner\">\n<div class=\"wpb_wrapper\">\n<div class=\"td_block_wrap tdb_single_categories tdi_61 td-pb-border-top td_block_template_1 \" data-td-block-uid=\"tdi_61\">\n<div class=\"tdb-category td-fix-index\"><a class=\"tdb-entry-category\" href=\"https:\/\/www.gazeta-valceana.ro\/category\/fapt-divers\/\">Fapt divers<\/a><a class=\"tdb-entry-category\" href=\"https:\/\/www.gazeta-valceana.ro\/category\/i\/\">I<\/a><\/div>\n<\/div>\n<div class=\"td_block_wrap tdb_single_date tdi_62 td-pb-border-top td_block_template_1 tdb-post-meta\" data-td-block-uid=\"tdi_62\">\n<div class=\"tdb-block-inner td-fix-index\"><time class=\"entry-date updated td-module-date\" datetime=\"2026-03-09T12:43:51+02:00\">9 martie 2026<\/time><\/div>\n<\/div>\n<\/div>\n<\/div>\n<\/div>\n<\/div>\n<\/div>\n<\/div>\n<\/div>\n<\/div>\n<div id=\"tdi_65\" class=\"tdc-row stretch_row_1200 td-stretch-content\">\n<div class=\"vc_row tdi_66  wpb_row td-pb-row\">\n<div class=\"vc_column tdi_68  wpb_column vc_column_container tdc-column td-pb-span8\">\n<div class=\"wpb_wrapper\">\n<div class=\"td_block_wrap tdb_single_featured_image tdi_69 tdb-content-horiz-left td-pb-border-top td_block_template_1\" data-td-block-uid=\"tdi_69\">\n<div class=\"tdb-block-inner td-fix-index\"><img loading=\"lazy\" decoding=\"async\" width=\"696\" height=\"363\" class=\"entry-thumb\" src=\"https:\/\/www.gazeta-valceana.ro\/wp-content\/uploads\/2025\/05\/IPJ-POLITIA-RUTIER-generic-4-696x363.jpg\" alt title=\"IPJ POLITIA RUTIER generic 4\"><\/div>\n<\/div>\n<div class=\"td_block_wrap tdb_single_post_share tdi_70  td-pb-border-top td_block_template_1\" data-td-block-uid=\"tdi_70\">\n<div id=\"tdi_70\" class=\"td-post-sharing tdb-block td-ps-border td-ps-border-grey td-ps-notext td-ps-icon-color td-ps-text-color td-post-sharing-style16 \">\n<div class=\"td-post-sharing-visible\">\n<div class=\"td-social-sharing-button td-social-sharing-button-js td-social-handler td-social-share-text\">\n<div class=\"td-social-but-text\">Ac\u021biune<\/div>\n<\/div>\n<p><a class=\"td-social-sharing-button td-social-sharing-button-js td-social-network td-social-facebook\" href=\"https:\/\/www.facebook.com\/sharer.php?u=https%3A%2F%2Fwww.gazeta-valceana.ro%2Ffapt-divers%2Facum-accident-cu-victima-pe-trecerea-de-pietoni-in-ramnicu-valcea-in-apropiere-de-scoala-anton-pann%2F\" title=\"Facebook\"><\/p>\n<div class=\"td-social-but-text\">Facebook<\/div>\n<p><\/a><a class=\"td-social-sharing-button td-social-sharing-button-js td-social-network td-social-twitter\" href=\"https:\/\/twitter.com\/intent\/tweet?text=ACUM%21+Accident+cu+victim%C4%83+pe+trecerea+de+pietoni+%C3%AEn+R%C3%A2mnicu+V%C3%A2lcea%2C+%C3%AEn+apropiere+de+%C8%98coala+%E2%80%9EAnton+Pann%E2%80%9D&amp;url=https%3A%2F%2Fwww.gazeta-valceana.ro%2Ffapt-divers%2Facum-accident-cu-victima-pe-trecerea-de-pietoni-in-ramnicu-valcea-in-apropiere-de-scoala-anton-pann%2F&amp;via=Gazeta+V%C3%A2lcean%C4%83\" title=\"Twitter\"><\/p>\n<div class=\"td-social-but-text\">Twitter<\/div>\n<p><\/a><a class=\"td-social-sharing-button td-social-sharing-button-js td-social-network td-social-pinterest\" href=\"https:\/\/pinterest.com\/pin\/create\/button\/?url=https:\/\/www.gazeta-valceana.ro\/fapt-divers\/acum-accident-cu-victima-pe-trecerea-de-pietoni-in-ramnicu-valcea-in-apropiere-de-scoala-anton-pann\/&amp;media=https:\/\/www.gazeta-valceana.ro\/wp-content\/uploads\/2025\/05\/IPJ-POLITIA-RUTIER-generic-4.jpg&amp;description=ACUM%21+Accident+cu+victim%C4%83+pe+trecerea+de+pietoni+%C3%AEn+R%C3%A2mnicu+V%C3%A2lcea%2C+%C3%AEn+apropiere+de+%C8%98coala+%E2%80%9EAnton+Pann%E2%80%9D\" title=\"Pinterest\"><\/p>\n<div class=\"td-social-but-text\">Pinterest<\/div>\n<p><\/a><a class=\"td-social-sharing-button td-social-sharing-button-js td-social-network td-social-whatsapp\" href=\"https:\/\/api.whatsapp.com\/send?text=ACUM%21+Accident+cu+victim%C4%83+pe+trecerea+de+pietoni+%C3%AEn+R%C3%A2mnicu+V%C3%A2lcea%2C+%C3%AEn+apropiere+de+%C8%98coala+%E2%80%9EAnton+Pann%E2%80%9D%20%0A%0A%20https:\/\/www.gazeta-valceana.ro\/fapt-divers\/acum-accident-cu-victima-pe-trecerea-de-pietoni-in-ramnicu-valcea-in-apropiere-de-scoala-anton-pann\/\" title=\"WhatsApp\"><\/p>\n<div class=\"td-social-but-text\">WhatsApp<\/div>\n<p><\/a><\/div>\n<\/div>\n<\/div>\n<div class=\"td_block_wrap tdb_single_content tdi_71 td-pb-border-top td_block_template_1 td-post-content tagdiv-type\" data-td-block-uid=\"tdi_71\">\n<div class=\"tdb-block-inner td-fix-index\">\n<p>Luni, 9 martie 2026, \u00een jurul orei 12.00, la trecerea de pietoni de pe strada Lucian Blaga, intersec\u021bie cu bulevardul Dem R\u0103dulescu, \u00een cartierul Ostroveni din R\u00e2mnicu V\u00e2lcea, s-a produs un accident rutier cu victime. Din primele informa\u021bii, au fost implicate un autoturism \u0219i un pieton, victima fiind r\u0103nit\u0103 u\u0219or, din primele informa\u021bii pe care le avem.<\/p>\n<p>Din primele verific\u0103ri efectuate la fa\u021ba locului, s-a stabilit c\u0103 un b\u0103rbat \u00een v\u00e2rst\u0103 de 66 de ani, domiciliat \u00een comuna Mih\u0103e\u0219ti, \u00een timp ce conducea un autoturism, nu ar fi acordat prioritate de trecere unei femei care se afla \u00een traversarea str\u0103zii regulamentar.<\/p>\n<p>\u00cen urma impactului, femeia \u00een v\u00e2rst\u0103 de 62 de ani, din municipiul R\u00e2mnicu V\u00e2lcea, a fost transportat\u0103 la spital pentru acordarea de \u00eengrijiri medicale.<\/p>\n<p>Cauza producerii accidentului este de reprezentat\u0103 de neacordarea de prioritate la trecerea de pietoni. \u0218oferul implicat \u00een accident a fost vertificat cu aparatul etilotest, rezult\u00e2nd c\u0103 nu a consumat b\u0103uturi alcoolice.<\/p>\n<p><strong>Vom reveni cu informa\u021bii!<\/strong><\/p>\n<\/div>\n<\/div>\n<div class=\"tdb-author-box td_block_wrap tdb_single_author_box tdi_72 tdb-content-vert-top td-pb-border-top td_block_template_1\" data-td-block-uid=\"tdi_72\">\n<div class=\"tdb-block-inner td-fix-index\"><a href=\"https:\/\/www.gazeta-valceana.ro\/author\/redactia\/\" class=\"tdb-author-photo\" title=\"Redactia\"><img decoding=\"async\" alt=\"Redactia\" src=\"https:\/\/secure.gravatar.com\/avatar\/d9699bfd17d7f55fcf6bbdfb0214d48a942c5fd23a1db27f4a803a8d0651670f?s=500&amp;d=mm&amp;r=g\" class=\"avatar avatar-500 photo\" height=\"500\" width=\"500\" loading=\"lazy\"><\/a><\/p>\n<div class=\"tdb-author-info\"><a href=\"https:\/\/www.gazeta-valceana.ro\/author\/redactia\/\" class=\"tdb-author-name\">Redactia<\/a><\/div>\n<\/div>\n<\/div>\n<\/div>\n<\/div>\n<div class=\"vc_column tdi_76  wpb_column vc_column_container tdc-column td-pb-span4 td-is-sticky\">\n<div class=\"wpb_wrapper\" data-sticky-enabled-on=\"W3RydWUsdHJ1ZSx0cnVlLHRydWVd\" data-sticky-offset=\"20\" data-sticky-is-width-auto=\"W2ZhbHNlLGZhbHNlLGZhbHNlLGZhbHNlXQ==\">\n<div class=\"vc_row_inner tdi_81  vc_row vc_inner wpb_row td-pb-row tdc-row-content-vert-center\">\n<div class=\"vc_column_inner tdi_83  wpb_column vc_column_container tdc-inner-column td-pb-span12\">\n<div class=\"vc_column-inner\">\n<div class=\"wpb_wrapper\">\n<div class=\"tdm_block td_block_wrap tdm_block_inline_text tdi_86 tdm-inline-block td-pb-border-top td_block_template_1\" data-td-block-uid=\"tdi_86\">\n<p class=\"tdm-descr\">Ultimele articole<\/p>\n<\/div>\n<\/div>\n<\/div>\n<\/div>\n<\/div>\n<div class=\"td_block_wrap td_flex_block_1 tdi_87 td-pb-border-top td_block_template_1 td_flex_block\" data-td-block-uid=\"tdi_87\">\n<div id=\"tdi_87\" class=\"td_block_inner td-mc1-wrap\">\n<div class=\"td_module_flex td_module_flex_1 td_module_wrap td-animation-stack td-cpt-post\">\n<div class=\"td-module-container td-category-pos-\">\n<div class=\"td-module-meta-info\">\n<h3 class=\"entry-title td-module-title\"><a href=\"https:\/\/www.gazeta-valceana.ro\/justitie\/video-in-articol-fraude-de-16-milioane-de-lei-cu-fonduri-de-somaj-in-judetul-valcea-62-de-suspecti-si-zeci-de-audieri\/\" rel=\"bookmark\" title=\"VIDEO \u00een articol! Fraude de 1,6 milioane de lei cu fonduri de \u0219omaj, \u00een jude\u021bul V\u00e2lcea. 62 de suspec\u021bi \u0219i zeci de audieri\">VIDEO \u00een articol! Fraude de 1,6 milioane de lei cu fonduri de \u0219omaj, \u00een jude\u021bul V\u00e2lcea. 62 de suspec\u021bi \u0219i zeci de audieri<\/a><\/h3>\n<div class=\"td-editor-date\"><span class=\"td-author-date\"><span class=\"td-post-date\"><time class=\"entry-date updated td-module-date\" datetime=\"2026-03-09T13:59:38+02:00\">9 martie 2026<\/time><\/span><\/span><\/div>\n<\/div>\n<\/div>\n<\/div>\n<div class=\"td_module_flex td_module_flex_1 td_module_wrap td-animation-stack td-cpt-post\">\n<div class=\"td-module-container td-category-pos-\">\n<div class=\"td-module-meta-info\">\n<h3 class=\"entry-title td-module-title\"><a href=\"https:\/\/www.gazeta-valceana.ro\/justitie\/decizie-finala-in-cazul-grefierei-isterice-de-la-tribunalul-valcea\/\" rel=\"bookmark\" title=\"Decizie final\u0103 \u00een cazul grefierei isterice de la Tribunalul V\u00e2lcea\">Decizie final\u0103 \u00een cazul grefierei isterice de la Tribunalul V\u00e2lcea<\/a><\/h3>\n<div class=\"td-editor-date\"><span class=\"td-author-date\"><span class=\"td-post-date\"><time class=\"entry-date updated td-module-date\" datetime=\"2026-03-09T12:02:19+02:00\">9 martie 2026<\/time><\/span><\/span><\/div>\n<\/div>\n<\/div>\n<\/div>\n<div class=\"td_module_flex td_module_flex_1 td_module_wrap td-animation-stack td-cpt-post\">\n<div class=\"td-module-container td-category-pos-\">\n<div class=\"td-module-meta-info\">\n<h3 class=\"entry-title td-module-title\"><a href=\"https:\/\/www.gazeta-valceana.ro\/fapt-divers\/imagini-politistii-au-marcat-8-martie-in-strada-zeci-de-permise-de-conducere-retinute-pana-si-pietonii-au-fost-amendati\/\" rel=\"bookmark\" title=\"IMAGINI. Poli\u021bi\u0219tii au \u201emarcat\u201d 8 martie \u00een strad\u0103. Zeci de permise de conducere, re\u021binute. P\u00e2n\u0103 \u0219i pietonii au fost amenda\u021bi\">IMAGINI. Poli\u021bi\u0219tii au \u201emarcat\u201d 8 martie \u00een strad\u0103. Zeci de permise de conducere, re\u021binute. P\u00e2n\u0103 \u0219i pietonii au fost amenda\u021bi<\/a><\/h3>\n<div class=\"td-editor-date\"><span class=\"td-author-date\"><span class=\"td-post-date\"><time class=\"entry-date updated td-module-date\" datetime=\"2026-03-09T11:18:00+02:00\">9 martie 2026<\/time><\/span><\/span><\/div>\n<\/div>\n<\/div>\n<\/div>\n<div class=\"td_module_flex td_module_flex_1 td_module_wrap td-animation-stack td-cpt-post\">\n<div class=\"td-module-container td-category-pos-\">\n<div class=\"td-module-meta-info\">\n<h3 class=\"entry-title td-module-title\"><a href=\"https:\/\/www.gazeta-valceana.ro\/fapt-divers\/foto-video-inca-un-incendiu-de-vegetatie-in-judetul-valcea-interventie-a-pompierilor-din-ramnic\/\" rel=\"bookmark\" title=\"FOTO\/VIDEO. \u00cenc\u0103 un INCENDIU de vegeta\u021bie \u00een jude\u021bul V\u00e2lcea! Interven\u021bie a pompierilor din R\u00e2mnic\">FOTO\/VIDEO. \u00cenc\u0103 un INCENDIU de vegeta\u021bie \u00een jude\u021bul V\u00e2lcea! Interven\u021bie a pompierilor din R\u00e2mnic<\/a><\/h3>\n<div class=\"td-editor-date\"><span class=\"td-author-date\"><span class=\"td-post-date\"><time class=\"entry-date updated td-module-date\" datetime=\"2026-03-08T20:32:05+02:00\">8 martie 2026<\/time><\/span><\/span><\/div>\n<\/div>\n<\/div>\n<\/div>\n<\/div>\n<\/div>\n<div class=\"td_block_wrap td-a-rec td-a-rec-id-custom-spot td-a-rec-img tdi_88 td_block_template_1\">\n<div><a href=\"https:\/\/www.gazeta-valceana.ro\/fapt-divers\/acum-accident-cu-victima-pe-trecerea-de-pietoni-in-ramnicu-valcea-in-apropiere-de-scoala-anton-pann\/\" class=\"td_spot_img_all\"><img loading=\"lazy\" decoding=\"async\" src=\"https:\/\/www.gazeta-valceana.ro\/wp-content\/uploads\/2025\/01\/image-5.jpg\" alt=\"spot_img\" width=\"347\" height=\"277\"><\/a><a href=\"https:\/\/www.gazeta-valceana.ro\/fapt-divers\/acum-accident-cu-victima-pe-trecerea-de-pietoni-in-ramnicu-valcea-in-apropiere-de-scoala-anton-pann\/\" class=\"td_spot_img_mob\"><img loading=\"lazy\" decoding=\"async\" src=\"https:\/\/www.gazeta-valceana.ro\/wp-content\/uploads\/2025\/01\/image-5.jpg\" alt=\"spot_img\" width=\"347\" height=\"247\"><\/a><\/div>\n<\/div>\n<div class=\"td_block_wrap td-a-rec td-a-rec-id-custom-spot td-a-rec-img tdi_89 td_block_template_1\">\n<div><a href=\"https:\/\/www.gazeta-valceana.ro\/fapt-divers\/acum-accident-cu-victima-pe-trecerea-de-pietoni-in-ramnicu-valcea-in-apropiere-de-scoala-anton-pann\/\" class=\"td_spot_img_all\"><img loading=\"lazy\" decoding=\"async\" src=\"https:\/\/www.gazeta-valceana.ro\/wp-content\/uploads\/2025\/01\/image-3.jpeg\" alt=\"spot_img\" width=\"347\" height=\"277\"><\/a><a href=\"https:\/\/www.gazeta-valceana.ro\/fapt-divers\/acum-accident-cu-victima-pe-trecerea-de-pietoni-in-ramnicu-valcea-in-apropiere-de-scoala-anton-pann\/\" class=\"td_spot_img_mob\"><img loading=\"lazy\" decoding=\"async\" src=\"https:\/\/www.gazeta-valceana.ro\/wp-content\/uploads\/2025\/01\/image-3.jpeg\" alt=\"spot_img\" width=\"347\" height=\"247\"><\/a><\/div>\n<\/div>\n<\/div>\n<\/div>\n<\/div>\n<\/div>\n<div id=\"tdi_97\" class=\"tdc-row stretch_row_1200 td-stretch-content\">\n<div class=\"vc_row tdi_98  wpb_row td-pb-row\">\n<div class=\"vc_column tdi_100  wpb_column vc_column_container tdc-column td-pb-span12\">\n<div class=\"wpb_wrapper\">\n<div class=\"td_block_wrap tdb_single_next_prev tdi_101 td-pb-border-top td_block_template_1\" data-td-block-uid=\"tdi_101\">\n<div class=\"tdb-block-inner td-fix-index\">\n<div class=\"tdb-next-post tdb-next-post-bg tdb-post-prev\"><span>Articolul precedent<\/span><\/p>\n<div class=\"td-module-container\">\n<div class=\"next-prev-title\"><a href=\"https:\/\/www.gazeta-valceana.ro\/justitie\/decizie-finala-in-cazul-grefierei-isterice-de-la-tribunalul-valcea\/\">Decizie final\u0103 \u00een cazul grefierei isterice de la Tribunalul V\u00e2lcea<\/a><\/div>\n<\/div>\n<\/div>\n<div class=\"tdb-next-post tdb-next-post-bg tdb-post-next\"><span>Articolul urm\u0103tor<\/span><\/p>\n<div class=\"td-module-container\">\n<div class=\"next-prev-title\"><a href=\"https:\/\/www.gazeta-valceana.ro\/justitie\/video-in-articol-fraude-de-16-milioane-de-lei-cu-fonduri-de-somaj-in-judetul-valcea-62-de-suspecti-si-zeci-de-audieri\/\">VIDEO \u00een articol! Fraude de 1,6 milioane de lei cu fonduri de \u0219omaj, \u00een jude\u021bul V\u00e2lcea. 62 de suspec\u021bi \u0219i zeci de audieri<\/a><\/div>\n<\/div>\n<\/div>\n<\/div>\n<\/div>\n<div class=\"vc_row_inner tdi_103  vc_row vc_inner wpb_row td-pb-row tdc-row-content-vert-center\">\n<div class=\"vc_column_inner tdi_105  wpb_column vc_column_container tdc-inner-column td-pb-span12\">\n<div class=\"vc_column-inner\">\n<div class=\"wpb_wrapper\">\n<div class=\"tdm_block td_block_wrap tdm_block_inline_text tdi_108 tdm-inline-block td-pb-border-top td_block_template_1\" data-td-block-uid=\"tdi_108\">\n<p class=\"tdm-descr\">Related articles<\/p>\n<\/div>\n<\/div>\n<\/div>\n<\/div>\n<\/div>\n<div class=\"td_block_wrap tdb_single_related tdi_109 td_with_ajax_pagination td-pb-border-top td_block_template_1 tdb-single-related-posts\" data-td-block-uid=\"tdi_109\">\n<div id=\"tdi_109\" class=\"td_block_inner tdb-block-inner td-fix-index\">\n<div class=\"tdb_module_related td_module_wrap td-animation-stack\">\n<div class=\"td-module-container td-category-pos-\">\n<div class=\"td-module-meta-info\">\n<h3 class=\"entry-title td-module-title\"><a href=\"https:\/\/www.gazeta-valceana.ro\/justitie\/video-in-articol-fraude-de-16-milioane-de-lei-cu-fonduri-de-somaj-in-judetul-valcea-62-de-suspecti-si-zeci-de-audieri\/\" rel=\"bookmark\" title=\"VIDEO \u00een articol! Fraude de 1,6 milioane de lei cu fonduri de \u0219omaj, \u00een jude\u021bul V\u00e2lcea. 62 de suspec\u021bi \u0219i zeci de audieri\">VIDEO \u00een articol! Fraude de 1,6 milioane de lei cu fonduri de \u0219omaj, \u00een jude\u021bul V\u00e2lcea. 62 de suspec\u021bi \u0219i zeci de audieri<\/a><\/h3>\n<div class=\"td-editor-date\"><a href=\"https:\/\/www.gazeta-valceana.ro\/category\/anchetedezvaluri\/\" class=\"td-post-category\">Anchete\/Dezv\u0103luri<\/a><span class=\"td-author-date\"><span class=\"td-post-date\"><time class=\"entry-date updated td-module-date\" datetime=\"2026-03-09T13:59:38+02:00\">9 martie 2026<\/time><\/span><\/span><\/div>\n<\/div>\n<\/div>\n<\/div>\n<div class=\"tdb_module_related td_module_wrap td-animation-stack\">\n<div class=\"td-module-container td-category-pos-\">\n<div class=\"td-module-meta-info\">\n<h3 class=\"entry-title td-module-title\"><a href=\"https:\/\/www.gazeta-valceana.ro\/justitie\/decizie-finala-in-cazul-grefierei-isterice-de-la-tribunalul-valcea\/\" rel=\"bookmark\" title=\"Decizie final\u0103 \u00een cazul grefierei isterice de la Tribunalul V\u00e2lcea\">Decizie final\u0103 \u00een cazul grefierei isterice de la Tribunalul V\u00e2lcea<\/a><\/h3>\n<div class=\"td-editor-date\"><a href=\"https:\/\/www.gazeta-valceana.ro\/category\/anchetedezvaluri\/\" class=\"td-post-category\">Anchete\/Dezv\u0103luri<\/a><span class=\"td-author-date\"><span class=\"td-post-date\"><time class=\"entry-date updated td-module-date\" datetime=\"2026-03-09T12:02:19+02:00\">9 martie 2026<\/time><\/span><\/span><\/div>\n<\/div>\n<\/div>\n<\/div>\n<div class=\"tdb_module_related td_module_wrap td-animation-stack\">\n<div class=\"td-module-container td-category-pos-\">\n<div class=\"td-module-meta-info\">\n<h3 class=\"entry-title td-module-title\"><a href=\"https:\/\/www.gazeta-valceana.ro\/fapt-divers\/imagini-politistii-au-marcat-8-martie-in-strada-zeci-de-permise-de-conducere-retinute-pana-si-pietonii-au-fost-amendati\/\" rel=\"bookmark\" title=\"IMAGINI. Poli\u021bi\u0219tii au \u201emarcat\u201d 8 martie \u00een strad\u0103. Zeci de permise de conducere, re\u021binute. P\u00e2n\u0103 \u0219i pietonii au fost amenda\u021bi\">IMAGINI. Poli\u021bi\u0219tii au \u201emarcat\u201d 8 martie \u00een strad\u0103. Zeci de permise de conducere, re\u021binute. P\u00e2n\u0103 \u0219i pietonii au fost amenda\u021bi<\/a><\/h3>\n<div class=\"td-editor-date\"><a href=\"https:\/\/www.gazeta-valceana.ro\/category\/fapt-divers\/\" class=\"td-post-category\">Fapt divers<\/a><span class=\"td-author-date\"><span class=\"td-post-date\"><time class=\"entry-date updated td-module-date\" datetime=\"2026-03-09T11:18:00+02:00\">9 martie 2026<\/time><\/span><\/span><\/div>\n<\/div>\n<\/div>\n<\/div>\n<\/div>\n<\/div>\n<\/div>\n<\/div>\n<\/div>\n<\/div>\n<div id=\"tdi_116\" class=\"tdc-row stretch_row_1200 td-stretch-content\">\n<div class=\"vc_row tdi_117  wpb_row td-pb-row\">\n<div class=\"vc_column tdi_122  wpb_column vc_column_container tdc-column td-pb-span4 td-is-sticky\">\n<div class=\"wpb_wrapper\" data-sticky-enabled-on=\"W3RydWUsdHJ1ZSx0cnVlLHRydWVd\" data-sticky-offset=\"20\" data-sticky-is-width-auto=\"W2ZhbHNlLGZhbHNlLGZhbHNlLGZhbHNlXQ==\">\n<div class=\"td_block_wrap td-a-rec td-a-rec-id-custom-spot td-a-rec-img tdi_123 td_block_template_1\">\n<div><a href=\"https:\/\/www.gazeta-valceana.ro\/fapt-divers\/acum-accident-cu-victima-pe-trecerea-de-pietoni-in-ramnicu-valcea-in-apropiere-de-scoala-anton-pann\/\" class=\"td_spot_img_all\"><img loading=\"lazy\" decoding=\"async\" src=\"https:\/\/www.gazeta-valceana.ro\/wp-content\/uploads\/2025\/01\/image-4.jpg\" alt=\"spot_img\" width=\"347\" height=\"277\"><\/a><a href=\"https:\/\/www.gazeta-valceana.ro\/fapt-divers\/acum-accident-cu-victima-pe-trecerea-de-pietoni-in-ramnicu-valcea-in-apropiere-de-scoala-anton-pann\/\" class=\"td_spot_img_mob\"><img loading=\"lazy\" decoding=\"async\" src=\"https:\/\/www.gazeta-valceana.ro\/wp-content\/uploads\/2025\/01\/image-4.jpg\" alt=\"spot_img\" width=\"347\" height=\"247\"><\/a><\/div>\n<\/div>\n<div class=\"td_block_wrap td-a-rec td-a-rec-id-custom-spot td-a-rec-img tdi_124 td_block_template_1\">\n<div><a href=\"https:\/\/www.gazeta-valceana.ro\/fapt-divers\/acum-accident-cu-victima-pe-trecerea-de-pietoni-in-ramnicu-valcea-in-apropiere-de-scoala-anton-pann\/\" class=\"td_spot_img_all\"><img loading=\"lazy\" decoding=\"async\" src=\"https:\/\/www.gazeta-valceana.ro\/wp-content\/uploads\/2025\/01\/image-5.jpg\" alt=\"spot_img\" width=\"347\" height=\"277\"><\/a><a href=\"https:\/\/www.gazeta-valceana.ro\/fapt-divers\/acum-accident-cu-victima-pe-trecerea-de-pietoni-in-ramnicu-valcea-in-apropiere-de-scoala-anton-pann\/\" class=\"td_spot_img_mob\"><img loading=\"lazy\" decoding=\"async\" src=\"https:\/\/www.gazeta-valceana.ro\/wp-content\/uploads\/2025\/01\/image-5.jpg\" alt=\"spot_img\" width=\"347\" height=\"247\"><\/a><\/div>\n<\/div>\n<div class=\"td_block_wrap td-a-rec td-a-rec-id-custom-spot td-a-rec-img tdi_125 td_block_template_1\">\n<div><a href=\"https:\/\/www.gazeta-valceana.ro\/fapt-divers\/acum-accident-cu-victima-pe-trecerea-de-pietoni-in-ramnicu-valcea-in-apropiere-de-scoala-anton-pann\/\" class=\"td_spot_img_all\"><img loading=\"lazy\" decoding=\"async\" src=\"https:\/\/www.gazeta-valceana.ro\/wp-content\/uploads\/2025\/01\/image-3.jpeg\" alt=\"spot_img\" width=\"347\" height=\"277\"><\/a><a href=\"https:\/\/www.gazeta-valceana.ro\/fapt-divers\/acum-accident-cu-victima-pe-trecerea-de-pietoni-in-ramnicu-valcea-in-apropiere-de-scoala-anton-pann\/\" class=\"td_spot_img_mob\"><img loading=\"lazy\" decoding=\"async\" src=\"https:\/\/www.gazeta-valceana.ro\/wp-content\/uploads\/2025\/01\/image-3.jpeg\" alt=\"spot_img\" width=\"347\" height=\"247\"><\/a><\/div>\n<\/div>\n<\/div>\n<\/div>\n<\/div>\n<\/div>\n<\/div>\n<\/div>\n<p><span class=\"td-page-meta\"><\/span><span class=\"td-page-meta\"><span class=\"td-page-meta\"><\/span><\/span><span class=\"td-page-meta\"><\/span><\/article>\n<\/p>\n<div class=\"td_block_wrap tdb_single_content tdi_71 td-pb-border-top td_block_template_1 td-post-content tagdiv-type\" data-td-block-uid=\"tdi_71\">\n<div class=\"tdb-block-inner td-fix-index\">\n<p>Luni, 9 martie 2026, \u00een jurul orei 12.00, la trecerea de pietoni de pe strada Lucian Blaga, intersec\u021bie cu bulevardul Dem R\u0103dulescu, \u00een cartierul Ostroveni din R\u00e2mnicu V\u00e2lcea, s-a produs un accident rutier cu victime. Din primele informa\u021bii, au fost implicate un autoturism \u0219i un pieton, victima fiind r\u0103nit\u0103 u\u0219or, din primele informa\u021bii pe care le avem.<\/p>\n<p>Din primele verific\u0103ri efectuate la fa\u021ba locului, s-a stabilit c\u0103 un b\u0103rbat \u00een v\u00e2rst\u0103 de 66 de ani, domiciliat \u00een comuna Mih\u0103e\u0219ti, \u00een timp ce conducea un autoturism, nu ar fi acordat prioritate de trecere unei femei care se afla \u00een traversarea str\u0103zii regulamentar.<\/p>\n<p>\u00cen urma impactului, femeia \u00een v\u00e2rst\u0103 de 62 de ani, din municipiul R\u00e2mnicu V\u00e2lcea, a fost transportat\u0103 la spital pentru acordarea de \u00eengrijiri medicale.<\/p>\n<p>Cauza producerii accidentului este de reprezentat\u0103 de neacordarea de prioritate la trecerea de pietoni. \u0218oferul implicat \u00een accident a fost vertificat cu aparatul etilotest, rezult\u00e2nd c\u0103 nu a consumat b\u0103uturi alcoolice.<\/p>\n<p><strong>Vom reveni cu informa\u021bii!<\/strong><\/p>\n<\/div>\n<\/div>\n<p>Luni, 9 martie 2026, \u00een jurul orei 12.00, la trecerea de pietoni de pe strada Lucian Blaga, intersec\u021bie cu bulevardul Dem R\u0103dulescu, \u00een cartierul Ostroveni din R\u00e2mnicu V\u00e2lcea, s-a produs un accident rutier cu victime. Din primele informa\u021bii, au fost implicate un autoturism \u0219i un pieton, victima fiind r\u0103nit\u0103 u\u0219or, din primele informa\u021bii pe care le avem.<\/p>\n<p>Din primele verific\u0103ri efectuate la fa\u021ba locului, s-a stabilit c\u0103 un b\u0103rbat \u00een v\u00e2rst\u0103 de 66 de ani, domiciliat \u00een comuna Mih\u0103e\u0219ti, \u00een timp ce conducea un autoturism, nu ar fi acordat prioritate de trecere unei femei care se afla \u00een traversarea str\u0103zii regulamentar.<\/p>\n<p>\u00cen urma impactului, femeia \u00een v\u00e2rst\u0103 de 62 de ani, din municipiul R\u00e2mnicu V\u00e2lcea, a fost transportat\u0103 la spital pentru acordarea de \u00eengrijiri medicale.<\/p>\n<p>Cauza producerii accidentului este de reprezentat\u0103 de neacordarea de prioritate la trecerea de pietoni. \u0218oferul implicat \u00een accident a fost vertificat cu aparatul etilotest, rezult\u00e2nd c\u0103 nu a consumat b\u0103uturi alcoolice.<\/p>\n<p><strong>Vom reveni cu informa\u021bii!<\/strong><\/p>\n<p>[analyse_source url=&#8221;https:\/\/www.gazeta-valceana.ro\/fapt-divers\/acum-accident-cu-victima-pe-trecerea-de-pietoni-in-ramnicu-valcea-in-apropiere-de-scoala-anton-pann\/&#8221;]<\/p>\n","protected":false},"excerpt":{"rendered":"<p>[analyse_image type=&#8221;featured&#8221; src=&#8221;https:\/\/www.gazeta-valceana.ro\/wp-content\/uploads\/2025\/05\/IPJ-POLITIA-RUTIER-generic-4.jpg&#8221;] ACUM! Accident cu victim\u0103 pe trecerea de pietoni \u00een R\u00e2mnicu V\u00e2lcea, \u00een apropiere de \u0218coala \u201eAnton Pann\u201d Fapt diversI 9 martie 2026 Ac\u021biune Facebook Twitter Pinterest WhatsApp Luni, 9 martie 2026, \u00een jurul orei 12.00, la trecerea de pietoni de pe strada Lucian Blaga, intersec\u021bie cu bulevardul Dem R\u0103dulescu, \u00een cartierul Ostroveni [&hellip;]<\/p>\n","protected":false},"author":1,"featured_media":0,"comment_status":"open","ping_status":"","sticky":false,"template":"","format":"standard","meta":{"footnotes":""},"categories":[89],"tags":[226,214],"class_list":["post-1815713","post","type-post","status-publish","format-standard","hentry","category-romania","tag-crawlmanager","tag-gazetavalceana-ro"],"_links":{"self":[{"href":"https:\/\/analyse.optim.biz\/index.php?rest_route=\/wp\/v2\/posts\/1815713","targetHints":{"allow":["GET"]}}],"collection":[{"href":"https:\/\/analyse.optim.biz\/index.php?rest_route=\/wp\/v2\/posts"}],"about":[{"href":"https:\/\/analyse.optim.biz\/index.php?rest_route=\/wp\/v2\/types\/post"}],"author":[{"embeddable":true,"href":"https:\/\/analyse.optim.biz\/index.php?rest_route=\/wp\/v2\/users\/1"}],"replies":[{"embeddable":true,"href":"https:\/\/analyse.optim.biz\/index.php?rest_route=%2Fwp%2Fv2%2Fcomments&post=1815713"}],"version-history":[{"count":0,"href":"https:\/\/analyse.optim.biz\/index.php?rest_route=\/wp\/v2\/posts\/1815713\/revisions"}],"wp:attachment":[{"href":"https:\/\/analyse.optim.biz\/index.php?rest_route=%2Fwp%2Fv2%2Fmedia&parent=1815713"}],"wp:term":[{"taxonomy":"category","embeddable":true,"href":"https:\/\/analyse.optim.biz\/index.php?rest_route=%2Fwp%2Fv2%2Fcategories&post=1815713"},{"taxonomy":"post_tag","embeddable":true,"href":"https:\/\/analyse.optim.biz\/index.php?rest_route=%2Fwp%2Fv2%2Ftags&post=1815713"}],"curies":[{"name":"wp","href":"https:\/\/api.w.org\/{rel}","templated":true}]}}