{"id":181562,"date":"2015-05-18T12:09:52","date_gmt":"2015-05-18T09:09:52","guid":{"rendered":"https:\/\/analyse.optim.biz\/?p=181562"},"modified":"2015-05-18T12:09:52","modified_gmt":"2015-05-18T09:09:52","slug":"sedinta-amanata-la-psd-liviu-dragnea-mi-am-depus-mandatul-dar-colegii-mei-resping-ideea","status":"publish","type":"post","link":"https:\/\/analyse.optim.biz\/?p=181562","title":{"rendered":"\u015eedin\u0163\u0103 am\u00e2nat\u0103 la PSD. Liviu Dragnea: Mi-am depus mandatul, dar colegii mei resping ideea"},"content":{"rendered":"<div class=\"entry data-app-meta data-app-meta-article\" data-embed-base-url-canonical=\"https:\/\/www.digi24.ro\/embed\/stiri\/actualitate\/politica\/sedinta-amanata-la-psd-liviu-dragnea-mi-am-depus-mandatul-dar-colegii-mei-resping-ideea-392560\">\n<p data-index=\"1\">\u00a0<img decoding=\"async\" src=\"https:\/\/analyse.optim.biz\/wp-content\/uploads\/2024\/09\/pwyzyznhytu2nzm5owexymzkytnlyzjmn2mxngiyotqw-thumb_.jpg\" data-skip-htmlfix=\"1\" title=\"pwyzyznhytu2nzm5owexymzkytnlyzjmn2mxngiyotqw-thumb_\"><\/p>\n<p data-index=\"2\"><span><em>Liviu Dragnea: FOTO Mediafax<\/em><\/span><\/p>\n<p data-index=\"3\"><strong>ACTUALIZARE 12.40.<\/strong> Liviu Dragnea a declarat c\u0103 \u015fi-a depus mandatul la Biroul Permanent a\u015fa cum a anun\u0163at c\u0103 va face.<\/p>\n<p data-index=\"4\">\u201eAu decis, dup\u0103 o discu\u0163ie intens\u0103, s\u0103 duc\u0103 aceast\u0103 discu\u0163ie la Comitetul Executiv de miercuri, c\u0103 aici e nevoie s\u0103 vin\u0103 toat\u0103 \u0163ara. Azi, au fost prezen\u0163i to\u0163i vicepre\u015fedin\u0163ii.<\/p>\n<p data-index=\"5\">Mi-am depus mandatul, dar to\u0163i colegii resping ideea. Este o atitudine care m\u0103 bucur\u0103 \u00een tot necazul \u0103sta, dup\u0103 15 ani de munc\u0103 \u00een acest partid este important s\u0103 vezi c\u0103 ai at\u00e2ta sus\u0163inere, e o hran\u0103 nepatrimonial\u0103 important\u0103.<\/p>\n<p data-index=\"6\">Nu m\u0103 simt foarte confortabil cu asemena presiune, dincolo de ce au spus colegii mei azi, sunt mesaje primite din \u0163ar\u0103 de la membri de partid \u015fi de la persoane care nu sunt membri de partid. Nu m\u0103 simt foarte confortabil, sunt un om care nu ezit\u0103, dar trebuie s\u0103 recunosc c\u0103 toate aceste manifest\u0103ri m\u0103 pun pe g\u00e2nduri.<\/p>\n<p data-index=\"7\">La Ministerul Dezvolt\u0103rii sus\u0163in pe cineva care s\u0103 continue toate programele \u00eencepute. Am vorbit cu premierul\u201d, a declarat Liviu Dragnea.<\/p>\n<hr>\n<p data-index=\"8\"><strong>Liviu Dragnea<\/strong> nu a mai ajuns s\u0103 \u00ee\u015fi depun\u0103 mandatul pe masa colegilor s\u0103i, pentru ca ace\u015ftia s\u0103 decid\u0103 cu privire la suspendarea sa din func\u0163ie.<\/p>\n<p data-index=\"9\">Biroul Permanent a fost suspendat, iar o decizie ar urma s\u0103 aib\u0103 loc miercuri, \u00een Comitetul Executiv al PSD, un for l\u0103rgit la care particip\u0103 lideri din teritoriu.<\/p>\n<p data-index=\"10\">Surse din partid spun c\u0103, astfel, s-a dorit o decizie a \u00eentregului partid.\u00a0<\/p>\n<p data-index=\"11\">To\u0163i membrii PSD s-au opus oric\u0103rei discu\u0163ii legate de demiterea sau autosuspendarea lui Liviu Dragnea din PSD, cu argumentul c\u0103 nu este vinovat de o fapt\u0103 de corup\u0163ie incriminat\u0103 de Rezolu\u0163ia PSD, a afirmat vicepre\u015fedintele PSD Olt Olgu\u0163a Vasilescu.\u00a0<\/p>\n<p data-index=\"12\">&#8220;Liviu Dragnea trebuie sus\u0163inut, nu a f\u0103cut niciun fel de infrac\u0163iune. Noi am avut o Rezolu\u0163ie la Consiliul Na\u0163ional, dar pe teme de corup\u0163ie. Or, aici nu discut\u0103m despre o tem\u0103 de corup\u0163ie \u00een niciun caz \u015fi i-am spus cu to\u0163ii lui Dragnea c\u0103 nu suntem de acord s\u0103 discut\u0103m despre o eventual\u0103 autosuspendare, demisie, demitere, ci se convoac\u0103 \u015fi CEx-ul, care s\u0103 sus\u0163in\u0103 acela\u015fi lucru, probabil&#8221;, a spus Vasilescu.<\/p>\n<p data-index=\"13\"><strong>Liviu Dragnea<\/strong> a anun\u0163at, vineri, c\u0103 a demisionat din postul de ministru al Dezvolt\u0103rii Regionale \u015fi Administra\u0163iei Publice, ca urmare a deciziei instan\u0163ei de a-l condamna \u00een<a href=\"https:\/\/www.digi24.ro\/Utile\/Search\/?q=Dragnea+referendumul\" target=\"_blank\" data-skip-linkfix=\"1\" rel=\"noopener\"><strong> dosarul &#8220;Referendumul&#8221;<\/strong><\/a>.<\/p>\n<p data-index=\"14\">Consiliul Na\u0163ional al PSD a decis, \u00een luna martie, ca membrii de partid sanc\u0163iona\u0163i de instan\u0163e s\u0103 \u00ee\u015fi piard\u0103 func\u0163ia politic\u0103.<\/p>\n<\/div>\n<p> Source URL: https:\/\/www.digi24.ro\/stiri\/actualitate\/politica\/sedinta-amanata-la-psd-liviu-dragnea-mi-am-depus-mandatul-dar-colegii-mei-resping-ideea-392560<\/p>\n","protected":false},"excerpt":{"rendered":"<p>\u00a0 Liviu Dragnea: FOTO Mediafax ACTUALIZARE 12.40. Liviu Dragnea a declarat c\u0103 \u015fi-a depus mandatul la Biroul Permanent a\u015fa cum a anun\u0163at c\u0103 va face. \u201eAu decis, dup\u0103 o discu\u0163ie intens\u0103, s\u0103 duc\u0103 aceast\u0103 discu\u0163ie la Comitetul Executiv de miercuri, c\u0103 aici e nevoie s\u0103 vin\u0103 toat\u0103 \u0163ara. Azi, au fost prezen\u0163i to\u0163i vicepre\u015fedin\u0163ii. Mi-am [&hellip;]<\/p>\n","protected":false},"author":1,"featured_media":181563,"comment_status":"open","ping_status":"","sticky":false,"template":"","format":"standard","meta":{"footnotes":""},"categories":[2],"tags":[11],"class_list":["post-181562","post","type-post","status-publish","format-standard","has-post-thumbnail","hentry","category-politics","tag-digi24"],"_links":{"self":[{"href":"https:\/\/analyse.optim.biz\/index.php?rest_route=\/wp\/v2\/posts\/181562","targetHints":{"allow":["GET"]}}],"collection":[{"href":"https:\/\/analyse.optim.biz\/index.php?rest_route=\/wp\/v2\/posts"}],"about":[{"href":"https:\/\/analyse.optim.biz\/index.php?rest_route=\/wp\/v2\/types\/post"}],"author":[{"embeddable":true,"href":"https:\/\/analyse.optim.biz\/index.php?rest_route=\/wp\/v2\/users\/1"}],"replies":[{"embeddable":true,"href":"https:\/\/analyse.optim.biz\/index.php?rest_route=%2Fwp%2Fv2%2Fcomments&post=181562"}],"version-history":[{"count":0,"href":"https:\/\/analyse.optim.biz\/index.php?rest_route=\/wp\/v2\/posts\/181562\/revisions"}],"wp:featuredmedia":[{"embeddable":true,"href":"https:\/\/analyse.optim.biz\/index.php?rest_route=\/wp\/v2\/media\/181563"}],"wp:attachment":[{"href":"https:\/\/analyse.optim.biz\/index.php?rest_route=%2Fwp%2Fv2%2Fmedia&parent=181562"}],"wp:term":[{"taxonomy":"category","embeddable":true,"href":"https:\/\/analyse.optim.biz\/index.php?rest_route=%2Fwp%2Fv2%2Fcategories&post=181562"},{"taxonomy":"post_tag","embeddable":true,"href":"https:\/\/analyse.optim.biz\/index.php?rest_route=%2Fwp%2Fv2%2Ftags&post=181562"}],"curies":[{"name":"wp","href":"https:\/\/api.w.org\/{rel}","templated":true}]}}