{"id":181551,"date":"2015-05-18T12:36:38","date_gmt":"2015-05-18T09:36:38","guid":{"rendered":"https:\/\/analyse.optim.biz\/?p=181551"},"modified":"2015-05-18T12:36:38","modified_gmt":"2015-05-18T09:36:38","slug":"catalin-predoiu-la-testul-de-sinceritate-primele-doua-masuri-pe-care-le-ar-lua-in-calitate-de-premier","status":"publish","type":"post","link":"https:\/\/analyse.optim.biz\/?p=181551","title":{"rendered":"C\u0103t\u0103lin Predoiu, la testul de sinceritate: Primele dou\u0103 m\u0103suri pe care le-ar lua \u00een calitate de premier\u00a0"},"content":{"rendered":"<div class=\"entry data-app-meta data-app-meta-article\" data-embed-base-url-canonical=\"https:\/\/www.digi24.ro\/embed\/stiri\/actualitate\/politica\/catalin-predoiu-la-testul-de-sinceritate-primele-doua-masuri-pe-care-le-ar-lua-in-calitate-de-premier-392586\">\n<p data-index=\"1\">C\u0103t\u0103lin Predoiu a fost invitatul Elenei Vijulie, la emisiunea Kilometrul 0, de la Digi24. <\/p>\n<p data-index=\"2\"><strong>Locul din Rom\u00e2nia \u00een care v-ar pl\u0103cea s\u0103 petrece\u0163i o vacan\u0163\u0103?<\/strong><\/p>\n<p data-index=\"3\">C\u00e2nd eram mai t\u00e2n\u0103r, eram \u00eennebunit dup\u0103 mare. Acum muntele. Toat\u0103 lumea spune c\u0103 Rom\u00e2nia e o \u0163ar\u0103 frumoas\u0103, chiar e. \u00cen ultima perioad\u0103 am fost mai \u00eenc\u00e2ntat de munte. <\/p>\n<p data-index=\"4\"><strong><span>Cump\u0103r\u0103turi la supermarket sau la pia\u0163\u0103?<\/span><\/strong><\/p>\n<p data-index=\"5\">Mai degrab\u0103 la supermarketuri. <\/p>\n<p data-index=\"6\"><strong><span>E bine s\u0103 se \u00eenchid\u0103 supermarketurile \u00een weekend?<\/span><\/strong><\/p>\n<p data-index=\"7\">Am fost \u00een dezacord cu aceast\u0103 idee.<\/p>\n<p data-index=\"8\"><strong><span>E bine sau r\u0103u c\u0103 Vaticanul a ales s\u0103 recunoasc\u0103 Palestina?<\/span><\/strong><\/p>\n<p data-index=\"9\">E o m\u0103sur\u0103 de deschidere pe care Europa a demonstrat-o fa\u0163\u0103 de statul palestian. Cred c\u0103 trebuie procedat cu pruden\u0163\u0103 acolo, situa\u0163ia \u00een Orientul Mijlociu e mult mai complicat\u0103 dec\u00e2t pare \u015fi Rom\u00e2nia trebuie s\u0103 r\u0103m\u00e2n\u0103 pe liniile tradi\u0163ionale. Cred c\u0103 politica noastr\u0103 extern\u0103 trebuie s\u0103 r\u0103m\u00e2n\u0103 pe liniile tradi\u021bionale.<\/p>\n<p data-index=\"10\"><strong><span>A\u0163i sprijini militan\u0163ii unioni\u015fti de la Chi\u015fin\u0103u?<\/span><\/strong><\/p>\n<p data-index=\"11\">Cel mai bun sprijin este parcursul european al Republicii Moldova, este cea mai bun\u0103 cale pentru interesele Republicii Moldova \u00een Uniunea European\u0103. <\/p>\n<p data-index=\"12\"><strong><span>A existat o decizie \u00een colegiul director PDL de boicotare a referendumului \u00een 2012 la PDL?<\/span><\/strong><\/p>\n<p data-index=\"13\">Nu eram membru PDL atunci. Am avut mandat apolitic, de tehnocrat, din 2012 din mai \u015fi p\u00e2n\u0103 \u00een iunie 2013. Am fost \u00een afar\u0103 politicii. Nu am date. <\/p>\n<p data-index=\"14\"><strong><span>Laura Codru\u021ba Kovesi merit\u0103 un nou mandat?<\/span><\/strong><\/p>\n<p data-index=\"15\">Ar mai merita dou\u0103.<\/p>\n<p data-index=\"16\"><strong><span>Cine va g\u0103si contractul Bechtel? SRI, DNA? <\/span><\/strong><\/p>\n<p data-index=\"17\">S-ar putea s\u0103 spun\u0103 domnul \u015eova unde e.<\/p>\n<p data-index=\"18\"><strong><span>Caracteriza\u0163i \u00een c\u00e2teva cuvinte urm\u0103toarele persoane publice: <\/span><\/strong><\/p>\n<p data-index=\"19\"><strong><span>Mircea Geoan\u0103?<\/span><\/strong><\/p>\n<p data-index=\"20\">Un om care a \u015ftiut s\u0103 reinventeze.<\/p>\n<p data-index=\"21\"><strong><span>Alina Gorghiu? <\/span><\/strong><\/p>\n<p data-index=\"22\">O speran\u0163\u0103, care va confirma. <\/p>\n<p data-index=\"23\"><strong>Monica Macovei?<\/strong><\/p>\n<p data-index=\"24\">Consecven\u0163\u0103 cu propria linie politic\u0103.<\/p>\n<p data-index=\"25\"><strong><span>V-a\u0163i sim\u0163it tr\u0103dat \u00een politic\u0103?<\/span><\/strong><\/p>\n<p data-index=\"26\">E un lucru relativ tr\u0103darea. Po\u0163i s\u0103-\u0163i tr\u0103dezi propriile obiective, propriile idealuri. Nu. Pe de alt\u0103 parte e greu s\u0103 convingi pe toat\u0103 lumea \u015fi nici nu trebuie s\u0103 ai preten\u0163ia ca toat\u0103 lumea s\u0103 fie de acord cu tine. De aia e frumoas\u0103 politica.<\/p>\n<p data-index=\"27\"><strong><span>Primele dou\u0103 m\u0103suri ca premier?<\/span><\/strong><\/p>\n<p data-index=\"28\">A\u015f porni un program de simplificare a legisla\u0163iei, a\u015f pleca \u00eentr-un program de atragere de investi\u0163ii str\u0103ine. A\u015f lua toate m\u0103surile \u00een dialog cu capitalul autohton, pentru dezvoltarea acestuia. <\/p>\n<p data-index=\"29\"><strong><span>Dac\u0103 ar fi alegeri \u00een toamn\u0103, ce scor ar avea PNL?<\/span><\/strong><\/p>\n<p data-index=\"30\">La ora asta sondajele indic\u0103 c\u0103 acum e peste PSD.<\/p>\n<\/div>\n<p> Source URL: https:\/\/www.digi24.ro\/stiri\/actualitate\/politica\/catalin-predoiu-la-testul-de-sinceritate-primele-doua-masuri-pe-care-le-ar-lua-in-calitate-de-premier-392586<\/p>\n","protected":false},"excerpt":{"rendered":"<p>C\u0103t\u0103lin Predoiu a fost invitatul Elenei Vijulie, la emisiunea Kilometrul 0, de la Digi24. Locul din Rom\u00e2nia \u00een care v-ar pl\u0103cea s\u0103 petrece\u0163i o vacan\u0163\u0103? C\u00e2nd eram mai t\u00e2n\u0103r, eram \u00eennebunit dup\u0103 mare. Acum muntele. Toat\u0103 lumea spune c\u0103 Rom\u00e2nia e o \u0163ar\u0103 frumoas\u0103, chiar e. \u00cen ultima perioad\u0103 am fost mai \u00eenc\u00e2ntat de munte. [&hellip;]<\/p>\n","protected":false},"author":1,"featured_media":181552,"comment_status":"open","ping_status":"","sticky":false,"template":"","format":"standard","meta":{"footnotes":""},"categories":[2],"tags":[11],"class_list":["post-181551","post","type-post","status-publish","format-standard","has-post-thumbnail","hentry","category-politics","tag-digi24"],"_links":{"self":[{"href":"https:\/\/analyse.optim.biz\/index.php?rest_route=\/wp\/v2\/posts\/181551","targetHints":{"allow":["GET"]}}],"collection":[{"href":"https:\/\/analyse.optim.biz\/index.php?rest_route=\/wp\/v2\/posts"}],"about":[{"href":"https:\/\/analyse.optim.biz\/index.php?rest_route=\/wp\/v2\/types\/post"}],"author":[{"embeddable":true,"href":"https:\/\/analyse.optim.biz\/index.php?rest_route=\/wp\/v2\/users\/1"}],"replies":[{"embeddable":true,"href":"https:\/\/analyse.optim.biz\/index.php?rest_route=%2Fwp%2Fv2%2Fcomments&post=181551"}],"version-history":[{"count":0,"href":"https:\/\/analyse.optim.biz\/index.php?rest_route=\/wp\/v2\/posts\/181551\/revisions"}],"wp:featuredmedia":[{"embeddable":true,"href":"https:\/\/analyse.optim.biz\/index.php?rest_route=\/wp\/v2\/media\/181552"}],"wp:attachment":[{"href":"https:\/\/analyse.optim.biz\/index.php?rest_route=%2Fwp%2Fv2%2Fmedia&parent=181551"}],"wp:term":[{"taxonomy":"category","embeddable":true,"href":"https:\/\/analyse.optim.biz\/index.php?rest_route=%2Fwp%2Fv2%2Fcategories&post=181551"},{"taxonomy":"post_tag","embeddable":true,"href":"https:\/\/analyse.optim.biz\/index.php?rest_route=%2Fwp%2Fv2%2Ftags&post=181551"}],"curies":[{"name":"wp","href":"https:\/\/api.w.org\/{rel}","templated":true}]}}