{"id":1814557,"date":"2026-03-06T11:43:44","date_gmt":"2026-03-06T08:43:44","guid":{"rendered":"https:\/\/analyse.optim.biz\/?p=1814557"},"modified":"2026-03-06T11:43:44","modified_gmt":"2026-03-06T08:43:44","slug":"dominic-fritz-exulta-peste-200-de-angajati-din-primaria-timisoara-ar-urma-sa-fie-dati-afara-foarte-curand","status":"publish","type":"post","link":"https:\/\/analyse.optim.biz\/?p=1814557","title":{"rendered":"Dominic Fritz exult\u0103: Peste 200 de angaja\u021bi din Prim\u0103ria Timi\u0219oara ar urma s\u0103 fie da\u021bi afar\u0103 foarte cur\u00e2nd"},"content":{"rendered":"<p>[analyse_image type=&#8221;featured&#8221; src=&#8221;https:\/\/www.banatulazi.ro\/wp-content\/uploads\/2025\/11\/primar-dominic-fritz-jpeg.jpg&#8221;]<\/p>\n<div class=\"td_block_wrap tdb_single_content tdi_64 td-pb-border-top td_block_template_1 td-post-content tagdiv-type\" data-td-block-uid=\"tdi_64\">\n<div class=\"tdb-block-inner td-fix-index\">\n<p><strong>Reforma administrativ\u0103 adoptat\u0103 de Guvern oblig\u0103 prim\u0103riile s\u0103 reduc\u0103 cu 30% num\u0103rul de posturi din organigram\u0103. La Timi\u0219oara, primarul Dominic  Fritz anun\u021b\u0103 desfiin\u021barea a aproximativ 230 de posturi din prim\u0103rie \u0219i poli\u021bia local\u0103, majoritatea ocupate, \u00een cadrul unei noi reorganiz\u0103ri a aparatului administrativ.<\/strong><\/p>\n<p>Prin adoptarea noii reforme administrative de s\u0103pt\u0103m\u00e2na trecut\u0103, guvernul practic oblig\u0103 prim\u0103riile s\u0103 scad\u0103 cu 30% num\u0103rul de posturi din organigram\u0103. La Timi\u0219oara, primarul Dominic Fritz spune c\u0103 structura \u00een vigoare era oricum cu 10% sub limita legal\u0103. Totu\u0219i, diferen\u021ba fa\u021b\u0103 de noile limite \u00eenseamn\u0103 noi restructur\u0103ri. De la prim\u0103rie \u0219i de la poli\u021bia local\u0103 vor fi desfiin\u021bate \u00een jur de 230 de posturi, majoritatea ocupate.<\/p>\n<p><em>\u201eMomentan, suntem cam cu 10% sub pragul maximal care a fost \u00een vigoare p\u00e2n\u0103 acum, ceea ce \u00eenseamn\u0103 c\u0103 acum mai trebuie s\u0103 facem o reducere de \u00eenc\u0103 20%. Ca s\u0103 ave\u021bi o idee, de c\u00e2nd sunt primarul Timi\u0219oarei, versus cum va fi dup\u0103 urm\u0103toarea reorganizare, personalul va fi cu 40% mai pu\u021bin. \u0218i asta, \u00een timp ce investim de 5 ori mai mult \u00een Timi\u0219oara \u0219i avem mai multe atribu\u021bii dec\u00e2t a fost cazul. (\u2026) Dac\u0103 m\u0103 \u00eentreba\u021bi de cifre concrete, asta \u00eenseamn\u0103 la Poli\u021bia Local\u0103, pentru c\u0103 exist\u0103 o nou\u0103 norm\u0103 per cap locuitor, cel mai probabil \u00een jur de 80 de posturi vor fi desfiin\u021bate, din care aproape jum\u0103tate efectiv ocupate. Iar pentru Prim\u0103ria Timi\u0219oara vorbim despre \u00een jur de 150 de posturi, din care majoritatea dintre ele sunt posturi ocupate momentan\u201d,<\/em> a declarat Fritz.<\/p>\n<p>\u201eAmbi\u021bia noastr\u0103 s\u0103 func\u021bion\u0103m chiar mai bine dec\u00e2t acum\u201d<\/p>\n<p>Fritz a mai spus vrea ca reducerea cantitativ\u0103 a angaja\u021bilor s\u0103 \u00eensemne, \u00een acela\u0219i timp, un progres calitativ \u00een serviciile oferite cet\u0103\u021benilor. \u00centrebat de jurnali\u0219ti, primarul a explicat \u0219i cum se vor face departaj\u0103rile.<br \/>\n\u201eEu \u0219tiu c\u0103 asta este o veste proast\u0103 pentru unii colegi \u00een prim\u0103rie \u0219i la poli\u021bie local\u0103. \u0218i tot ce pot s\u0103 spun este c\u0103 vom \u00eencerca s\u0103 facem acest proces cu un respect mare pentru angaja\u021bi, pentru func\u021bionari. (\u2026) Sunt criterii de func\u021bionalitate. Ne uit\u0103m la \u00eenc\u0103rcarea diferitelor compartimente: dac\u0103 \u00eentr-un compartiment cu cinci oameni se produc o mie de acte \u0219i \u00eentr-un alt compartiment cu cinci oameni se produc 50 de acte pe an, atunci, bine\u00een\u021beles c\u0103 vom t\u0103ia mai degrab\u0103 la cel care este mai pu\u021bin productiv. Bine\u00een\u021beles c\u0103 ne uit\u0103m \u0219i la con\u021binutul acestor acte, avem aceast\u0103 capacitate de a judeca. E evident c\u0103 ne trebuie criterii c\u00e2t de obiective posibile.<\/p>\n<p>Al doilea criteriu \u2013 de aceea am tot insistat c\u0103 acest proces de reorganizare nu este un proces simplu de cifre, ci este un proces care \u021bine de viziune \u2013 (este s\u0103 \u2013 n.r.) ne \u00eentreb\u0103m de ce func\u021bionalit\u0103\u021bi este nevoie s\u0103 livreze viziunea pentru Timi\u0219oara pe care o urm\u0103rim. Cine poate s\u0103 livreze o administra\u021bie eficient\u0103, rapid\u0103, deschis\u0103 c\u0103tre cet\u0103\u021benii? De ce fel de structuri avem nevoie pentru o astfel de administra\u021bie? \u0102sta va fi ghidul nostru. (\u2026)<br \/>\nAmbi\u021bia noastr\u0103 s\u0103 func\u021bion\u0103m chiar mai bine dec\u00e2t acum, dup\u0103 acest proces de reorganizare. \u0218i asta \u00eenseamn\u0103 c\u0103 folosim acest proces pentru a analiza eficien\u021ba muncii noastre, pentru a analiza toate oportunit\u0103\u021bile prin care putem s\u0103 facem munca noastr\u0103 mai productiv\u0103, prin digitalizare\u201d, a declarat Fritz.<\/p>\n<p>V\u0103 amintim c\u0103, ultima organigram\u0103 a Prim\u0103riei Timi\u0219oara a fost adoptat\u0103 \u00een septembrie, \u00een urma aprob\u0103rii primelor m\u0103suri de reducere a cheltuielilor publice. Atunci, au fost desfiin\u021bate 43 de posturi, dintre care ocupate erau 32. Angaja\u021bii au fost \u0219i notifica\u021bi de aceast\u0103 decizie, iar acolo unde este cazul au fost organizate concursuri. Dup\u0103 adoptare, prim\u0103ria r\u0103m\u0103sese cu 494 de posturi \u00een organigram\u0103.<\/p>\n<\/div>\n<\/div>\n<p>[analyse_source url=&#8221;https:\/\/www.banatulazi.ro\/dominic-fritz-exulta-peste-200-de-angajati-din-primaria-timisoara-ar-urma-sa-fie-dati-afara-foarte-curand\/&#8221;]<\/p>\n","protected":false},"excerpt":{"rendered":"<p>[analyse_image type=&#8221;featured&#8221; src=&#8221;https:\/\/www.banatulazi.ro\/wp-content\/uploads\/2025\/11\/primar-dominic-fritz-jpeg.jpg&#8221;] Reforma administrativ\u0103 adoptat\u0103 de Guvern oblig\u0103 prim\u0103riile s\u0103 reduc\u0103 cu 30% num\u0103rul de posturi din organigram\u0103. La Timi\u0219oara, primarul Dominic Fritz anun\u021b\u0103 desfiin\u021barea a aproximativ 230 de posturi din prim\u0103rie \u0219i poli\u021bia local\u0103, majoritatea ocupate, \u00een cadrul unei noi reorganiz\u0103ri a aparatului administrativ. Prin adoptarea noii reforme administrative de s\u0103pt\u0103m\u00e2na trecut\u0103, guvernul [&hellip;]<\/p>\n","protected":false},"author":1,"featured_media":0,"comment_status":"open","ping_status":"","sticky":false,"template":"","format":"standard","meta":{"footnotes":""},"categories":[89],"tags":[185,226],"class_list":["post-1814557","post","type-post","status-publish","format-standard","hentry","category-romania","tag-banatulazi-ro","tag-crawlmanager"],"_links":{"self":[{"href":"https:\/\/analyse.optim.biz\/index.php?rest_route=\/wp\/v2\/posts\/1814557","targetHints":{"allow":["GET"]}}],"collection":[{"href":"https:\/\/analyse.optim.biz\/index.php?rest_route=\/wp\/v2\/posts"}],"about":[{"href":"https:\/\/analyse.optim.biz\/index.php?rest_route=\/wp\/v2\/types\/post"}],"author":[{"embeddable":true,"href":"https:\/\/analyse.optim.biz\/index.php?rest_route=\/wp\/v2\/users\/1"}],"replies":[{"embeddable":true,"href":"https:\/\/analyse.optim.biz\/index.php?rest_route=%2Fwp%2Fv2%2Fcomments&post=1814557"}],"version-history":[{"count":0,"href":"https:\/\/analyse.optim.biz\/index.php?rest_route=\/wp\/v2\/posts\/1814557\/revisions"}],"wp:attachment":[{"href":"https:\/\/analyse.optim.biz\/index.php?rest_route=%2Fwp%2Fv2%2Fmedia&parent=1814557"}],"wp:term":[{"taxonomy":"category","embeddable":true,"href":"https:\/\/analyse.optim.biz\/index.php?rest_route=%2Fwp%2Fv2%2Fcategories&post=1814557"},{"taxonomy":"post_tag","embeddable":true,"href":"https:\/\/analyse.optim.biz\/index.php?rest_route=%2Fwp%2Fv2%2Ftags&post=1814557"}],"curies":[{"name":"wp","href":"https:\/\/api.w.org\/{rel}","templated":true}]}}