{"id":1814328,"date":"2026-03-06T20:32:11","date_gmt":"2026-03-06T17:32:11","guid":{"rendered":"https:\/\/analyse.optim.biz\/?p=1814328"},"modified":"2026-03-06T20:32:11","modified_gmt":"2026-03-06T17:32:11","slug":"ocazia-revansei-poli-timisoara-primeste-cugirul-echipa-care-a-invins-o-in-tur","status":"publish","type":"post","link":"https:\/\/analyse.optim.biz\/?p=1814328","title":{"rendered":"Ocazia revan\u0219ei. Poli Timi\u0219oara prime\u0219te Cugirul, echip\u0103 care a \u00eenvins-o \u00een tur"},"content":{"rendered":"<p>[analyse_image type=&#8221;featured&#8221; src=&#8221;https:\/\/www.opiniatimisoarei.ro\/wp-content\/uploads\/2025\/10\/Poli-Ghiroda-8-728&#215;336.jpghttps:\/\/www.opiniatimisoarei.ro\/wp-content\/uploads\/2025\/10\/Poli-Ghiroda-8.jpg&#8221;]<\/p>\n<div class=\"the_content\">\n<p><strong>TIMISOARA.<\/strong> Dup\u0103 victoria la limit\u0103 ob\u021binut\u0103 \u00een prima etap\u0103 a anului la Ghiroda, Politehnica Timi\u0219oara prime\u0219te o alt\u0103 echip\u0103 candidat\u0103 la play-off, Metalurgistul Cugir. Gruparea din Alba ocup\u0103 ultima treapt\u0103 a podiumului.<\/p>\n<p><strong><span>CITE\u0218TE \u0218I:<\/span><a href=\"https:\/\/www.opiniatimisoarei.ro\/traim-din-amintiri-45-de-ani-de-cand-echipa-de-cupa-davis-a-romaniei-juca-prima-data-la-timisoara-foto\/06\/03\/2026\">Tr\u0103im din amintiri. 45 de ani de c\u00e2nd echipa de Cup\u0103 Davis a Rom\u00e2niei juca prima dat\u0103 la Timi\u0219oara. FOTO<\/a><\/strong><\/p>\n<p>Politehnica nu are probleme de lot \u00eenaintea duelului de pe Electrica, cu toate c\u0103 dup\u0103 meciul de la Ghiroda, Vlaicu, Vasluian \u0219i \u021aegle au avut accident\u0103ri u\u0219oare. De asemenea, alb-viole\u021bii \u00ee\u0219i doresc s\u0103 continue parcursul f\u0103r\u0103 gr\u0219eal\u0103 pe teren propriu, unde nu au mai pierdut un meci<\/p>\n<p>Cugirul vine la Timi\u0219oara dup\u0103 o victorie tot la un gol diferen\u021b\u0103, 2-1 \u00een fa\u021ba lui Unifversitar Alba Iulia.<\/p>\n<p>\u00cenaintea acestui joc alb-viole\u021bii ocup\u0103 locul 2 cu 44 de puncte, \u00een timp ce adversara din Alba se afl\u0103 pe 3, cu 35 de puncte acumulate.<\/p>\n<blockquote>\n<p>\u201e<strong>E un meci important, un meci dificil, \u00eent\u00e2lnim ocupanta locului 3. Probabil Cugirul va prinde play-off-ul, sunt puncte importante, care vor conta real \u00een lupta pentru promovare. Am pierdut la Cugir, o echip\u0103, a\u0219a, foarte combativ\u0103, o echip\u0103 agresiv\u0103. O echip\u0103 care ne-a pus probleme \u00een meciul tur. Am a\u0219tept\u0103ri de la juc\u0103torii no\u0219tri s\u0103 aib\u0103 o evolu\u021bie mult mai consistent\u0103 \u0219i s\u0103 fie mult mai activi dec\u00e2t am fost \u00een prima etap\u0103 (n.r. din an). Pentru c\u0103 de\u0219i am c\u00e2\u0219tigat, ca nivel de joc sunt nemul\u021bumit, dar au fost trei puncte importante pentru c\u0103 Ghiroda este o deplasare dificil\u0103, dar e un meci important. Avem nevoie de absolut toat\u0103 lumea, de suporterii no\u0219tri, de oameni care s\u0103 \u00eencurajeze echipa, pentru c\u0103 sigur nu va fi u\u0219or. Dar am a\u0219tept\u0103ri de la juc\u0103torii no\u0219tri s\u0103 trateze jocul cu foarte mult\u0103 \u00eencredere, cu personalitate \u0219i s\u0103 fie combativi<\/strong>\u201d, a declarat Dan Alexa, antrenorul principal al Politehnicii.<\/p>\n<\/blockquote>\n<p>Partida Politehnica Timi\u0219oara \u2013 Metalurgistul Cugir se disput\u0103 s\u00e2mb\u0103t\u0103, 7 martie de la ora 15.00, \u0219i va fi condus de o brigad\u0103 din Arad, cu Tudor Jurc\u0103, la centru, ajutat de Lucian Berariu \u0219i Sergiu G\u0103lu\u021bi.<\/p>\n<p>***<\/p>\n<p><strong><span class=\"dia_suggestion w0\">Mai<\/span>\u00a0<span class=\"dia_suggestion w1\">multe<\/span>\u00a0<span class=\"dia_suggestion w2\">g\u0103si\u021bi<\/span>\u00a0pe\u00a0<span class=\"dia_suggestion w4\">pagina noastr<span class=\"dia_suggestion w0\">\u0103<\/span><\/span>\u00a0de\u00a0<a href=\"https:\/\/www.facebook.com\/OpiniaTM\/?ref=page_internal\" target=\"_blank\" rel=\"noopener\">Facebook opiniatimisoarei.ro<\/a>!<\/strong><\/p>\n<p><strong><span class=\"dia_suggestion w0\">Dac\u0103<\/span>\u00a0<span class=\"dia_suggestion w1\">a\u021bi<\/span>\u00a0fost martorii unui eveniment\u00a0<span class=\"dia_suggestion w6\">sau<\/span>\u00a0<span class=\"dia_suggestion w7\">ai<\/span>\u00a0unei\u00a0<span class=\"dia_suggestion w9\">situa\u021bii<\/span>\u00a0<span class=\"dia_suggestion w10\">neobi\u0219nuite<\/span>\u00a0<span class=\"dia_suggestion w11\">care<\/span>\u00a0ar\u00a0<span class=\"dia_suggestion w13\">putea<\/span>\u00a0deveni subiect de\u00a0<span class=\"dia_suggestion w17\">\u0219tire<\/span>,\u00a0<span class=\"dia_suggestion w18\">contacta\u021bi<\/span>-ne\u00a0<span class=\"dia_suggestion w20\">la<\/span>\u00a0<a href=\"https:\/\/www.opiniatimisoarei.ro\/cdn-cgi\/l\/email-protection\" class=\"__cf_email__\" data-cfemail=\"ccbea9a8adafb8a5a98ca3bca5a2a5adb8a5a1a5bfa3adbea9a5e2bea3\">[email\u00a0protected]<\/a>,\u00a0 pe\u00a0<a href=\"https:\/\/www.facebook.com\/OpiniaTM\">FB<\/a>\u00a0sau pe contul nostru de\u00a0<a href=\"https:\/\/www.instagram.com\/opiniatimisoarei.ro\/\" target=\"_blank\" rel=\"noopener\">Instagram<\/a>!<\/strong><\/p>\n<p><strong><span>CITESTE SI:<\/span>\u00a0<a href=\"https:\/\/www.opiniatimisoarei.ro\/afli-primul-tot-ceea-ce-se-intampla-cu-adevarat-important-in-timisoara-si-in-regiune-cu-aplicatia-de-stiri-opinia-timisoarei-3-tipuri-de-alerte-te-tin-mereu-conectat-la-evenimente-descarca-gratuit-a\/31\/10\/2022\">Afli primul tot ceea ce se intampla cu adevarat important in Timisoara si in regiune cu Aplicatia de stiri Opinia Timisoarei. 3 tipuri de alerte te tin mereu conectat la evenimente. Descarca gratuit Aplicatia OT aici!<\/a><\/strong><\/p>\n<\/div>\n<p>[analyse_source url=&#8221;https:\/\/www.opiniatimisoarei.ro\/ocazia-revansei-poli-timisoara-primeste-cugirul-echipa-care-a-invins-o-in-tur\/06\/03\/2026&#8243;]<\/p>\n","protected":false},"excerpt":{"rendered":"<p>[analyse_image type=&#8221;featured&#8221; src=&#8221;https:\/\/www.opiniatimisoarei.ro\/wp-content\/uploads\/2025\/10\/Poli-Ghiroda-8-728&#215;336.jpghttps:\/\/www.opiniatimisoarei.ro\/wp-content\/uploads\/2025\/10\/Poli-Ghiroda-8.jpg&#8221;] TIMISOARA. Dup\u0103 victoria la limit\u0103 ob\u021binut\u0103 \u00een prima etap\u0103 a anului la Ghiroda, Politehnica Timi\u0219oara prime\u0219te o alt\u0103 echip\u0103 candidat\u0103 la play-off, Metalurgistul Cugir. Gruparea din Alba ocup\u0103 ultima treapt\u0103 a podiumului. CITE\u0218TE \u0218I:Tr\u0103im din amintiri. 45 de ani de c\u00e2nd echipa de Cup\u0103 Davis a Rom\u00e2niei juca prima dat\u0103 la Timi\u0219oara. [&hellip;]<\/p>\n","protected":false},"author":1,"featured_media":0,"comment_status":"open","ping_status":"","sticky":false,"template":"","format":"standard","meta":{"footnotes":""},"categories":[89],"tags":[226,190],"class_list":["post-1814328","post","type-post","status-publish","format-standard","hentry","category-romania","tag-crawlmanager","tag-opiniatimisoarei-ro"],"_links":{"self":[{"href":"https:\/\/analyse.optim.biz\/index.php?rest_route=\/wp\/v2\/posts\/1814328","targetHints":{"allow":["GET"]}}],"collection":[{"href":"https:\/\/analyse.optim.biz\/index.php?rest_route=\/wp\/v2\/posts"}],"about":[{"href":"https:\/\/analyse.optim.biz\/index.php?rest_route=\/wp\/v2\/types\/post"}],"author":[{"embeddable":true,"href":"https:\/\/analyse.optim.biz\/index.php?rest_route=\/wp\/v2\/users\/1"}],"replies":[{"embeddable":true,"href":"https:\/\/analyse.optim.biz\/index.php?rest_route=%2Fwp%2Fv2%2Fcomments&post=1814328"}],"version-history":[{"count":0,"href":"https:\/\/analyse.optim.biz\/index.php?rest_route=\/wp\/v2\/posts\/1814328\/revisions"}],"wp:attachment":[{"href":"https:\/\/analyse.optim.biz\/index.php?rest_route=%2Fwp%2Fv2%2Fmedia&parent=1814328"}],"wp:term":[{"taxonomy":"category","embeddable":true,"href":"https:\/\/analyse.optim.biz\/index.php?rest_route=%2Fwp%2Fv2%2Fcategories&post=1814328"},{"taxonomy":"post_tag","embeddable":true,"href":"https:\/\/analyse.optim.biz\/index.php?rest_route=%2Fwp%2Fv2%2Ftags&post=1814328"}],"curies":[{"name":"wp","href":"https:\/\/api.w.org\/{rel}","templated":true}]}}